{"id":9893,"date":"2018-05-23T10:03:06","date_gmt":"2018-05-23T08:03:06","guid":{"rendered":"https:\/\/www.vcp.de\/pfadfinden\/?p=9893"},"modified":"2018-05-23T12:37:36","modified_gmt":"2018-05-23T10:37:36","slug":"tagung-der-bundesleitung-03-2018","status":"publish","type":"post","link":"https:\/\/vcp.de\/pfadfinden\/leitung-aktuell\/tagung-der-bundesleitung-03-2018\/","title":{"rendered":"Tagung der Bundesleitung 03.2018"},"content":{"rendered":"<p>Im Rahmen ihrer dritten Tagung in diesem Jahr vom 4. bis 6. Mai 2018 in Immenhausen, beriet und beschloss die Bundesleitung des VCP unter anderem die folgenden Themen:<\/p>\n<h2>Sanierung Bundeszentrale<\/h2>\n<p>Jan Behrendt (Generalsekret\u00e4r) und Heiko Meserle (Gesch\u00e4ftsf\u00fchrer) berichten vom aktuellen Stand der Planungen zur Sanierung der Bundeszentrale. Die \u00dcbergangsimmobilie wurde im M\u00e4rz bezogen, die Sanierungsarbeiten im Wichernweg laufen laut Plan.<\/p>\n<h2>Haushalt 2018<\/h2>\n<p>Die Bundesleitung nimmt den aktuellen Buchungsstand des Haushaltes 2018 zur Kenntnis. Gemeinsam werden zus\u00e4tzlich einzelne Haushaltspositionen durchgesprochen, Anpassungen vorgenommen und Fragen gekl\u00e4rt.<\/p>\n<h2>Dokumentation auf die Pl\u00e4tze gegen Hetze<\/h2>\n<p>Die erste Fassung der Dokumentation zu \u201eAuf die Pl\u00e4tze gegen Hetze\u201c liegt vor. Die Bundesleitung gibt R\u00fcckmeldung zur Arbeit der Projektgruppe. Ziel ist es, zur Bundesversammlung eine Endfassung vorliegen zu haben.<\/p>\n<h2>\u00dcberarbeitung Handreichung achtsam und aktiv im VCP<\/h2>\n<p>Gegenw\u00e4rtig liegt die Handreichung \u201eAchtsam und aktiv im VCP\u201c in der 3. \u00fcberarbeiteten Fassung von 2014 vor. In den vergangenen Jahren sind in der aktiven Pr\u00e4ventionsarbeit immer wieder Fragen aufgetaucht, die die Handreichung bisher nicht behandelt. Die Fachgruppe \u201eachtsam &amp; aktiv\u201c und die Pr\u00e4ventionsbeauftragte Esther Koch werden beauftragt, bis Ende des Jahres die Handreichung zu aktualisieren und zu erg\u00e4nzen. Dabei sollen die Inhalte auch in das neue Corporate Design des Verbandes \u00fcbertragen werden.<\/p>\n<h2>WWF-Kooperation<\/h2>\n<p>Auf Weltebene gibt es eine Kooperation zwischen WOSM und WWF. Der WWF Deutschland hat die Ringe gefragt, inwiefern eine Kooperation auf nationaler Ebene m\u00f6glich ist. Bei einem Treffen zwischen dem Ringe-Vorstand und Vertretern des WWF wurden M\u00f6glichkeiten einer Kooperation besprochen. Auf dem Ringeausschuss im Herbst soll eine Entscheidung getroffen werden. Die Bundesleitung will die Entscheidung ihren Nachfolgern \u00fcberlassen, da diese die Kooperation dann auch umsetzen m\u00fcssten. W\u00e4hrend der Sitzung werden Pro und Contras f\u00fcr eine Kooperation gesammelt, um diese der Nachfolge-Bundesleitung mitzugeben.<\/p>\n<h2>Vorbereitung Bundesversammlung 2018<\/h2>\n<p>Die Bundesleitung beriet \u00fcber die anstehende Bundesversammlung 2018. Schwerpunkt war dabei die Positionierung zu verschiedenen Antr\u00e4gen sowie Absprachen mit dem zeitgleich tagenden Bundesversammlungsvorstand beispielsweise zum Berichtswesen und inhaltlichen Themen. Der inhaltliche Schwerpunkt wird in diesem Jahr zur Pfadfindung sein.<\/p>\n<h2>On-\/Off-Boarding<\/h2>\n<p>Natascha Sonnenberg (Referat Projekte und Prozesse) hat gemeinsam mit der Bundesleitung im vergangenen Jahr erarbeitet, was ber\u00fccksichtigt werden muss, wenn \u00c4mtertr\u00e4ger*innen auf Bundesebene eine Aufgabe \u00fcbernehmen beziehungsweise abgeben. Dies beinhaltet zum Beispiel Zugang zur Cloud, die Einrichtung einer Mail-Adresse, aber auch das Thema \u00dcbergabe und Einarbeitung. Bundesversammlungsvorstand und Bundesratsvorsitz haben dazu nun Feedback gegeben, das die Bundesleitung bespricht. Das Dokument ist mit Ende der Bundesleitungssitzung fertig erstellt, die Umsetzung kann vorbereitet werden.<\/p>\n<h2>Vorbereitung \u00dcbergabe<\/h2>\n<p>Die Bundesleitung stimmt sich zum aktuellen Stand der Vorbereitung der \u00dcbergabe an eine neue Bundesleitung ab. Jedes Referat \u00fcbernimmt hier eigenverantwortlich das Zusammentragen von wichtigen Punkten und Dokumenten. Entwickelt wurde dazu ein Fragenkatalog, um bestimmte Bereiche pro Referat abzudecken.<\/p>\n<h2>N\u00e4chste Tagung<\/h2>\n<p>Dies war die letzte Sitzung der amtierenden Bundesleitung. Auf der Bundesversammlung 2018 endet die Amtszeit des Bundesvorstandes Gero W. Beisel, Thomas Kramer und Jule Lumma \u2013 und damit auch die Amtszeit dieser Bundesleitung, bestehend aus Natascha Sonnenberg (Referat Projekte und Prozesse), Fabienne Schwartz (Referat Bildung), Antje Zelmer und Neals Nowitzki (Referat Stufen und Inhalte), Fabian Loske und Oliver Mahn (Referat Internationales) sowie Jan Behrendt (Generalsekret\u00e4r). Wir sagen Tsch\u00fcss, Gut Pfad und DANKE an alle aufmerksamen Leser*innen von \u201eBundesebene AKTUELL!\u201c.<\/p>\n<p><a href=\"https:\/\/www.vcp.de\/pfadfinden\/wp-content\/uploads\/2018\/05\/bundesleitung2017.jpg\"><img loading=\"lazy\" decoding=\"async\" class=\"aligncenter size-medium wp-image-9894\" src=\"https:\/\/www.vcp.de\/pfadfinden\/wp-content\/uploads\/2018\/05\/bundesleitung2017-300x225.jpg\" alt=\"\" width=\"300\" height=\"225\" srcset=\"https:\/\/vcp.de\/pfadfinden\/wp-content\/uploads\/2018\/05\/bundesleitung2017-300x225.jpg 300w, https:\/\/vcp.de\/pfadfinden\/wp-content\/uploads\/2018\/05\/bundesleitung2017-768x577.jpg 768w, https:\/\/vcp.de\/pfadfinden\/wp-content\/uploads\/2018\/05\/bundesleitung2017.jpg 799w\" sizes=\"auto, (max-width: 300px) 100vw, 300px\" \/><\/a><\/p>\n<p><strong><a href=\"https:\/\/www.vcp.de\/pfadfinden\/wp-content\/uploads\/2018\/05\/Bundesleitung_aktuell_03_2018.pdf\" target=\"_blank\" rel=\"noopener\">Bundesleitung aktuell 03.2018<\/a><\/strong><\/p>\n","protected":false},"excerpt":{"rendered":"<p>Im Rahmen ihrer dritten Tagung in diesem Jahr vom 4. bis 6. Mai 2018 in Immenhausen, beriet und beschloss die Bundesleitung des VCP unter anderem die folgenden Themen: Sanierung Bundeszentrale Jan Behrendt (Generalsekret\u00e4r) und Heiko Meserle (Gesch\u00e4ftsf\u00fchrer) berichten vom aktuellen Stand der Planungen zur Sanierung der Bundeszentrale. Die \u00dcbergangsimmobilie wurde im M\u00e4rz bezogen, die Sanierungsarbeiten [&hellip;]<\/p>\n","protected":false},"author":16,"featured_media":9900,"comment_status":"closed","ping_status":"open","sticky":false,"template":"","format":"standard","meta":{"_acf_changed":false,"inline_featured_image":false,"footnotes":""},"categories":[160],"tags":[],"class_list":["post-9893","post","type-post","status-publish","format-standard","has-post-thumbnail","hentry","category-leitung-aktuell"],"acf":[],"_links":{"self":[{"href":"https:\/\/vcp.de\/pfadfinden\/wp-json\/wp\/v2\/posts\/9893","targetHints":{"allow":["GET"]}}],"collection":[{"href":"https:\/\/vcp.de\/pfadfinden\/wp-json\/wp\/v2\/posts"}],"about":[{"href":"https:\/\/vcp.de\/pfadfinden\/wp-json\/wp\/v2\/types\/post"}],"author":[{"embeddable":true,"href":"https:\/\/vcp.de\/pfadfinden\/wp-json\/wp\/v2\/users\/16"}],"replies":[{"embeddable":true,"href":"https:\/\/vcp.de\/pfadfinden\/wp-json\/wp\/v2\/comments?post=9893"}],"version-history":[{"count":0,"href":"https:\/\/vcp.de\/pfadfinden\/wp-json\/wp\/v2\/posts\/9893\/revisions"}],"wp:featuredmedia":[{"embeddable":true,"href":"https:\/\/vcp.de\/pfadfinden\/wp-json\/wp\/v2\/media\/9900"}],"wp:attachment":[{"href":"https:\/\/vcp.de\/pfadfinden\/wp-json\/wp\/v2\/media?parent=9893"}],"wp:term":[{"taxonomy":"category","embeddable":true,"href":"https:\/\/vcp.de\/pfadfinden\/wp-json\/wp\/v2\/categories?post=9893"},{"taxonomy":"post_tag","embeddable":true,"href":"https:\/\/vcp.de\/pfadfinden\/wp-json\/wp\/v2\/tags?post=9893"}],"curies":[{"name":"wp","href":"https:\/\/api.w.org\/{rel}","templated":true}]}}