{"id":9699,"date":"2018-05-11T10:30:43","date_gmt":"2018-05-11T08:30:43","guid":{"rendered":"http:\/\/www.vcp.de\/pfadfinden\/?p=9699"},"modified":"2018-05-11T13:45:35","modified_gmt":"2018-05-11T11:45:35","slug":"freiheit-spueren-bundesfahrt-2019","status":"publish","type":"post","link":"https:\/\/vcp.de\/pfadfinden\/bundesfahrt\/freiheit-spueren-bundesfahrt-2019\/","title":{"rendered":"Freiheit sp\u00fcren! \u2013 Bundesfahrt 2019"},"content":{"rendered":"<p><i>Von Anna J\u00fcttner &amp; Lukas Zintel<\/i><\/p>\n<p>Freiheit sp\u00fcren! Das ist doch das, was wir alle wollen. Wind um die Nase, m\u00fcde F\u00fc\u00dfe, und Abenteuer. Aber wie macht man das blo\u00df am geschicktesten? Wir h\u00e4tten da einen Vorschlag: die Bundesfahrt 2019.<\/p>\n<p><a href=\"https:\/\/www.vcp.de\/pfadfinden\/wp-content\/uploads\/2018\/04\/FB_Verabstaltung_Kopf.png\"><img loading=\"lazy\" decoding=\"async\" class=\"alignnone size-large wp-image-9818\" src=\"https:\/\/www.vcp.de\/pfadfinden\/wp-content\/uploads\/2018\/04\/FB_Verabstaltung_Kopf-1024x536.png\" alt=\"\" width=\"800\" height=\"419\" srcset=\"https:\/\/vcp.de\/pfadfinden\/wp-content\/uploads\/2018\/04\/FB_Verabstaltung_Kopf-1024x536.png 1024w, https:\/\/vcp.de\/pfadfinden\/wp-content\/uploads\/2018\/04\/FB_Verabstaltung_Kopf-300x157.png 300w, https:\/\/vcp.de\/pfadfinden\/wp-content\/uploads\/2018\/04\/FB_Verabstaltung_Kopf-768x402.png 768w\" sizes=\"auto, (max-width: 800px) 100vw, 800px\" \/><\/a>Die zweite VCP Bundesfahrt findet vom <strong>24.07. bis zum 06.08.2019<\/strong> im <strong>Dreil\u00e4ndereck \u00d6sterreich, Slowenien und Italien<\/strong> (#\u00f6sli) statt. In dieser Region ist f\u00fcr jedes Level an Fahrtenerfahrung etwas dabei: alpines Gebirge und Meeresk\u00fcste, Seen, W\u00e4lder, Fl\u00fcsse, gr\u00fcne Grenz\u00fcberg\u00e4nge und eine reiche, kulturelle Vielfalt.<\/p>\n<p>Jede Fahrt lebt von ihrer eigenen Dynamik. Selbstst\u00e4ndig mit der Gruppe im Unbekannten unterwegs sein-das bringt fast alles zusammen, was unser Pfadfinden ausmacht. Wir wollen euch bis zu dem Punkt zu begleiten, an dem euch dann wirklich der Wind um die Nase weht. Dazu wird es ein gemeinsames Vortreffen geben und regionale Mentor*innen werden euch bei der Planung eurer Fahrt unterst\u00fctzen. Wir freuen uns jetzt schon und sind sicher, dass ihr viel erleben werdet.<\/p>\n<p>Zum Nachlager treffen wir uns auf dem Zeltplatz <a href=\"http:\/\/www.techuana.at\/\">Techuana<\/a> der PP\u00d6 (Pfadfinder und Pfadfinderinnen \u00d6sterreichs). Hier freuen wir uns schon auf den Austausch mit euch \u00fcber all eure Fahrtenerlebnisse. Aber es soll auch Zeit zum Entspannen und Ausruhen in der Sonne sein.<\/p>\n<h3>Zielgruppe<\/h3>\n<p>Bei der Bundesfahrt teilnehmen k\u00f6nnen Gruppen der Pfadfinder*innen-Stufe (13 bis 16 Jahre), Ranger*Rover-Gruppen und interessierte Gruppenleitungen aus den angesprochenen Stufen, die die Methode Fahrt besser kennenlernen wollen.<\/p>\n<p>Das Angebot richtet sich nicht an ganze St\u00e4mme, sondern vielmehr an einzelne Gruppen aus diesen St\u00e4mmen, wobei es nat\u00fcrlich m\u00f6glich ist, dass mehrere Gruppen eines Stammes mitfahren. Genauso ist es m\u00f6glich, Gruppen zu mischen oder weitere \u00c4ltere als Gruppenleitung mitzunehmen.<\/p>\n<p>Aufgrund der Konzeption der Fahrt bleibt die Verantwortung und Aufsichtspflicht der Teilnehmer*innen bei der Gruppenleitung, die sie anmelden. Die Eltern melden dementsprechend ihre Kinder bei der Gruppenleitung an.<\/p>\n<h3>Kosten<\/h3>\n<p>Die Kosten f\u00fcr die Bundesfahrt betragen <strong>99\u20ac<\/strong>. Darin enthalten sind die regionalen Vorbereitungstreffen, das Nachlager und die Unterst\u00fctzung durch das Team der Bundesfahrt. Eure Fahrtenkasse ist frei von euch kalkulierbar. Darin sollten vor allem Verpflegung und Anreise vorgesehen werden, aber auch eine Reserve f\u00fcr besondere Dinge (z. B. Schwimmbad). Bei dieser Planung unterst\u00fctzen wir euch aber auch.<\/p>\n<h3>Voranmeldung<\/h3>\n<p>Ab sofort k\u00f6nnt ihr euch unter <a href=\"http:\/\/bundesfahrt.vcp.de\/voranmeldung\" target=\"_blank\" rel=\"noopener\">bundesfahrt.vcp.de\/voranmeldung<\/a> voranmelden. Die endg\u00fcltige Anmeldung startet im Herbst 2018. Denkt bitte daran, dass die Pl\u00e4tze leider begrenzt sind und erst die verbindliche Anmeldung entscheidend f\u00fcr die Zusage ist.<\/p>\n<h3>Kontakt<\/h3>\n<p>Weitere Informationen findet ihr immer auf <a href=\"http:\/\/bundesfahrt.vcp.de\">bundesfahrt.vcp.de<\/a>.<\/p>\n<p>Bei R\u00fcckfragen k\u00f6nnt ihr euch nat\u00fcrlich gerne bei uns melden <a href=\"mailto:bundesfahrt@vcp.de\">bundesfahrt@vcp.de<\/a> oder per Messenger unter 0151-57883793.<\/p>\n","protected":false},"excerpt":{"rendered":"<p>Von Anna J\u00fcttner &amp; Lukas Zintel Freiheit sp\u00fcren! Das ist doch das, was wir alle wollen. Wind um die Nase, m\u00fcde F\u00fc\u00dfe, und Abenteuer. Aber wie macht man das blo\u00df am geschicktesten? Wir h\u00e4tten da einen Vorschlag: die Bundesfahrt 2019. Die zweite VCP Bundesfahrt findet vom 24.07. bis zum 06.08.2019 im Dreil\u00e4ndereck \u00d6sterreich, Slowenien und [&hellip;]<\/p>\n","protected":false},"author":52,"featured_media":9818,"comment_status":"closed","ping_status":"open","sticky":false,"template":"","format":"standard","meta":{"_acf_changed":false,"inline_featured_image":false,"footnotes":""},"categories":[179],"tags":[186,309,314,313,311,307,310,312,308],"class_list":["post-9699","post","type-post","status-publish","format-standard","has-post-thumbnail","hentry","category-bundesfahrt","tag-bundesfahrt","tag-fahrt","tag-freiheit-spueren","tag-freiheitspueren","tag-italien","tag-oesli","tag-oesterreich","tag-slowenien","tag-vcpbufa19"],"acf":[],"_links":{"self":[{"href":"https:\/\/vcp.de\/pfadfinden\/wp-json\/wp\/v2\/posts\/9699","targetHints":{"allow":["GET"]}}],"collection":[{"href":"https:\/\/vcp.de\/pfadfinden\/wp-json\/wp\/v2\/posts"}],"about":[{"href":"https:\/\/vcp.de\/pfadfinden\/wp-json\/wp\/v2\/types\/post"}],"author":[{"embeddable":true,"href":"https:\/\/vcp.de\/pfadfinden\/wp-json\/wp\/v2\/users\/52"}],"replies":[{"embeddable":true,"href":"https:\/\/vcp.de\/pfadfinden\/wp-json\/wp\/v2\/comments?post=9699"}],"version-history":[{"count":0,"href":"https:\/\/vcp.de\/pfadfinden\/wp-json\/wp\/v2\/posts\/9699\/revisions"}],"wp:featuredmedia":[{"embeddable":true,"href":"https:\/\/vcp.de\/pfadfinden\/wp-json\/wp\/v2\/media\/9818"}],"wp:attachment":[{"href":"https:\/\/vcp.de\/pfadfinden\/wp-json\/wp\/v2\/media?parent=9699"}],"wp:term":[{"taxonomy":"category","embeddable":true,"href":"https:\/\/vcp.de\/pfadfinden\/wp-json\/wp\/v2\/categories?post=9699"},{"taxonomy":"post_tag","embeddable":true,"href":"https:\/\/vcp.de\/pfadfinden\/wp-json\/wp\/v2\/tags?post=9699"}],"curies":[{"name":"wp","href":"https:\/\/api.w.org\/{rel}","templated":true}]}}