{"id":954,"date":"2014-09-22T11:27:59","date_gmt":"2014-09-22T09:27:59","guid":{"rendered":"http:\/\/www.vcp.de\/pfadfinden\/?p=954"},"modified":"2015-12-03T14:37:20","modified_gmt":"2015-12-03T12:37:20","slug":"die-fg-afrika-betreut-die-leadersdelegation-simbabwe","status":"publish","type":"post","link":"https:\/\/vcp.de\/pfadfinden\/aus-dem-verband\/die-fg-afrika-betreut-die-leadersdelegation-simbabwe\/","title":{"rendered":"Die FG Afrika betreut die Leadersdelegation Simbabwe"},"content":{"rendered":"<p><em>Von Vera Steinberg, FG Afrika<\/em><\/p>\n<p>Endlich war es soweit: Wir durften die Delegation aus Simbabwe in Frankfurt empfangen. Es standen f\u00fcnf ereignissreiche Tage an: Wir wollten diskutieren, wo unsere Partnerschaft steht, uns austauschen, was wir erwarten, und am Ende eine Partnerschaftsvereinbarung unterschreiben. Damit legen wir den Grundstein f\u00fcr eine langfristige Partnerschaft zwischen dem VCP und den WAGGGS und WOSM Pfadfindern in Simbabwe. An der Vereinbarung arbeiteten wir als Fachgruppe Afrika schon lange gemeinsam mit der Bundesleitung und so waren wir sehr gespannt, wie unsere simbabwischen Partner auf unsere Ideen eingingen, welche sie selbst einbringen w\u00fcrden und wohin die Partnerschaft letztendlich f\u00fchrt. Wichtig war uns von Anfang an, eine Partnerschaft auf Augenh\u00f6he zu gestalten. Gleich vorneweg: Am Ende unterschrieben wir alle die Partnerschaftsvereinbarung und feierten gem\u00fctlich im Burgkeller der Burg Rieneck den Beginn einer (hoffentlich) langen Partnerschaft zwischen den drei Verb\u00e4nden. Die Erleichterung war uns wirklich anzumerken.<br \/>\nDie ersten drei Tage verbrachten wir in Kassel in der Bundeszentrale. Dort tauschten wir Informationen aus, wie die einzelnen Verb\u00e4nde aufgebaut sind, welche Projekte momentan wichtig sind und wie die Verb\u00e4nde vor Ort funktionieren. Interessant war f\u00fcr uns zum Beispiel, dass in Simbabwe die Pfadfinder viel st\u00e4rker in Schulen eingebettet sind, als bei uns. Und von unseren Moderationskoffern waren unsere G\u00e4ste hellauf begeistert &#8211; sie wurden abfotografiert und sollen nachgebaut werden!<br \/>\nAuch die strukturellen und finanziellen Unterschiede zwischen WAGGGS und WOSM waren neu f\u00fcr uns. Abends hatten wir Zeit &#8211; zum Reden, uns gegenseitig kennenzulernen, ein typsich deutsches und simbabwisches Essen zu genie\u00dfen und auch f\u00fcr einen Besuch nach Kassel Downtown hatten wir Zeit. Dann ging es auf die Burg Rieneck, wo die Simbabwer in das Fachgruppentreffen 03.2014 eingebunden waren. Sie waren sehr beeindruckt von der Burg (eine Turmf\u00fchrung stand auch auf dem Programm) und wir arbeiteten produktiv an unseren Vorstellungen einer Partnerschaft. Sch\u00f6n war auch, dass wir Gelegenheit hatten, die israelischen Delegierten kennenzulernen. So waren beide Partnerschaften des VCP auf dem Fachgruppentreffen vertreten.<\/p>\n<figure id=\"attachment_955\" aria-describedby=\"caption-attachment-955\" style=\"width: 800px\" class=\"wp-caption aligncenter\"><a href=\"https:\/\/www.vcp.de\/pfadfinden\/wp-content\/uploads\/2014\/09\/DSC05715.jpg\"><img loading=\"lazy\" decoding=\"async\" class=\"size-large wp-image-955\" src=\"https:\/\/www.vcp.de\/pfadfinden\/wp-content\/uploads\/2014\/09\/DSC05715-1024x576.jpg\" alt=\"Die G\u00e4ste aus Simbabwe gemeinsam mit Vertretern der FG Afrika, der Bundeszentrale und der Bundesleitung. \" width=\"800\" height=\"450\" srcset=\"https:\/\/vcp.de\/pfadfinden\/wp-content\/uploads\/2014\/09\/DSC05715-1024x576.jpg 1024w, https:\/\/vcp.de\/pfadfinden\/wp-content\/uploads\/2014\/09\/DSC05715-300x168.jpg 300w, https:\/\/vcp.de\/pfadfinden\/wp-content\/uploads\/2014\/09\/DSC05715.jpg 1920w\" sizes=\"auto, (max-width: 800px) 100vw, 800px\" \/><\/a><figcaption id=\"caption-attachment-955\" class=\"wp-caption-text\">Die G\u00e4ste aus Simbabwe gemeinsam mit Vertretern der FG Afrika, der Bundeszentrale und der Bundesleitung.<\/figcaption><\/figure>\n<p>Zwischendurch wurde heftig diskutiert, verschiedene Ideen aufgeschrieben und Ziele abgesteckt. Wichtig war, dass wir immer realistisch blieben und klar machten, dass beide Seiten keine endlosen Zeit- und Geldmittel zur Verf\u00fcgung haben. Ideen gibt es viele, aber k\u00f6nnen sie auch umgesetzt werden? Am Ende einigten wir uns auf eine Jahresplanung 2015, die sowohl Treffen der Partnergruppe vor Ort als auch Ideen, welche online umgesetzt werden k\u00f6nnen, beinhalten. So k\u00f6nnen wir den Kontakt aufrecht erhalten, ohne immer nach Simbabwe zu fahren oder sie hierher einzuladen.<br \/>\nWir als Fachgruppe bekamen einen Einblick in die internationale Arbeit, wurden mit Rat und Tat von der Bundesleitung und der Bundeszentrale unterst\u00fctzt und hatten f\u00fcnf Tage voller Spannung, Gespr\u00e4chen, Diskussionen und lustigen, teilweise auch anstrengenden Momenten. F\u00fcr uns ist klar: Wir machen weiter und freuen uns, dass die Partnerschaft jetzt richtig losgeht!<\/p>\n<p>[flickree photoset_id=&#8220;72157647884786421&#8243; type=&#8220;photoset&#8220; template=&#8220;caption&#8220;]<\/p>\n","protected":false},"excerpt":{"rendered":"<p>Von Vera Steinberg, FG Afrika Endlich war es soweit: Wir durften die Delegation aus Simbabwe in Frankfurt empfangen. Es standen f\u00fcnf ereignissreiche Tage an: Wir wollten diskutieren, wo unsere Partnerschaft steht, uns austauschen, was wir erwarten, und am Ende eine Partnerschaftsvereinbarung unterschreiben. Damit legen wir den Grundstein f\u00fcr eine langfristige Partnerschaft zwischen dem VCP und [&hellip;]<\/p>\n","protected":false},"author":16,"featured_media":0,"comment_status":"closed","ping_status":"open","sticky":false,"template":"","format":"standard","meta":{"_acf_changed":false,"inline_featured_image":false,"footnotes":""},"categories":[5],"tags":[97,26,28,24,27,25,11,15],"class_list":["post-954","post","type-post","status-publish","format-standard","hentry","category-aus-dem-verband","tag-afrika","tag-fachgruppentreffen","tag-kassel","tag-partnerschaft","tag-rieneck","tag-simbabwe","tag-wagggs","tag-wosm"],"acf":[],"_links":{"self":[{"href":"https:\/\/vcp.de\/pfadfinden\/wp-json\/wp\/v2\/posts\/954","targetHints":{"allow":["GET"]}}],"collection":[{"href":"https:\/\/vcp.de\/pfadfinden\/wp-json\/wp\/v2\/posts"}],"about":[{"href":"https:\/\/vcp.de\/pfadfinden\/wp-json\/wp\/v2\/types\/post"}],"author":[{"embeddable":true,"href":"https:\/\/vcp.de\/pfadfinden\/wp-json\/wp\/v2\/users\/16"}],"replies":[{"embeddable":true,"href":"https:\/\/vcp.de\/pfadfinden\/wp-json\/wp\/v2\/comments?post=954"}],"version-history":[{"count":0,"href":"https:\/\/vcp.de\/pfadfinden\/wp-json\/wp\/v2\/posts\/954\/revisions"}],"wp:attachment":[{"href":"https:\/\/vcp.de\/pfadfinden\/wp-json\/wp\/v2\/media?parent=954"}],"wp:term":[{"taxonomy":"category","embeddable":true,"href":"https:\/\/vcp.de\/pfadfinden\/wp-json\/wp\/v2\/categories?post=954"},{"taxonomy":"post_tag","embeddable":true,"href":"https:\/\/vcp.de\/pfadfinden\/wp-json\/wp\/v2\/tags?post=954"}],"curies":[{"name":"wp","href":"https:\/\/api.w.org\/{rel}","templated":true}]}}