{"id":9519,"date":"2018-04-05T11:22:46","date_gmt":"2018-04-05T09:22:46","guid":{"rendered":"http:\/\/www.vcp.de\/pfadfinden\/?p=9519"},"modified":"2018-05-03T08:39:58","modified_gmt":"2018-05-03T06:39:58","slug":"openhouse-gemiensam-spass-haben","status":"publish","type":"post","link":"https:\/\/vcp.de\/pfadfinden\/allgemein\/openhouse-gemiensam-spass-haben\/","title":{"rendered":"OpenHouse &#8211; Gemeinsam Spa\u00df haben!"},"content":{"rendered":"<p>Du leitest einen Stamm, oder eine Gruppe? Du planst Wochenendtripps und Lager?<br \/>\nEs vergehen unz\u00e4hlige Wochenenden, an denen du f\u00fcr dein liebstes Hobby in Gremien sitzt?<br \/>\nWann hast du denn das letzte Mal ein Wochenende bei den Pfadfindern verbracht, an dem es nur darum ging Spa\u00df zu haben?<\/p>\n<h5><strong>Wir bieten dir diese M\u00f6glichkeit!<\/strong><\/h5>\n<p>Vom 22. &#8211; 24.06.18 gibt es im Oberlinhaus viel Spiel, Spa\u00df und Zeit f\u00fcr gem\u00fctliches Miteinander.<br \/>\nSingerunden am Lagerfeuer und einfach mal wieder das genie\u00dfen, was uns alle so in seinen Bann zieht.<\/p>\n<p><em>Eingeladen sind alle in Stamm, Bezirk und Land ehemals und aktuell aktiven Pfadfinder*innen ab 16 Jahren.<\/em><br \/>\n<em>Noch nicht ganz vollj\u00e4hrige m\u00fcssen, wie \u00fcblich, die unterschriebene Erlaubnis ihrer Erziehungsberechtigen mitbringen.<\/em><br \/>\n<strong><br \/>\n<\/strong><\/p>\n<p><a href=\"https:\/\/www.vcp.de\/pfadfinden\/wp-content\/uploads\/2018\/04\/open_house_baden.jpg\"><img loading=\"lazy\" decoding=\"async\" class=\"size-full wp-image-9522 alignleft\" src=\"https:\/\/www.vcp.de\/pfadfinden\/wp-content\/uploads\/2018\/04\/open_house_baden.jpg\" alt=\"\" width=\"250\" height=\"167\" \/><\/a><\/p>\n<h5><strong>Was? <\/strong>OpenHouse &#8211; Gemeinsam Spa\u00df haben<strong><br \/>\nWann? <\/strong>22. &#8211; 24.06.18<strong><br \/>\nWo? <\/strong>Oberlin-Haus VCP Land Baden e.V.. 15, rue de l`Altenberg, F-67730 La Vancelle<strong><br \/>\nWer? <\/strong>Aktive und ehemalige Gruppenleiter*innen und Mitarbeiter*innen<strong><br \/>\nWie viel? <\/strong>25 Euro Teilnehmer*innenbeitrag<\/h5>\n<p>Da es sich um eine reine Spa\u00dfveranstaltung handelt, werden Fahrtkosten nicht erstattet.<br \/>\nBitte bildet Fahrgemeinschaften &#8211; der Geldbeutel und die Umwelt danken es euch!<br \/>\nHierf\u00fcr wird rechtzeitig vor der Veranstaltung eine Teilnehmer*innenliste verschickt.<\/p>\n<h5><strong>Anmelden k\u00f6nnt ihr euch unter <a href=\"https:\/\/vcp-baden.de\/service\/online-anmeldungen\/anmeldung-openhouse\">vcp-baden.de<\/a> <\/strong><br \/>\n<strong> Bei Fragen wendet euch an\u00a0<a href=\"mailto:openhouse@vcp-baden.de\">openhouse@vcp-baden.de<\/a>\u00a0<\/strong><\/h5>\n<p>Wir freuen uns auf euch!<\/p>\n<p>f\u00fcr das OpenHouse Team<br \/>\nMartin Pfliegensd\u00f6rfer<\/p>\n","protected":false},"excerpt":{"rendered":"<p>Du leitest einen Stamm, oder eine Gruppe? Du planst Wochenendtripps und Lager? Es vergehen unz\u00e4hlige Wochenenden, an denen du f\u00fcr dein liebstes Hobby in Gremien sitzt? Wann hast du denn das letzte Mal ein Wochenende bei den Pfadfindern verbracht, an dem es nur darum ging Spa\u00df zu haben? Wir bieten dir diese M\u00f6glichkeit! Vom 22. [&hellip;]<\/p>\n","protected":false},"author":42,"featured_media":0,"comment_status":"closed","ping_status":"open","sticky":false,"template":"","format":"standard","meta":{"_acf_changed":false,"inline_featured_image":false,"footnotes":""},"categories":[1],"tags":[297,298,290],"class_list":["post-9519","post","type-post","status-publish","format-standard","hentry","category-allgemein","tag-baden","tag-spass","tag-veranstaltung"],"acf":[],"_links":{"self":[{"href":"https:\/\/vcp.de\/pfadfinden\/wp-json\/wp\/v2\/posts\/9519","targetHints":{"allow":["GET"]}}],"collection":[{"href":"https:\/\/vcp.de\/pfadfinden\/wp-json\/wp\/v2\/posts"}],"about":[{"href":"https:\/\/vcp.de\/pfadfinden\/wp-json\/wp\/v2\/types\/post"}],"author":[{"embeddable":true,"href":"https:\/\/vcp.de\/pfadfinden\/wp-json\/wp\/v2\/users\/42"}],"replies":[{"embeddable":true,"href":"https:\/\/vcp.de\/pfadfinden\/wp-json\/wp\/v2\/comments?post=9519"}],"version-history":[{"count":0,"href":"https:\/\/vcp.de\/pfadfinden\/wp-json\/wp\/v2\/posts\/9519\/revisions"}],"wp:attachment":[{"href":"https:\/\/vcp.de\/pfadfinden\/wp-json\/wp\/v2\/media?parent=9519"}],"wp:term":[{"taxonomy":"category","embeddable":true,"href":"https:\/\/vcp.de\/pfadfinden\/wp-json\/wp\/v2\/categories?post=9519"},{"taxonomy":"post_tag","embeddable":true,"href":"https:\/\/vcp.de\/pfadfinden\/wp-json\/wp\/v2\/tags?post=9519"}],"curies":[{"name":"wp","href":"https:\/\/api.w.org\/{rel}","templated":true}]}}