{"id":925,"date":"2014-09-01T08:00:56","date_gmt":"2014-09-01T06:00:56","guid":{"rendered":"http:\/\/www.vcp.de\/pfadfinden\/?p=925"},"modified":"2014-11-11T11:01:42","modified_gmt":"2014-11-11T09:01:42","slug":"fundstueck-der-woche-noch-mehr-volldampf","status":"publish","type":"post","link":"https:\/\/vcp.de\/pfadfinden\/vcp-bundesarchiv\/fundstueck-der-woche-noch-mehr-volldampf\/","title":{"rendered":"Fundst\u00fcck der Woche: Noch mehr Volldampf!"},"content":{"rendered":"<p><a href=\"https:\/\/www.vcp.de\/pfadfinden\/wp-content\/uploads\/2014\/09\/29-Bundeslager-Schweiz-1980-Lokographie-8.jpg\"><img loading=\"lazy\" decoding=\"async\" class=\"alignright size-medium wp-image-929\" src=\"https:\/\/www.vcp.de\/pfadfinden\/wp-content\/uploads\/2014\/09\/29-Bundeslager-Schweiz-1980-Lokographie-8-300x201.jpg\" alt=\"29 Bundeslager Schweiz 1980, Lokographie  (8)\" width=\"300\" height=\"201\" srcset=\"https:\/\/vcp.de\/pfadfinden\/wp-content\/uploads\/2014\/09\/29-Bundeslager-Schweiz-1980-Lokographie-8-300x201.jpg 300w, https:\/\/vcp.de\/pfadfinden\/wp-content\/uploads\/2014\/09\/29-Bundeslager-Schweiz-1980-Lokographie-8-1024x686.jpg 1024w\" sizes=\"auto, (max-width: 300px) 100vw, 300px\" \/><\/a> Auf der Suche nach Motiven f\u00fcr das Thema \u201ePfadfinden und Eisenbahn\u201c \u2013 liegt ja nahe bei dem Motto unseres Bundeslagers \u2013 fiel mir im Archiv fast die Schachtel aus den H\u00e4nden: Da haben die Schweizer 1980 eine kleine Lokomotive namens Berta gebaut und durch ihr Bundeslager-Gel\u00e4nde eine ganze Schmalspur-Schienenstrecke verlegt! Teillager bauten ihre Bahnh\u00f6fe, es gab einen richtigen Fahrplan und eigenwillig gestaltete Wagen aller Art. Ein bisschen neidisch kann man auf diese technische Meisterleistung schon werden\u2026<\/p>\n<p>In der hier vorgestellten \u201eLokographie\u201c beschreibt Berta selbst ihre Erlebnisse auf Schwizerd\u00fctsch \u2013 so erfolgreich, dass im VCP-Bundesarchiv schon die zweite Auflage von 1981 liegt.<\/p>\n<div id='gallery-1' class='gallery galleryid-925 gallery-columns-4 gallery-size-thumbnail'><figure class='gallery-item'>\n\t\t\t<div class='gallery-icon landscape'>\n\t\t\t\t<a href='https:\/\/vcp.de\/pfadfinden\/wp-content\/uploads\/2014\/09\/29-Bundeslager-Schweiz-1980-Lokographie-5.jpg'><img loading=\"lazy\" decoding=\"async\" width=\"150\" height=\"150\" src=\"https:\/\/vcp.de\/pfadfinden\/wp-content\/uploads\/2014\/09\/29-Bundeslager-Schweiz-1980-Lokographie-5-150x150.jpg\" class=\"attachment-thumbnail size-thumbnail\" alt=\"\" \/><\/a>\n\t\t\t<\/div><\/figure><figure class='gallery-item'>\n\t\t\t<div class='gallery-icon landscape'>\n\t\t\t\t<a href='https:\/\/vcp.de\/pfadfinden\/wp-content\/uploads\/2014\/09\/29-Bundeslager-Schweiz-1980-Lokographie-7.jpg'><img loading=\"lazy\" decoding=\"async\" width=\"150\" height=\"150\" src=\"https:\/\/vcp.de\/pfadfinden\/wp-content\/uploads\/2014\/09\/29-Bundeslager-Schweiz-1980-Lokographie-7-150x150.jpg\" class=\"attachment-thumbnail size-thumbnail\" alt=\"\" \/><\/a>\n\t\t\t<\/div><\/figure><figure class='gallery-item'>\n\t\t\t<div class='gallery-icon landscape'>\n\t\t\t\t<a href='https:\/\/vcp.de\/pfadfinden\/wp-content\/uploads\/2014\/09\/29-Bundeslager-Schweiz-1980-Lokographie-6.jpg'><img loading=\"lazy\" decoding=\"async\" width=\"150\" height=\"150\" src=\"https:\/\/vcp.de\/pfadfinden\/wp-content\/uploads\/2014\/09\/29-Bundeslager-Schweiz-1980-Lokographie-6-150x150.jpg\" class=\"attachment-thumbnail size-thumbnail\" alt=\"\" \/><\/a>\n\t\t\t<\/div><\/figure><figure class='gallery-item'>\n\t\t\t<div class='gallery-icon landscape'>\n\t\t\t\t<a href='https:\/\/vcp.de\/pfadfinden\/wp-content\/uploads\/2014\/09\/29-Bundeslager-Schweiz-1980-Lokographie-9.jpg'><img loading=\"lazy\" decoding=\"async\" width=\"150\" height=\"150\" src=\"https:\/\/vcp.de\/pfadfinden\/wp-content\/uploads\/2014\/09\/29-Bundeslager-Schweiz-1980-Lokographie-9-150x150.jpg\" class=\"attachment-thumbnail size-thumbnail\" alt=\"\" \/><\/a>\n\t\t\t<\/div><\/figure>\n\t\t<\/div>\n\n","protected":false},"excerpt":{"rendered":"<p>Auf der Suche nach Motiven f\u00fcr das Thema \u201ePfadfinden und Eisenbahn\u201c \u2013 liegt ja nahe bei dem Motto unseres Bundeslagers \u2013 fiel mir im Archiv fast die Schachtel aus den H\u00e4nden: Da haben die Schweizer 1980 eine kleine Lokomotive namens Berta gebaut und durch ihr Bundeslager-Gel\u00e4nde eine ganze Schmalspur-Schienenstrecke verlegt! Teillager bauten ihre Bahnh\u00f6fe, es [&hellip;]<\/p>\n","protected":false},"author":52,"featured_media":0,"comment_status":"closed","ping_status":"open","sticky":false,"template":"","format":"standard","meta":{"_acf_changed":false,"inline_featured_image":false,"footnotes":""},"categories":[23],"tags":[],"class_list":["post-925","post","type-post","status-publish","format-standard","hentry","category-vcp-bundesarchiv"],"acf":[],"_links":{"self":[{"href":"https:\/\/vcp.de\/pfadfinden\/wp-json\/wp\/v2\/posts\/925","targetHints":{"allow":["GET"]}}],"collection":[{"href":"https:\/\/vcp.de\/pfadfinden\/wp-json\/wp\/v2\/posts"}],"about":[{"href":"https:\/\/vcp.de\/pfadfinden\/wp-json\/wp\/v2\/types\/post"}],"author":[{"embeddable":true,"href":"https:\/\/vcp.de\/pfadfinden\/wp-json\/wp\/v2\/users\/52"}],"replies":[{"embeddable":true,"href":"https:\/\/vcp.de\/pfadfinden\/wp-json\/wp\/v2\/comments?post=925"}],"version-history":[{"count":0,"href":"https:\/\/vcp.de\/pfadfinden\/wp-json\/wp\/v2\/posts\/925\/revisions"}],"wp:attachment":[{"href":"https:\/\/vcp.de\/pfadfinden\/wp-json\/wp\/v2\/media?parent=925"}],"wp:term":[{"taxonomy":"category","embeddable":true,"href":"https:\/\/vcp.de\/pfadfinden\/wp-json\/wp\/v2\/categories?post=925"},{"taxonomy":"post_tag","embeddable":true,"href":"https:\/\/vcp.de\/pfadfinden\/wp-json\/wp\/v2\/tags?post=925"}],"curies":[{"name":"wp","href":"https:\/\/api.w.org\/{rel}","templated":true}]}}