{"id":9165,"date":"2018-04-04T14:32:06","date_gmt":"2018-04-04T12:32:06","guid":{"rendered":"http:\/\/www.vcp.de\/pfadfinden\/?p=9165"},"modified":"2018-04-04T19:22:09","modified_gmt":"2018-04-04T17:22:09","slug":"16-world-jamboree-1987-1988-australien","status":"publish","type":"post","link":"https:\/\/vcp.de\/pfadfinden\/allgemein\/16-world-jamboree-1987-1988-australien\/","title":{"rendered":"16. World Jamboree 1987 \/ 1988 &#8211; Australien"},"content":{"rendered":"<p>von Therese Zimkowsky<\/p>\n<p>Troop 721 \u2013 Lower Saxony \u2013 Subcamp Koala \u2013 so lautete die Anschrift des Trupps, der sich zu einem Wiedersehen nach 30 Jahren auf dem Jugendzeltplatz Almke vom 19. bis 21. Januar 2018 traf.<br \/>\nDas Treffen wurde von der einstigen Truppleitung organisiert und durchgef\u00fchrt.<\/p>\n<p>Das Datum zum Wiedersehen wurde sehr bewusst gew\u00e4hlt, weil am 20. Januar 1988 das Flugzeug aus Sydney Richtung Rom startete, von wo aus die einzelnen Trupps ihre letzte Etappe nach Hause antraten.<\/p>\n<figure id=\"attachment_9168\" aria-describedby=\"caption-attachment-9168\" style=\"width: 300px\" class=\"wp-caption aligncenter\"><a href=\"https:\/\/www.vcp.de\/pfadfinden\/wp-content\/uploads\/2018\/04\/Green-Island-Great-Barrier-Reef-692_image441.jpg\"><img loading=\"lazy\" decoding=\"async\" class=\"size-medium wp-image-9168\" src=\"https:\/\/www.vcp.de\/pfadfinden\/wp-content\/uploads\/2018\/04\/Green-Island-Great-Barrier-Reef-692_image441-300x198.jpg\" alt=\"\" width=\"300\" height=\"198\" srcset=\"https:\/\/vcp.de\/pfadfinden\/wp-content\/uploads\/2018\/04\/Green-Island-Great-Barrier-Reef-692_image441-300x198.jpg 300w, https:\/\/vcp.de\/pfadfinden\/wp-content\/uploads\/2018\/04\/Green-Island-Great-Barrier-Reef-692_image441-768x508.jpg 768w, https:\/\/vcp.de\/pfadfinden\/wp-content\/uploads\/2018\/04\/Green-Island-Great-Barrier-Reef-692_image441-1024x677.jpg 1024w\" sizes=\"auto, (max-width: 300px) 100vw, 300px\" \/><\/a><figcaption id=\"caption-attachment-9168\" class=\"wp-caption-text\">Foto: Therese Zimkowsky<\/figcaption><\/figure>\n<h4>\u00dcber Weihnachten und Neujahr erlebten die VCP-Trupps eine au\u00dfergew\u00f6hnliche Ma\u00dfnahme in drei Teilen:<\/h4>\n<ol>\n<li>Familienaufenthalt vom 22. bis 30. Dezember 1987 in der Region der Blue Mountains, New South Wales, westlich von Sydney<\/li>\n<li>World Jamboree vom 31. Dezember 1987 bis 09. Januar 1988 mit ca. 15.000 Pfadfinderinnen und Pfadfindern im Cataract Scout Park, Campbelltown, New South Wales<\/li>\n<li>Nachprogramm der Trupps vom 10. bis 19. Januar 1988, das den Trupp Niedersachsen nach Queensland entlang der K\u00fcste bis Cairns f\u00fchrte<\/li>\n<\/ol>\n<p>Zum VCP-Trupp 721 geh\u00f6rten gesamt 43 Pfadfinderinnen und Pfadfinder aus Niedersachsen inclusive ihrer vierk\u00f6pfigen Truppleitung. Wer nach so vielen Jahren ein Wiedersehen organisiert, kann auch mit traurigen Nachrichten konfrontiert werden. Wir trauern um drei Truppmitglieder, die wir im Raum der Stille wieder in unsere Runde aufnahmen und an sie dachten. Zu den Familien der Verstorbenen besteht ein guter Kontakt. Sch\u00f6n war der Besuch von Sandra Pasch mit ihren beiden T\u00f6chtern, die ihren Vater sehr fr\u00fch verloren und die Gelegenheit wahrnahmen, viel \u00fcber ihren Vater zu erfahren von Menschen, die ein gemeinsames Erlebnis mit ihm hatten. Sie f\u00fchlten sich wohl, geh\u00f6rten wie selbstverst\u00e4ndlich dazu.<\/p>\n<p><a href=\"https:\/\/www.vcp.de\/pfadfinden\/wp-content\/uploads\/2018\/04\/Truppfoto_Montage_1988.jpg\"><img loading=\"lazy\" decoding=\"async\" class=\"size-medium wp-image-9172 aligncenter\" src=\"https:\/\/www.vcp.de\/pfadfinden\/wp-content\/uploads\/2018\/04\/Truppfoto_Montage_1988-300x207.jpg\" alt=\"\" width=\"300\" height=\"207\" srcset=\"https:\/\/vcp.de\/pfadfinden\/wp-content\/uploads\/2018\/04\/Truppfoto_Montage_1988-300x207.jpg 300w, https:\/\/vcp.de\/pfadfinden\/wp-content\/uploads\/2018\/04\/Truppfoto_Montage_1988-768x529.jpg 768w, https:\/\/vcp.de\/pfadfinden\/wp-content\/uploads\/2018\/04\/Truppfoto_Montage_1988-1024x706.jpg 1024w, https:\/\/vcp.de\/pfadfinden\/wp-content\/uploads\/2018\/04\/Truppfoto_Montage_1988.jpg 1654w\" sizes=\"auto, (max-width: 300px) 100vw, 300px\" \/><\/a><\/p>\n<figure id=\"attachment_9180\" aria-describedby=\"caption-attachment-9180\" style=\"width: 300px\" class=\"wp-caption aligncenter\"><a href=\"https:\/\/www.vcp.de\/pfadfinden\/wp-content\/uploads\/2018\/04\/Trupptreffen-Almke_Truppfoto-2018_20180120_16_45_31_Pro.jpg\"><img loading=\"lazy\" decoding=\"async\" class=\"size-medium wp-image-9180\" src=\"https:\/\/www.vcp.de\/pfadfinden\/wp-content\/uploads\/2018\/04\/Trupptreffen-Almke_Truppfoto-2018_20180120_16_45_31_Pro-300x169.jpg\" alt=\"\" width=\"300\" height=\"169\" srcset=\"https:\/\/vcp.de\/pfadfinden\/wp-content\/uploads\/2018\/04\/Trupptreffen-Almke_Truppfoto-2018_20180120_16_45_31_Pro-300x169.jpg 300w, https:\/\/vcp.de\/pfadfinden\/wp-content\/uploads\/2018\/04\/Trupptreffen-Almke_Truppfoto-2018_20180120_16_45_31_Pro-768x432.jpg 768w, https:\/\/vcp.de\/pfadfinden\/wp-content\/uploads\/2018\/04\/Trupptreffen-Almke_Truppfoto-2018_20180120_16_45_31_Pro-1024x576.jpg 1024w\" sizes=\"auto, (max-width: 300px) 100vw, 300px\" \/><\/a><figcaption id=\"caption-attachment-9180\" class=\"wp-caption-text\">Fotos: Therese Zimkowsky<\/figcaption><\/figure>\n<p>Von den 40 Verbliebenen wollten 33 zum Wiedersehen kommen. Einige mussten aus Berufs- und Krankheitsgr\u00fcnden kurzfristig wieder absagen. Immerhin trafen sich 28 Mitglieder, die aus USA, Bayern und Norddeutschland anreisten.<br \/>\nAus Wolfsburg geh\u00f6rten zum Trupp drei Menschen mit geistigen Beeintr\u00e4chtigungen, die ebenfalls am Wiedersehen teilnahmen und sich sofort wieder in die Runde einf\u00fcgten.<\/p>\n<blockquote><p>Alles in allem herrschte an diesem Wochenende die gleiche Vertrautheit wie vor 30 Jahren. Allein f\u00fcr dieses Gef\u00fchl und f\u00fcr diese Erfahrung hat sich das Wiedersehen gelohnt.<\/p><\/blockquote>\n<p>Ein tolles Erlebnis war auch das Aufklingen des einstigen sangesstarken Trupps, der damals in der Lage war, Touristen vom Strand zu holen, sobald jemand die Gitarre erklingen lie\u00df. Die Sangesfreude ist immer noch vorhanden und teils konnten wir die einstige Stimmenqualit\u00e4t wieder abrufen, zumindest aber nachempfinden.<\/p>\n<p>Es war sch\u00f6n und interessant zu h\u00f6ren, was aus den damaligen Jugendlichen geworden ist. Wir wollten am Wochenende \u00fcber die pers\u00f6nlichen Erz\u00e4hlungen hinaus als wichtiges Thema die Gestaltung des Lebens im Hier und Jetzt erfahren. Dar\u00fcber wurde nicht theoretisiert und das gelang sehr gut. Es wurde deutlich, dass viele heute ein intensives gesellschaftliches Engagement in ihrem Wohn- und Lebensbereich leben.<\/p>\n<p>Bei einem weiteren inhaltlichen Punkt unterst\u00fctzte Ulrich Delius, der Direktor der Gesellschaft f\u00fcr bedrohte V\u00f6lker. Er hielt ein sehr interessantes Referat \u00fcber das Verst\u00e4ndnis und \u00fcber die Anerkennung der Aboriginal People, zu dem sich gerade in den letzten 30 Jahren in Australien sehr viel entwickelt hat, was w\u00e4hrend der Olympiade 2000 weltweit \u00f6ffentlich und sichtbar wurde. Ulrich Delius war angetan vom anschlie\u00dfenden Gespr\u00e4ch und war beeindruckt \u00fcber die hohe Sensibilit\u00e4t der Beteiligten. Diese Einsch\u00e4tzung des Referenten bezeugt, was wir eigentlich wissen, ahnen und hoffen, dass unsere Bem\u00fchungen nachhaltig sind, wenn jungen Menschen selbstverantwortliche Lern- und Erfahrungsfelder zur Verf\u00fcgung stehen.<\/p>\n<blockquote><p>Unser vorhandener Truppfilm ist digitalisiert, wird aber demn\u00e4chst neu nach den heutigen technischen M\u00f6glichkeiten zusammengestellt. Das freute alle Anwesenden, die schon den alten Film genossen und gespannt auf die neue Version warten.<\/p><\/blockquote>\n<p>Wir sind dankbar f\u00fcr die Reflexionen der Teilnehmerinnen und Teilnehmer. Jemand schrieb: \u201eDas Wochenende war sehr sch\u00f6n und hat gut getan. Unterwegs wurde mir bewusst, warum: Es hat mich komplett gefordert und damit g\u00e4nzlich aus meinem Alltag geholt. Ein Wochenende ganz ohne Gedanken an das, was getan und erledigt werden muss. Es galt nur das Hier und Jetzt! Lebe jetzt! Das war gut! Mehr davon!\u201c<\/p>\n<figure id=\"attachment_9167\" aria-describedby=\"caption-attachment-9167\" style=\"width: 300px\" class=\"wp-caption aligncenter\"><a href=\"https:\/\/www.vcp.de\/pfadfinden\/wp-content\/uploads\/2018\/04\/Great-Barrier-Reef-648_image403.jpg\"><img loading=\"lazy\" decoding=\"async\" class=\"size-medium wp-image-9167\" src=\"https:\/\/www.vcp.de\/pfadfinden\/wp-content\/uploads\/2018\/04\/Great-Barrier-Reef-648_image403-300x197.jpg\" alt=\"\" width=\"300\" height=\"197\" srcset=\"https:\/\/vcp.de\/pfadfinden\/wp-content\/uploads\/2018\/04\/Great-Barrier-Reef-648_image403-300x197.jpg 300w, https:\/\/vcp.de\/pfadfinden\/wp-content\/uploads\/2018\/04\/Great-Barrier-Reef-648_image403-768x504.jpg 768w, https:\/\/vcp.de\/pfadfinden\/wp-content\/uploads\/2018\/04\/Great-Barrier-Reef-648_image403-1024x672.jpg 1024w\" sizes=\"auto, (max-width: 300px) 100vw, 300px\" \/><\/a><figcaption id=\"caption-attachment-9167\" class=\"wp-caption-text\">Foto: Therese Zimkowsky<\/figcaption><\/figure>\n<h3>Aus dem Bericht f\u00fcr den Jugendhilfeausschuss vom M\u00e4rz 1988<\/h3>\n<ol>\n<li>Unser Webrahmen am Eingang zum Truppgel\u00e4nde diente der Kommunikation. Das Weben und das Reden wurden intensiv genutzt. So besuchte uns z.B. regelm\u00e4\u00dfig ein neuseel\u00e4ndischer Pfadfinder, der durch die Schule sehr viel \u00fcber die Bundesrepublik Deutschland wusste. Und weil er, wie er meinte, aus einem eher \u201eweltpolitisch unwichtigen Land\u201c kommt, das \u00fcber kein Milit\u00e4r verf\u00fcgte, wollte er unbedingt von Deutschen wissen,\u00a0 wie es denn so sei mit der Situation in Ost und West und wie es sich mit dem Milit\u00e4r auf beiden Seiten verh\u00e4lt. Unsere Truppmitglieder waren stark gefordert, Position zu beziehen und Meinung zu \u00e4u\u00dfern.<\/li>\n<li>Die Wirkung der Medien war bei einigen Beobachtungen unserer Truppmitglieder un\u00fcbersehbar, wie hier zum Thema Apartheit. Einige Truppmitglieder kamen von einem Besuch bei den s\u00fcdafrikanischen Pfadfindern ziemlich entr\u00fcstet zur\u00fcck. Zum Trupp geh\u00f6rten lediglich zwei farbige Pfadfinder, die abseits der anderen Zelte in einem separaten Zelt untergebracht waren. Die Entr\u00fcstung und die Sensibilit\u00e4t f\u00fcr Ausgrenzungen galten nur f\u00fcr S\u00fcdafrika, nicht f\u00fcr andere Nationen, in deren Trupps ebenfalls kaum Mitglieder anderer ethnischer Zugeh\u00f6rigkeiten vorhanden waren. Gespr\u00e4che dar\u00fcber und \u00fcber die Entwicklung einer gesellschaftlichen Wandlung schlossen sich unter denen an, die dasselbe Erlebnis hatten.<\/li>\n<\/ol>\n<div id='gallery-1' class='gallery galleryid-9165 gallery-columns-5 gallery-size-thumbnail'><figure class='gallery-item'>\n\t\t\t<div class='gallery-icon landscape'>\n\t\t\t\t<a href='https:\/\/vcp.de\/pfadfinden\/wp-content\/uploads\/2018\/04\/Lagertor-376_image132.jpg'><img loading=\"lazy\" decoding=\"async\" width=\"150\" height=\"150\" src=\"https:\/\/vcp.de\/pfadfinden\/wp-content\/uploads\/2018\/04\/Lagertor-376_image132-150x150.jpg\" class=\"attachment-thumbnail size-thumbnail\" alt=\"\" srcset=\"https:\/\/vcp.de\/pfadfinden\/wp-content\/uploads\/2018\/04\/Lagertor-376_image132-150x150.jpg 150w, https:\/\/vcp.de\/pfadfinden\/wp-content\/uploads\/2018\/04\/Lagertor-376_image132-45x45.jpg 45w\" sizes=\"auto, (max-width: 150px) 100vw, 150px\" \/><\/a>\n\t\t\t<\/div><\/figure><figure class='gallery-item'>\n\t\t\t<div class='gallery-icon landscape'>\n\t\t\t\t<a href='https:\/\/vcp.de\/pfadfinden\/wp-content\/uploads\/2018\/04\/Lagertor-377_image273.jpg'><img loading=\"lazy\" decoding=\"async\" width=\"150\" height=\"150\" src=\"https:\/\/vcp.de\/pfadfinden\/wp-content\/uploads\/2018\/04\/Lagertor-377_image273-150x150.jpg\" class=\"attachment-thumbnail size-thumbnail\" alt=\"\" srcset=\"https:\/\/vcp.de\/pfadfinden\/wp-content\/uploads\/2018\/04\/Lagertor-377_image273-150x150.jpg 150w, https:\/\/vcp.de\/pfadfinden\/wp-content\/uploads\/2018\/04\/Lagertor-377_image273-45x45.jpg 45w\" sizes=\"auto, (max-width: 150px) 100vw, 150px\" \/><\/a>\n\t\t\t<\/div><\/figure><figure class='gallery-item'>\n\t\t\t<div class='gallery-icon landscape'>\n\t\t\t\t<a href='https:\/\/vcp.de\/pfadfinden\/wp-content\/uploads\/2018\/04\/Regenwald-Kuranda-584_image198.jpg'><img loading=\"lazy\" decoding=\"async\" width=\"150\" height=\"150\" src=\"https:\/\/vcp.de\/pfadfinden\/wp-content\/uploads\/2018\/04\/Regenwald-Kuranda-584_image198-150x150.jpg\" class=\"attachment-thumbnail size-thumbnail\" alt=\"\" srcset=\"https:\/\/vcp.de\/pfadfinden\/wp-content\/uploads\/2018\/04\/Regenwald-Kuranda-584_image198-150x150.jpg 150w, https:\/\/vcp.de\/pfadfinden\/wp-content\/uploads\/2018\/04\/Regenwald-Kuranda-584_image198-45x45.jpg 45w\" sizes=\"auto, (max-width: 150px) 100vw, 150px\" \/><\/a>\n\t\t\t<\/div><\/figure><figure class='gallery-item'>\n\t\t\t<div class='gallery-icon landscape'>\n\t\t\t\t<a href='https:\/\/vcp.de\/pfadfinden\/wp-content\/uploads\/2018\/04\/Trupptreffe-Almke_20180120_12_02_03_Pro.jpg'><img loading=\"lazy\" decoding=\"async\" width=\"150\" height=\"150\" src=\"https:\/\/vcp.de\/pfadfinden\/wp-content\/uploads\/2018\/04\/Trupptreffe-Almke_20180120_12_02_03_Pro-150x150.jpg\" class=\"attachment-thumbnail size-thumbnail\" alt=\"\" srcset=\"https:\/\/vcp.de\/pfadfinden\/wp-content\/uploads\/2018\/04\/Trupptreffe-Almke_20180120_12_02_03_Pro-150x150.jpg 150w, https:\/\/vcp.de\/pfadfinden\/wp-content\/uploads\/2018\/04\/Trupptreffe-Almke_20180120_12_02_03_Pro-45x45.jpg 45w\" sizes=\"auto, (max-width: 150px) 100vw, 150px\" \/><\/a>\n\t\t\t<\/div><\/figure><figure class='gallery-item'>\n\t\t\t<div class='gallery-icon landscape'>\n\t\t\t\t<a href='https:\/\/vcp.de\/pfadfinden\/wp-content\/uploads\/2018\/04\/Trupptreffen-Almke_20180119_21_40_25_Pro.jpg'><img loading=\"lazy\" decoding=\"async\" width=\"150\" height=\"150\" src=\"https:\/\/vcp.de\/pfadfinden\/wp-content\/uploads\/2018\/04\/Trupptreffen-Almke_20180119_21_40_25_Pro-150x150.jpg\" class=\"attachment-thumbnail size-thumbnail\" alt=\"\" srcset=\"https:\/\/vcp.de\/pfadfinden\/wp-content\/uploads\/2018\/04\/Trupptreffen-Almke_20180119_21_40_25_Pro-150x150.jpg 150w, https:\/\/vcp.de\/pfadfinden\/wp-content\/uploads\/2018\/04\/Trupptreffen-Almke_20180119_21_40_25_Pro-45x45.jpg 45w\" sizes=\"auto, (max-width: 150px) 100vw, 150px\" \/><\/a>\n\t\t\t<\/div><\/figure><figure class='gallery-item'>\n\t\t\t<div class='gallery-icon landscape'>\n\t\t\t\t<a href='https:\/\/vcp.de\/pfadfinden\/wp-content\/uploads\/2018\/04\/Trupptreffen-Almke_20180119_23_15_34_Pro.jpg'><img loading=\"lazy\" decoding=\"async\" width=\"150\" height=\"150\" src=\"https:\/\/vcp.de\/pfadfinden\/wp-content\/uploads\/2018\/04\/Trupptreffen-Almke_20180119_23_15_34_Pro-150x150.jpg\" class=\"attachment-thumbnail size-thumbnail\" alt=\"\" srcset=\"https:\/\/vcp.de\/pfadfinden\/wp-content\/uploads\/2018\/04\/Trupptreffen-Almke_20180119_23_15_34_Pro-150x150.jpg 150w, https:\/\/vcp.de\/pfadfinden\/wp-content\/uploads\/2018\/04\/Trupptreffen-Almke_20180119_23_15_34_Pro-45x45.jpg 45w\" sizes=\"auto, (max-width: 150px) 100vw, 150px\" \/><\/a>\n\t\t\t<\/div><\/figure><figure class='gallery-item'>\n\t\t\t<div class='gallery-icon landscape'>\n\t\t\t\t<a href='https:\/\/vcp.de\/pfadfinden\/wp-content\/uploads\/2018\/04\/Trupptreffen-Almke_20180120_12_01_51_Pro.jpg'><img loading=\"lazy\" decoding=\"async\" width=\"150\" height=\"150\" src=\"https:\/\/vcp.de\/pfadfinden\/wp-content\/uploads\/2018\/04\/Trupptreffen-Almke_20180120_12_01_51_Pro-150x150.jpg\" class=\"attachment-thumbnail size-thumbnail\" alt=\"\" srcset=\"https:\/\/vcp.de\/pfadfinden\/wp-content\/uploads\/2018\/04\/Trupptreffen-Almke_20180120_12_01_51_Pro-150x150.jpg 150w, https:\/\/vcp.de\/pfadfinden\/wp-content\/uploads\/2018\/04\/Trupptreffen-Almke_20180120_12_01_51_Pro-45x45.jpg 45w\" sizes=\"auto, (max-width: 150px) 100vw, 150px\" \/><\/a>\n\t\t\t<\/div><\/figure><figure class='gallery-item'>\n\t\t\t<div class='gallery-icon landscape'>\n\t\t\t\t<a href='https:\/\/vcp.de\/pfadfinden\/wp-content\/uploads\/2018\/04\/Trupptreffen-Almke_20180120_22_41_57_Pro.jpg'><img loading=\"lazy\" decoding=\"async\" width=\"150\" height=\"150\" src=\"https:\/\/vcp.de\/pfadfinden\/wp-content\/uploads\/2018\/04\/Trupptreffen-Almke_20180120_22_41_57_Pro-150x150.jpg\" class=\"attachment-thumbnail size-thumbnail\" alt=\"\" srcset=\"https:\/\/vcp.de\/pfadfinden\/wp-content\/uploads\/2018\/04\/Trupptreffen-Almke_20180120_22_41_57_Pro-150x150.jpg 150w, https:\/\/vcp.de\/pfadfinden\/wp-content\/uploads\/2018\/04\/Trupptreffen-Almke_20180120_22_41_57_Pro-45x45.jpg 45w\" sizes=\"auto, (max-width: 150px) 100vw, 150px\" \/><\/a>\n\t\t\t<\/div><\/figure><figure class='gallery-item'>\n\t\t\t<div class='gallery-icon landscape'>\n\t\t\t\t<a href='https:\/\/vcp.de\/pfadfinden\/wp-content\/uploads\/2018\/04\/Trupptreffen-Almke_20180121_105409.jpg'><img loading=\"lazy\" decoding=\"async\" width=\"150\" height=\"150\" src=\"https:\/\/vcp.de\/pfadfinden\/wp-content\/uploads\/2018\/04\/Trupptreffen-Almke_20180121_105409-150x150.jpg\" class=\"attachment-thumbnail size-thumbnail\" alt=\"\" srcset=\"https:\/\/vcp.de\/pfadfinden\/wp-content\/uploads\/2018\/04\/Trupptreffen-Almke_20180121_105409-150x150.jpg 150w, https:\/\/vcp.de\/pfadfinden\/wp-content\/uploads\/2018\/04\/Trupptreffen-Almke_20180121_105409-45x45.jpg 45w\" sizes=\"auto, (max-width: 150px) 100vw, 150px\" \/><\/a>\n\t\t\t<\/div><\/figure><figure class='gallery-item'>\n\t\t\t<div class='gallery-icon landscape'>\n\t\t\t\t<a href='https:\/\/vcp.de\/pfadfinden\/wp-content\/uploads\/2018\/04\/Trupptreffen-Almke_Referent_20180120_11_52_48_Pro.jpg'><img loading=\"lazy\" decoding=\"async\" width=\"150\" height=\"150\" src=\"https:\/\/vcp.de\/pfadfinden\/wp-content\/uploads\/2018\/04\/Trupptreffen-Almke_Referent_20180120_11_52_48_Pro-150x150.jpg\" class=\"attachment-thumbnail size-thumbnail\" alt=\"\" srcset=\"https:\/\/vcp.de\/pfadfinden\/wp-content\/uploads\/2018\/04\/Trupptreffen-Almke_Referent_20180120_11_52_48_Pro-150x150.jpg 150w, https:\/\/vcp.de\/pfadfinden\/wp-content\/uploads\/2018\/04\/Trupptreffen-Almke_Referent_20180120_11_52_48_Pro-45x45.jpg 45w\" sizes=\"auto, (max-width: 150px) 100vw, 150px\" \/><\/a>\n\t\t\t<\/div><\/figure>\n\t\t<\/div>\n\n","protected":false},"excerpt":{"rendered":"<p>von Therese Zimkowsky Troop 721 \u2013 Lower Saxony \u2013 Subcamp Koala \u2013 so lautete die Anschrift des Trupps, der sich zu einem Wiedersehen nach 30 Jahren auf dem Jugendzeltplatz Almke vom 19. bis 21. Januar 2018 traf. Das Treffen wurde von der einstigen Truppleitung organisiert und durchgef\u00fchrt. Das Datum zum Wiedersehen wurde sehr bewusst gew\u00e4hlt, [&hellip;]<\/p>\n","protected":false},"author":42,"featured_media":9171,"comment_status":"closed","ping_status":"open","sticky":false,"template":"","format":"standard","meta":{"_acf_changed":false,"inline_featured_image":false,"footnotes":""},"categories":[1],"tags":[229,253,83,70],"class_list":["post-9165","post","type-post","status-publish","format-standard","has-post-thumbnail","hentry","category-allgemein","tag-ankommen","tag-anp1801","tag-internationales","tag-jamboree"],"acf":[],"_links":{"self":[{"href":"https:\/\/vcp.de\/pfadfinden\/wp-json\/wp\/v2\/posts\/9165","targetHints":{"allow":["GET"]}}],"collection":[{"href":"https:\/\/vcp.de\/pfadfinden\/wp-json\/wp\/v2\/posts"}],"about":[{"href":"https:\/\/vcp.de\/pfadfinden\/wp-json\/wp\/v2\/types\/post"}],"author":[{"embeddable":true,"href":"https:\/\/vcp.de\/pfadfinden\/wp-json\/wp\/v2\/users\/42"}],"replies":[{"embeddable":true,"href":"https:\/\/vcp.de\/pfadfinden\/wp-json\/wp\/v2\/comments?post=9165"}],"version-history":[{"count":0,"href":"https:\/\/vcp.de\/pfadfinden\/wp-json\/wp\/v2\/posts\/9165\/revisions"}],"wp:featuredmedia":[{"embeddable":true,"href":"https:\/\/vcp.de\/pfadfinden\/wp-json\/wp\/v2\/media\/9171"}],"wp:attachment":[{"href":"https:\/\/vcp.de\/pfadfinden\/wp-json\/wp\/v2\/media?parent=9165"}],"wp:term":[{"taxonomy":"category","embeddable":true,"href":"https:\/\/vcp.de\/pfadfinden\/wp-json\/wp\/v2\/categories?post=9165"},{"taxonomy":"post_tag","embeddable":true,"href":"https:\/\/vcp.de\/pfadfinden\/wp-json\/wp\/v2\/tags?post=9165"}],"curies":[{"name":"wp","href":"https:\/\/api.w.org\/{rel}","templated":true}]}}