{"id":916,"date":"2014-07-07T08:00:37","date_gmt":"2014-07-07T06:00:37","guid":{"rendered":"http:\/\/www.vcp.de\/pfadfinden\/?p=916"},"modified":"2014-11-11T11:01:43","modified_gmt":"2014-11-11T09:01:43","slug":"fundstueck-der-woche-schoener-waschen-auf-dem-bundeslager","status":"publish","type":"post","link":"https:\/\/vcp.de\/pfadfinden\/vcp-bundesarchiv\/fundstueck-der-woche-schoener-waschen-auf-dem-bundeslager\/","title":{"rendered":"Fundst\u00fcck der Woche: Sch\u00f6ner waschen auf dem Bundeslager"},"content":{"rendered":"<p><a href=\"https:\/\/www.vcp.de\/pfadfinden\/wp-content\/uploads\/2014\/09\/EMP-Bundeslager-1957-Sachsenhain.jpg\"><img loading=\"lazy\" decoding=\"async\" class=\"alignright size-medium wp-image-917\" src=\"https:\/\/www.vcp.de\/pfadfinden\/wp-content\/uploads\/2014\/09\/EMP-Bundeslager-1957-Sachsenhain-300x196.jpg\" alt=\"EMP Bundeslager 1957 Sachsenhain\" width=\"300\" height=\"196\" srcset=\"https:\/\/vcp.de\/pfadfinden\/wp-content\/uploads\/2014\/09\/EMP-Bundeslager-1957-Sachsenhain-300x196.jpg 300w, https:\/\/vcp.de\/pfadfinden\/wp-content\/uploads\/2014\/09\/EMP-Bundeslager-1957-Sachsenhain.jpg 1000w\" sizes=\"auto, (max-width: 300px) 100vw, 300px\" \/><\/a>Und nochmal etwas zum Thema Waschen: Der EMP (Evangelischer-M\u00e4dchen-Pfadfinderbund) gestaltete 1957 in Sachsenhain sein Bundeslager. Die Waschgelegenheiten waren sichtgesch\u00fctzt durch eine gro\u00dfe Stoffbahn. Eine k\u00fcnstlerisch begabte EMPerin schenkt jetzt mit ihrer Malerei die sch\u00f6ne Vorstellung, dass sich morgens alle in einem erfrischenden Teich baden\u2026<\/p>\n","protected":false},"excerpt":{"rendered":"<p>Und nochmal etwas zum Thema Waschen: Der EMP (Evangelischer-M\u00e4dchen-Pfadfinderbund) gestaltete 1957 in Sachsenhain sein Bundeslager. Die Waschgelegenheiten waren sichtgesch\u00fctzt durch eine gro\u00dfe Stoffbahn. Eine k\u00fcnstlerisch begabte EMPerin schenkt jetzt mit ihrer Malerei die sch\u00f6ne Vorstellung, dass sich morgens alle in einem erfrischenden Teich baden\u2026<\/p>\n","protected":false},"author":52,"featured_media":0,"comment_status":"closed","ping_status":"open","sticky":false,"template":"","format":"standard","meta":{"_acf_changed":false,"inline_featured_image":false,"footnotes":""},"categories":[23],"tags":[],"class_list":["post-916","post","type-post","status-publish","format-standard","hentry","category-vcp-bundesarchiv"],"acf":[],"_links":{"self":[{"href":"https:\/\/vcp.de\/pfadfinden\/wp-json\/wp\/v2\/posts\/916","targetHints":{"allow":["GET"]}}],"collection":[{"href":"https:\/\/vcp.de\/pfadfinden\/wp-json\/wp\/v2\/posts"}],"about":[{"href":"https:\/\/vcp.de\/pfadfinden\/wp-json\/wp\/v2\/types\/post"}],"author":[{"embeddable":true,"href":"https:\/\/vcp.de\/pfadfinden\/wp-json\/wp\/v2\/users\/52"}],"replies":[{"embeddable":true,"href":"https:\/\/vcp.de\/pfadfinden\/wp-json\/wp\/v2\/comments?post=916"}],"version-history":[{"count":0,"href":"https:\/\/vcp.de\/pfadfinden\/wp-json\/wp\/v2\/posts\/916\/revisions"}],"wp:attachment":[{"href":"https:\/\/vcp.de\/pfadfinden\/wp-json\/wp\/v2\/media?parent=916"}],"wp:term":[{"taxonomy":"category","embeddable":true,"href":"https:\/\/vcp.de\/pfadfinden\/wp-json\/wp\/v2\/categories?post=916"},{"taxonomy":"post_tag","embeddable":true,"href":"https:\/\/vcp.de\/pfadfinden\/wp-json\/wp\/v2\/tags?post=916"}],"curies":[{"name":"wp","href":"https:\/\/api.w.org\/{rel}","templated":true}]}}