{"id":8610,"date":"2018-01-12T15:01:06","date_gmt":"2018-01-12T13:01:06","guid":{"rendered":"http:\/\/www.vcp.de\/pfadfinden\/?p=8610"},"modified":"2018-01-12T16:02:18","modified_gmt":"2018-01-12T14:02:18","slug":"the-academy-2017-in-ungarn","status":"publish","type":"post","link":"https:\/\/vcp.de\/pfadfinden\/internationales\/the-academy-2017-in-ungarn\/","title":{"rendered":"The Academy 2017 in Ungarn"},"content":{"rendered":"<p><em>von Rebecca Haugwitz<\/em><\/p>\n<p>Dieser Artikel bezieht sich zwar auf eine Veranstaltung vom Oktober 2017, passt aber thematisch ganz wunderbar zum Jahresanfang: Es geht um Motivation.<\/p>\n<p>Die Academy fand 2017 zum zehnten Mal statt, ausgerichtet wird sie jedes Jahr in einem anderen Land in Europa. Sie richtet sich an Pfadfinder*innen ab Ranger*Roveralter mit verschiedensten Rollen in ihren Heimatverb\u00e4nden, egal ob auf Regional- oder Bundesebene. Vor dem Hintergrund der Kernthemen der europ\u00e4ischen L\u00e4nder von WAGGGS und WOSM bietet sie den Teilnehmer*innen wirklich hochwertige Ausbildungsm\u00f6glichkeiten in Form von vielf\u00e4ltigen Sessions (Workshops) und Gelegenheiten zum Vernetzen.<\/p>\n<p>&nbsp;<\/p>\n<p>Was man davon mitnimmt? Neue Perspektiven, frische Denkweisen und Motivation! Die Moderator*innen der Sessions haben echt einiges auf dem Kasten, ich habe in dieser kurzen Zeit unheimlich viel von ihnen gelernt. Nicht nur Wissenswertes f\u00fcr meine ehrenamtliche Arbeit im VCP, auch pers\u00f6nlich habe ich mich weiterentwickeln k\u00f6nnen. Die intensive Arbeitszeit w\u00e4hrend der Sessions und die lockeren Gespr\u00e4che mit den anderen Teilnehmenden w\u00e4hrend der Pausen und am Abend nahmen und gaben aber auch viel Kraft.<br \/>\nImmer wieder wurde uns gesagt: \u201eLasst das neu Erlernte nicht mit euren Notizb\u00fcchern im Regal stehen. Werdet aktiv und wendet es an!\u201c Und das klingt zwar recht banal, hat mich aber im Nachhinein am l\u00e4ngsten besch\u00e4ftigt. Klar, von nichts kommt nichts. Dennoch f\u00e4llt einem der Schritt von \u201eHey, w\u00e4re es nicht super cool das mal zu machen?\u201c zu \u201eLos, wir machen das jetzt einfach, auf geht\u2019s!\u201c oft schwerer, als man denkt. Mir zumindest geht es so. Wenn man dann aber erst einmal einen Plan hat und sich das Vorhaben in kleine Schritte, \u201ebaby steps\u201c, aufteilt, geht alles schon viel leichter. Man kann beispielsweise erst einmal damit anfangen, mit anderen \u00fcber die Idee zu sprechen und sich so Leute ins Boot holen, die einem helfen, das Ziel zu erreichen. So wirkt die Aufgabenliste auch gleich weniger bedrohlich und man kann sich auch noch gegenseitig motivieren.<br \/>\nNat\u00fcrlich war auch Miles dabei, das VCP-Maskottchen f\u00fcr internationale Veranstaltungen. Er ist wirklich ein Br\u00fcckenbauer und Eisbrecher und hat oft geholfen mit anderen in Kontakt zu kommen. Schaut doch einmal bei Instagram unter dem #germanscouting nach, was Miles alles in Ungarn erlebt hat! Emil aus Schweden war besonders begeistert von ihm und hat ihn sogar mit zu den Sessions genommen, zur Zeit reist er mit ihm durch sein Heimatland. Vielleicht findet ihr ja sogar Fotos von dieser Reise.<\/p>\n<p>Von dem Gastgeberland Ungarn habe ich leider weniger sehen und erleben k\u00f6nnen, als ich mir vorgenommen hatte. Die ungarischen Pfadfinder*innen haben sich aber alle M\u00fche gegeben, uns Teilnehmenden jeden Morgen einen Teil ihrer Heimat vorzustellen. Es gab unter anderem eine Verk\u00f6stigung von verschiedenen Marmeladen, nat\u00fcrlich ungarische Salami und eine Tanzstunde. Letztere bildete den Abschluss der Veranstaltung und den Beginn der After-Party, viele tanzten ausgelassen bis tief in die Nacht hinein.<\/p>\n<p>Auch wenn die Zeit viel zu kurz war, war sie doch ganz wunderbar und lehrreich. Also haltet die Augen f\u00fcr die Ausschreibung zur diesj\u00e4hrigen Academy offen!<\/p>\n","protected":false},"excerpt":{"rendered":"<p>von Rebecca Haugwitz Dieser Artikel bezieht sich zwar auf eine Veranstaltung vom Oktober 2017, passt aber thematisch ganz wunderbar zum Jahresanfang: Es geht um Motivation. Die Academy fand 2017 zum zehnten Mal statt, ausgerichtet wird sie jedes Jahr in einem anderen Land in Europa. Sie richtet sich an Pfadfinder*innen ab Ranger*Roveralter mit verschiedensten Rollen in [&hellip;]<\/p>\n","protected":false},"author":52,"featured_media":8611,"comment_status":"closed","ping_status":"open","sticky":false,"template":"","format":"standard","meta":{"_acf_changed":false,"inline_featured_image":false,"footnotes":""},"categories":[14,116],"tags":[83],"class_list":["post-8610","post","type-post","status-publish","format-standard","has-post-thumbnail","hentry","category-internationales","category-miles","tag-internationales"],"acf":[],"_links":{"self":[{"href":"https:\/\/vcp.de\/pfadfinden\/wp-json\/wp\/v2\/posts\/8610","targetHints":{"allow":["GET"]}}],"collection":[{"href":"https:\/\/vcp.de\/pfadfinden\/wp-json\/wp\/v2\/posts"}],"about":[{"href":"https:\/\/vcp.de\/pfadfinden\/wp-json\/wp\/v2\/types\/post"}],"author":[{"embeddable":true,"href":"https:\/\/vcp.de\/pfadfinden\/wp-json\/wp\/v2\/users\/52"}],"replies":[{"embeddable":true,"href":"https:\/\/vcp.de\/pfadfinden\/wp-json\/wp\/v2\/comments?post=8610"}],"version-history":[{"count":0,"href":"https:\/\/vcp.de\/pfadfinden\/wp-json\/wp\/v2\/posts\/8610\/revisions"}],"wp:featuredmedia":[{"embeddable":true,"href":"https:\/\/vcp.de\/pfadfinden\/wp-json\/wp\/v2\/media\/8611"}],"wp:attachment":[{"href":"https:\/\/vcp.de\/pfadfinden\/wp-json\/wp\/v2\/media?parent=8610"}],"wp:term":[{"taxonomy":"category","embeddable":true,"href":"https:\/\/vcp.de\/pfadfinden\/wp-json\/wp\/v2\/categories?post=8610"},{"taxonomy":"post_tag","embeddable":true,"href":"https:\/\/vcp.de\/pfadfinden\/wp-json\/wp\/v2\/tags?post=8610"}],"curies":[{"name":"wp","href":"https:\/\/api.w.org\/{rel}","templated":true}]}}