{"id":859,"date":"2014-01-15T08:00:20","date_gmt":"2014-01-15T06:00:20","guid":{"rendered":"http:\/\/www.vcp.de\/pfadfinden\/?p=859"},"modified":"2014-11-11T11:02:30","modified_gmt":"2014-11-11T09:02:30","slug":"fundstueck-der-woche-maerklin-waggons","status":"publish","type":"post","link":"https:\/\/vcp.de\/pfadfinden\/vcp-bundesarchiv\/fundstueck-der-woche-maerklin-waggons\/","title":{"rendered":"Fundst\u00fcck der Woche: M\u00e4rklin-Waggons"},"content":{"rendered":"<p><a href=\"https:\/\/www.vcp.de\/pfadfinden\/wp-content\/uploads\/2014\/09\/9-M\u00e4rklin-Waggons-Karl-Wagner.jpg\"><img loading=\"lazy\" decoding=\"async\" class=\"alignleft size-medium wp-image-860\" src=\"https:\/\/www.vcp.de\/pfadfinden\/wp-content\/uploads\/2014\/09\/9-M\u00e4rklin-Waggons-Karl-Wagner-300x225.jpg\" alt=\"9 M\u00e4rklin-Waggons Karl Wagner\" width=\"300\" height=\"225\" srcset=\"https:\/\/vcp.de\/pfadfinden\/wp-content\/uploads\/2014\/09\/9-M\u00e4rklin-Waggons-Karl-Wagner-300x225.jpg 300w, https:\/\/vcp.de\/pfadfinden\/wp-content\/uploads\/2014\/09\/9-M\u00e4rklin-Waggons-Karl-Wagner-1024x768.jpg 1024w, https:\/\/vcp.de\/pfadfinden\/wp-content\/uploads\/2014\/09\/9-M\u00e4rklin-Waggons-Karl-Wagner.jpg 1500w\" sizes=\"auto, (max-width: 300px) 100vw, 300px\" \/><\/a>Mit 10.000\u20ac Erl\u00f6s trugen diese Waggons einen guten Teil zum Aufbau des VCP-Th\u00fcringen bei, bzw. unterst\u00fctzten das Jamboree 1999. Anbei sieht man ein Bild der Produktion in den M\u00e4rklin-Werken. Wir finden: Eine super Idee und daher unser Fundst\u00fcck der Woche.<\/p>\n","protected":false},"excerpt":{"rendered":"<p>Mit 10.000\u20ac Erl\u00f6s trugen diese Waggons einen guten Teil zum Aufbau des VCP-Th\u00fcringen bei, bzw. unterst\u00fctzten das Jamboree 1999. Anbei sieht man ein Bild der Produktion in den M\u00e4rklin-Werken. Wir finden: Eine super Idee und daher unser Fundst\u00fcck der Woche.<\/p>\n","protected":false},"author":52,"featured_media":0,"comment_status":"closed","ping_status":"open","sticky":false,"template":"","format":"standard","meta":{"_acf_changed":false,"inline_featured_image":false,"footnotes":""},"categories":[23],"tags":[],"class_list":["post-859","post","type-post","status-publish","format-standard","hentry","category-vcp-bundesarchiv"],"acf":[],"_links":{"self":[{"href":"https:\/\/vcp.de\/pfadfinden\/wp-json\/wp\/v2\/posts\/859","targetHints":{"allow":["GET"]}}],"collection":[{"href":"https:\/\/vcp.de\/pfadfinden\/wp-json\/wp\/v2\/posts"}],"about":[{"href":"https:\/\/vcp.de\/pfadfinden\/wp-json\/wp\/v2\/types\/post"}],"author":[{"embeddable":true,"href":"https:\/\/vcp.de\/pfadfinden\/wp-json\/wp\/v2\/users\/52"}],"replies":[{"embeddable":true,"href":"https:\/\/vcp.de\/pfadfinden\/wp-json\/wp\/v2\/comments?post=859"}],"version-history":[{"count":0,"href":"https:\/\/vcp.de\/pfadfinden\/wp-json\/wp\/v2\/posts\/859\/revisions"}],"wp:attachment":[{"href":"https:\/\/vcp.de\/pfadfinden\/wp-json\/wp\/v2\/media?parent=859"}],"wp:term":[{"taxonomy":"category","embeddable":true,"href":"https:\/\/vcp.de\/pfadfinden\/wp-json\/wp\/v2\/categories?post=859"},{"taxonomy":"post_tag","embeddable":true,"href":"https:\/\/vcp.de\/pfadfinden\/wp-json\/wp\/v2\/tags?post=859"}],"curies":[{"name":"wp","href":"https:\/\/api.w.org\/{rel}","templated":true}]}}