{"id":8444,"date":"2017-12-06T12:24:22","date_gmt":"2017-12-06T10:24:22","guid":{"rendered":"http:\/\/www.vcp.de\/pfadfinden\/?p=8444"},"modified":"2023-01-14T09:05:17","modified_gmt":"2023-01-14T08:05:17","slug":"bundesvorstand-gesucht","status":"publish","type":"post","link":"https:\/\/vcp.de\/pfadfinden\/allgemein\/bundesvorstand-gesucht\/","title":{"rendered":"Bundesvorstand gesucht!"},"content":{"rendered":"<p>Zur Leitung der Arbeit unseres Verbandes sucht der VCP zum Juni 2018<\/p>\n<h4><strong>mindestens eine*n, h\u00f6chstens vier Bundesvorsitzende*n<\/strong><\/h4>\n<h4><strong>und eine*n Schatzmeister*in<\/strong><\/h4>\n<p>&nbsp;<\/p>\n<p><strong>Aufgaben und Verantwortlichkeiten sind unter anderem (nach der Satzung des VCP e.V.):<\/strong><\/p>\n<p>&nbsp;<\/p>\n<p>&#8211;\u00a0\u00a0\u00a0\u00a0\u00a0\u00a0 F\u00fchrung der Gesch\u00e4fte des VCP<\/p>\n<p>&#8211;\u00a0\u00a0\u00a0\u00a0\u00a0\u00a0 Treffen von Entscheidung zur Verwaltung und wirtschaftlichen Absicherung des VCP: Erstellung des Haushaltsplans und \u00dcberwachung der Haushaltsentwicklung, Feststellung des vorl\u00e4ufigen Jahresabschlusses.<\/p>\n<p>&#8211;\u00a0\u00a0\u00a0\u00a0\u00a0\u00a0 \u00dcbertragung der Rechte und Pflichten im Bereich der inhaltlichen F\u00fchrung des Verbandes oder bei von ihm definierten weiteren Aufgabenfeldern auf die Bundesleitung.<\/p>\n<p>&#8211;\u00a0\u00a0\u00a0\u00a0\u00a0\u00a0 Ernennung und Entlassung von Referent*innen der Bundesleitung, Zuweisung von \u00a0Aufgabenbereichen<\/p>\n<p>&nbsp;<\/p>\n<p><strong>Mitarbeit in den Gremien des VCP\u00a0<\/strong><\/p>\n<p>&#8211;\u00a0\u00a0\u00a0\u00a0\u00a0\u00a0 Vorbereitung und Leitung der Sitzungen der Bundesleitung<\/p>\n<p>&#8211;\u00a0\u00a0\u00a0\u00a0\u00a0\u00a0 Beratendes Mitglied des Bundesrates<\/p>\n<p>&#8211;\u00a0\u00a0\u00a0\u00a0\u00a0\u00a0 Teilnahme an der Bundesversammlung<\/p>\n<p>&#8211;\u00a0\u00a0\u00a0\u00a0\u00a0\u00a0 Schatzmeister: Teilnahme an der Gesellschafterversammlung F&amp;F<\/p>\n<p>&#8211;\u00a0\u00a0\u00a0\u00a0\u00a0\u00a0 Bundesvorsitz (optional): Mitarbeit im Aufsichtsrat F&amp;F<\/p>\n<p>&#8211;\u00a0\u00a0\u00a0\u00a0\u00a0\u00a0 Zusammenarbeit mit der Stiftung (Vorstand und Kuratoriumssitzung)<\/p>\n<p>&nbsp;<\/p>\n<p><strong>Mitarbeit in den Gremien des rdp\u00a0<\/strong><\/p>\n<p>&#8211;\u00a0\u00a0\u00a0\u00a0\u00a0\u00a0 Teilnahme am Ringeausschuss<\/p>\n<p>&#8211;\u00a0\u00a0\u00a0\u00a0\u00a0\u00a0 Bundesvorsitz: Mitglied im Ringe-Ausschuss<\/p>\n<p>&#8211;\u00a0\u00a0\u00a0\u00a0\u00a0\u00a0 Bundesvorsitz: Mitglied im Vorstand des rdp e.V.<\/p>\n<p>&nbsp;<\/p>\n<p><strong>Personalthemen<\/strong><\/p>\n<p>&#8211;\u00a0\u00a0\u00a0\u00a0\u00a0\u00a0 Dienst- und Fachaufsicht Generalsekret\u00e4r*in<\/p>\n<p>&#8211;\u00a0\u00a0\u00a0\u00a0\u00a0\u00a0 Dienst- und Fachaufsicht Gesch\u00e4ftsf\u00fchrung<\/p>\n<p>&nbsp;<\/p>\n<p><strong>Weitere Aufgaben<\/strong><\/p>\n<p>&#8211;\u00a0\u00a0\u00a0\u00a0\u00a0\u00a0 Erstellung einer Gesch\u00e4ftsordnung f\u00fcr den Vorstand<\/p>\n<p>&#8211;\u00a0\u00a0\u00a0\u00a0\u00a0\u00a0 Betreuung der VCP-L\u00e4nder<\/p>\n<p>&#8211;\u00a0\u00a0\u00a0\u00a0\u00a0\u00a0 In Zusammenarbeit mit der Gesch\u00e4ftsf\u00fchrung und den Gremien: mittelfristige Finanzplanung<\/p>\n<p>&#8211;\u00a0\u00a0\u00a0\u00a0\u00a0\u00a0 In Zusammenarbeit mit der Bundesleitung Vorbereitung und Durchf\u00fchrung von Fachgruppentreffen<\/p>\n<p>&nbsp;<\/p>\n<h4>\u00a0\u201e&#8230;..das alles und noch viel mehr \u2013 w\u00fcrd ich machen, wenn ich VCP-Vorstand w\u00e4r`&#8230;\u201c<\/h4>\n<p>&nbsp;<\/p>\n<p>Du findest dich in dieser Beschreibung wieder, wei\u00dft aber noch nicht genau, ob es wirklich was f\u00fcr dich ist? Es reizt dich, vorhandene Schwerpunkte oder neue Themen voran zu bringen? Du w\u00fcrdest gern erst einmal wissen, wer\u00a0 noch Interesse hat? Findet sich ein Team mit gemeinsamen Visionen zusammen? Du m\u00f6chtest gerne wissen, wie du dich einbringen k\u00f6nntest und ob deine zeitlichen Ressourcen dazu passen? Vorstand ist nichts f\u00fcr dich, aber die Mitarbeit in der Bundesleitung mit einem konkreten Themenfeld kannst du dir vorstellen?<\/p>\n<p>&nbsp;<\/p>\n<p>Du kannst eine oder mehrere dieser Fragen f\u00fcr dich mit JA beantworten? Dann merke dir den <strong>19.-21. Januar 2018<\/strong> vor. An diesem Wochenende findet ein Interessiertentreffen \u201eBundesvorstand gesucht!\u201c statt.\u00a0 Dort kannst du mit anderen Interessierten zusammenkommen, Fragen kl\u00e4ren, Bedenken und Chancen austauschen und gemeinsam diskutieren.<\/p>\n<p>Kontakt und mehr Information: findungsausschuss@vcp.de<\/p>\n<p>&nbsp;<\/p>\n<p><strong>Interessiertentreffen \u201eBundesvorstand gesucht!\u201c<\/strong><\/p>\n<p>19. bis 21. Januar 2018<\/p>\n<p>Haus &#8222;Kiefernpfad&#8220;<br \/>\nKiefernpfad 1<\/p>\n<p>Hannover<br \/>\ndaniel.werner@vcp.de<\/p>\n<p>&nbsp;<\/p>\n","protected":false},"excerpt":{"rendered":"<p>Zur Leitung der Arbeit unseres Verbandes sucht der VCP zum Juni 2018 mindestens eine*n, h\u00f6chstens vier Bundesvorsitzende*n und eine*n Schatzmeister*in &nbsp; Aufgaben und Verantwortlichkeiten sind unter anderem (nach der Satzung des VCP e.V.): &nbsp; &#8211;\u00a0\u00a0\u00a0\u00a0\u00a0\u00a0 F\u00fchrung der Gesch\u00e4fte des VCP &#8211;\u00a0\u00a0\u00a0\u00a0\u00a0\u00a0 Treffen von Entscheidung zur Verwaltung und wirtschaftlichen Absicherung des VCP: Erstellung des Haushaltsplans und [&hellip;]<\/p>\n","protected":false},"author":52,"featured_media":8445,"comment_status":"closed","ping_status":"open","sticky":false,"template":"","format":"standard","meta":{"_acf_changed":false,"inline_featured_image":false,"footnotes":""},"categories":[1,419],"tags":[243,87],"class_list":["post-8444","post","type-post","status-publish","format-standard","has-post-thumbnail","hentry","category-allgemein","category-auf-neuem-pfad","tag-anp1704","tag-bundesleitung"],"acf":[],"_links":{"self":[{"href":"https:\/\/vcp.de\/pfadfinden\/wp-json\/wp\/v2\/posts\/8444","targetHints":{"allow":["GET"]}}],"collection":[{"href":"https:\/\/vcp.de\/pfadfinden\/wp-json\/wp\/v2\/posts"}],"about":[{"href":"https:\/\/vcp.de\/pfadfinden\/wp-json\/wp\/v2\/types\/post"}],"author":[{"embeddable":true,"href":"https:\/\/vcp.de\/pfadfinden\/wp-json\/wp\/v2\/users\/52"}],"replies":[{"embeddable":true,"href":"https:\/\/vcp.de\/pfadfinden\/wp-json\/wp\/v2\/comments?post=8444"}],"version-history":[{"count":1,"href":"https:\/\/vcp.de\/pfadfinden\/wp-json\/wp\/v2\/posts\/8444\/revisions"}],"predecessor-version":[{"id":28434,"href":"https:\/\/vcp.de\/pfadfinden\/wp-json\/wp\/v2\/posts\/8444\/revisions\/28434"}],"wp:featuredmedia":[{"embeddable":true,"href":"https:\/\/vcp.de\/pfadfinden\/wp-json\/wp\/v2\/media\/8445"}],"wp:attachment":[{"href":"https:\/\/vcp.de\/pfadfinden\/wp-json\/wp\/v2\/media?parent=8444"}],"wp:term":[{"taxonomy":"category","embeddable":true,"href":"https:\/\/vcp.de\/pfadfinden\/wp-json\/wp\/v2\/categories?post=8444"},{"taxonomy":"post_tag","embeddable":true,"href":"https:\/\/vcp.de\/pfadfinden\/wp-json\/wp\/v2\/tags?post=8444"}],"curies":[{"name":"wp","href":"https:\/\/api.w.org\/{rel}","templated":true}]}}