{"id":8339,"date":"2017-12-09T11:02:52","date_gmt":"2017-12-09T09:02:52","guid":{"rendered":"http:\/\/www.vcp.de\/pfadfinden\/?p=8339"},"modified":"2017-12-09T11:02:52","modified_gmt":"2017-12-09T09:02:52","slug":"tagung-der-bundesleitung-06-2017","status":"publish","type":"post","link":"https:\/\/vcp.de\/pfadfinden\/leitung-aktuell\/tagung-der-bundesleitung-06-2017\/","title":{"rendered":"Tagung der Bundesleitung 06.2017"},"content":{"rendered":"<p>Im Rahmen ihrer sechsten Tagung in diesem Jahr vom 10. bis 12. November 2017 in Kassel, beriet und beschloss die Bundesleitung des VCP unter anderem die folgenden Themen:<\/p>\n<h2>Einsetzung Bundesfahrtleitung<\/h2>\n<p>Die Bundesversammlung 2017 hat die Durchf\u00fchrung einer Bundesfahrt 2019 beschlossen. Das Referat Stufen und Inhalte hatte die Leitung daf\u00fcr ausgeschrieben. Beworben haben sich Ina Schweneker (neklen, Land Hamburg), Philipp Stein (Land Schleswig-Holstein) und Lukas Zintel (Land Hessen). Die Bundesleitung bef\u00fcrwortet die Bewerbung und setzt die drei als Bundesfahrtleitung ein. Der Bundesrat muss dies noch best\u00e4tigen.<\/p>\n<h2>Neue Sprecherin FG achtsam und aktiv<\/h2>\n<p>Fabienne Schwartz schl\u00e4gt Judith Herbener als neue Sprecherin der Fachgruppe (FG) achtsam und aktiv vor. Sie soll das Amt gleichberechtigt mit Kristina Lohe \u00fcbernehmen. Judith hat im Mai 2017 am ACTIVATE Training von WAGGGS teilgenommen und fungiert als Vernetzungsperson zum ACTIVATE-Programm auf Ringebene.<\/p>\n<h2>Sanierung Bundeszentrale<\/h2>\n<p>Gero Beisel berichtet vom aktuellen Stand der Planungen zur Sanierung der Bundeszentrale. Nach der Vorstellung der Pl\u00e4ne im Bundesrat konnten mit dem beauftragten Architekturb\u00fcro M\u00fcntinga und Puy weitere Detailfragen gekl\u00e4rt und Aufgaben besprochen werden. Derzeit l\u00e4uft die \u00dcberpr\u00fcfung der infrage kommenden F\u00f6rdergelderm\u00f6glichkeiten. In einem n\u00e4chsten Schritt sollen die Ausschreibungen f\u00fcr die zu beauftragenden Gewerke verschickt werden, so dass bis zum Bundesrat 01.2018 eine gepr\u00fcfte Kostensch\u00e4tzung vorliegen kann.<\/p>\n<h2>Haushalt 2018<\/h2>\n<p>Nach der ersten Lesung im Bundesrat auf dessen Sitzung 03.2017 Ende September sowie neuen Erkenntnissen in der Jahresplanung, diskutiert die Bundesleitung den Haushaltsentwurf 2018. Eine \u00fcberarbeitete Fassung geht an den Bundesrat zur zweiten Lesung in der Sitzung 04.2017.<\/p>\n<h2>Haushalt 2017<\/h2>\n<p>Die Bundesleitung nimmt den aktuellen Buchungsstand des Haushaltes 2017 zur Kenntnis. Gemeinsam werden die Entwicklungen einzelner Haushaltspositionen besprochen und gekl\u00e4rt, welche Kosten planm\u00e4\u00dfig bis Jahresende noch entstehen.<\/p>\n<h2>Nachbereitung Weltkonferenz WAGGGS<\/h2>\n<p>Fabian Loske (International Commissioner) fasst die Ergebnisse von der Weltkonferenz WAGGGS zusammen. Der \u201eStrategic Plan\u201c wurde nach l\u00e4ngerer Diskussion beschlossen. Die Ring-Delegation hatte zwei Antr\u00e4ge zum Thema Transparenz gestellt, da sich innerhalb der Strukturdebatte f\u00fcr die Europa-Region einiges \u00e4ndern wird und die Transparenz zum Prozess aus RDP-Sicht zu w\u00fcnschen \u00fcbrig l\u00e4sst. Die Antr\u00e4ge wurden angenommen. Ein Antrag zur Kooperation mit WOSM (der immer wieder neu beschlossen wird) wurde angenommen. Gew\u00e4hlt wurde au\u00dferdem neue Mitglieder des Weltkomitees. Die Delegation hat einen Workshop mit Finnland und Griechenland zum Thema \u201eArbeit mit Gefl\u00fcchteten\u201c angeboten. Spannend war dabei zu sehen, dass das Thema Gefl\u00fcchtete f\u00fcr uns gerade sehr aktuell ist, aber auf anderen Kontinenten ist es ein dauerhaftes Thema mit ganz anderen Ausma\u00dfen. Bei einem anderen Workshop sowie w\u00e4hrend des Internationalen Marktes konnte auch die Kampagne \u201eAuf die Pl\u00e4tze gegen Hetze\u201c vorgestellt werden. Auch gab es ein informelles Gespr\u00e4ch mit der Vorsitzenden der Simbabwischen Pfadfinderinnen \u2013 mit dem Verband hat der VCP eine Partnerschaft. Die Stimmung und Zusammenarbeit in der RDP-Delegation war sehr gut, gemeinsam mit Belgien hatte die RDP-Delegation die meisten Redebeitr\u00e4ge.<\/p>\n<h2>On-Off-Boarding<\/h2>\n<p>Die Bundesleitung besch\u00e4ftigt sich bereits seit l\u00e4ngerem damit, welche Rechte und Pflichten mit der \u00dcbernahme von Aufgaben auf der Bundesebene einhergehen, beziehungsweise welche Dinge f\u00fcr eine m\u00f6glichst einfache Aufgaben\u00fcbernahme vonn\u00f6ten sind. Natascha Sonnenberg hat nach den R\u00fcckmeldungen der Bundesleitung nun die Punkte, die innerhalb des Prozesses entstehen, mit Zust\u00e4ndigkeiten versehen. Die Bundesleitung ber\u00e4t dazu. In einem n\u00e4chsten Schritt werden nun die entsprechenden Dokumente erarbeitet.<\/p>\n<h2>Treffen Landesleitungen\/Landesf\u00fchrungen<\/h2>\n<p>Innerhalb der Vernetzungszeit wird das Treffen der Landesleitungen, Landesf\u00fchrungen und Sprecher*innen der L\u00e4nder vorbereitet. Schwerpunktthema wird Stammesneugr\u00fcndungen. Behandelt werden sollen dabei nicht nur die Gr\u00fcndung an sich, sondern auch, wie eine optimale Begleitung beispielsweise \u00fcber Mentor*innenarbeit und Quereinsteiger*innen-Schulungen passieren kann.<\/p>\n<h2>Vorbereitung Fachgruppentreffen<\/h2>\n<p>Die Bundesleitung bereitet das Fachgruppentreffen 01.2018 vor. Festgelegt wird das Samstagabend-Programm: Da es das letzte Treffen in dieser Amtszeit ist, an dem alle Fach-, Projekt- und Arbeitsgruppen teilnehmen werden, wird es eine \u201eBest of\u201c-Show geben. Verteilt werden au\u00dferdem die Zust\u00e4ndigkeiten f\u00fcr das Wochenende und das Programmraster festgelegt. Die Einladung geht noch vor Weihnachten raus.<\/p>\n<h2>Adventskalender<\/h2>\n<p>Zur Adventszeit wird es online einen VCP-Adventskalender geben. Die Bundesleitung nimmt den aktuellen Planungsstand zur Kenntnis.<\/p>\n<h2>Termine<\/h2>\n<p>Die Bundesleitung beschlie\u00dft die Terminliste f\u00fcr das Jahr 2019. Des Weiteren schaut sich die Bundesleitung die Verteilung der Landesversammlungen an und legt \u2013 soweit m\u00f6glich \u2013 fest, welches Bundesleitungsmitglied zu welcher Versammlung f\u00e4hrt.<\/p>\n<h2>N\u00e4chste Tagung<\/h2>\n<p>Die Bundesleitung tagt das n\u00e4chste Mal zu ihrer Sitzung 01.2018 vom 12. bis 14. Januar 2018 in Kassel.<\/p>\n<p><a href=\"https:\/\/www.vcp.de\/pfadfinden\/wp-content\/uploads\/2017\/12\/Bundesleitung_aktuell_06_2017.pdf\" target=\"_blank\" rel=\"noopener\">Bundesleitung aktuell 06-2017<\/a><\/p>\n","protected":false},"excerpt":{"rendered":"<p>Im Rahmen ihrer sechsten Tagung in diesem Jahr vom 10. bis 12. November 2017 in Kassel, beriet und beschloss die Bundesleitung des VCP unter anderem die folgenden Themen: Einsetzung Bundesfahrtleitung Die Bundesversammlung 2017 hat die Durchf\u00fchrung einer Bundesfahrt 2019 beschlossen. Das Referat Stufen und Inhalte hatte die Leitung daf\u00fcr ausgeschrieben. Beworben haben sich Ina Schweneker [&hellip;]<\/p>\n","protected":false},"author":16,"featured_media":8341,"comment_status":"closed","ping_status":"open","sticky":false,"template":"","format":"standard","meta":{"_acf_changed":false,"inline_featured_image":false,"footnotes":""},"categories":[160],"tags":[],"class_list":["post-8339","post","type-post","status-publish","format-standard","has-post-thumbnail","hentry","category-leitung-aktuell"],"acf":[],"_links":{"self":[{"href":"https:\/\/vcp.de\/pfadfinden\/wp-json\/wp\/v2\/posts\/8339","targetHints":{"allow":["GET"]}}],"collection":[{"href":"https:\/\/vcp.de\/pfadfinden\/wp-json\/wp\/v2\/posts"}],"about":[{"href":"https:\/\/vcp.de\/pfadfinden\/wp-json\/wp\/v2\/types\/post"}],"author":[{"embeddable":true,"href":"https:\/\/vcp.de\/pfadfinden\/wp-json\/wp\/v2\/users\/16"}],"replies":[{"embeddable":true,"href":"https:\/\/vcp.de\/pfadfinden\/wp-json\/wp\/v2\/comments?post=8339"}],"version-history":[{"count":0,"href":"https:\/\/vcp.de\/pfadfinden\/wp-json\/wp\/v2\/posts\/8339\/revisions"}],"wp:featuredmedia":[{"embeddable":true,"href":"https:\/\/vcp.de\/pfadfinden\/wp-json\/wp\/v2\/media\/8341"}],"wp:attachment":[{"href":"https:\/\/vcp.de\/pfadfinden\/wp-json\/wp\/v2\/media?parent=8339"}],"wp:term":[{"taxonomy":"category","embeddable":true,"href":"https:\/\/vcp.de\/pfadfinden\/wp-json\/wp\/v2\/categories?post=8339"},{"taxonomy":"post_tag","embeddable":true,"href":"https:\/\/vcp.de\/pfadfinden\/wp-json\/wp\/v2\/tags?post=8339"}],"curies":[{"name":"wp","href":"https:\/\/api.w.org\/{rel}","templated":true}]}}