{"id":8323,"date":"2017-12-05T17:36:43","date_gmt":"2017-12-05T15:36:43","guid":{"rendered":"http:\/\/www.vcp.de\/pfadfinden\/?p=8323"},"modified":"2023-01-14T09:05:18","modified_gmt":"2023-01-14T08:05:18","slug":"auf-die-plaetze-gegen-hetze-2","status":"publish","type":"post","link":"https:\/\/vcp.de\/pfadfinden\/auf-die-plaetze-gegen-hetze\/auf-die-plaetze-gegen-hetze-2\/","title":{"rendered":"Auf die Pl\u00e4tze gegen Hetze!"},"content":{"rendered":"<h4>Eine Gruppenstundenidee ausprobiert von Fabian Neubrand und Becci Haugwitz.<\/h4>\n<p>&nbsp;<\/p>\n<p>Seit dem Bundeslager gibt es die Gruppenstundenhilfe zur Kampagne \u201eAuf die Pl\u00e4tze gegen Hetze!\u201c Viele Menschen (und vor allem Politiker*innen) tun sich schwer, mit rechtspopulistischer Politik angemessen umzugehen, w\u00e4hrend entsprechende Parteien und Bewegungen immer erfolgreicher werden. Die Gruppenstunde zu diesem Thema hilft euch dabei, Mechanismen dieser Form von Politik zu verstehen. Das Ganze geht so:<\/p>\n<p>1.\u00a0\u00a0\u00a0\u00a0\u00a0\u00a0 Das Gef\u00fchlsbarometer:<br \/>\nZun\u00e4chst werden einige rechtspopulistische Aussagen aus den Medien betrachtet \u2013 das k\u00f6nnen zu Beispiel Plakate, Zitate aus Reden oder Zeitungen sein. Danach wird ein \u201eGef\u00fchlsbarometer\u201c erstellt, eine Art Skala, die von zwei gegens\u00e4tzlichen Gef\u00fchlen begrenzt wird (z.B. steht oben \u201eZuversicht\u201c und unten \u201eAngst\u201c). Die Teilnehmer*innen verteilen auf diesem Barometer Klebepunkte, um ihre Gef\u00fchle zu den rechtspopulistischen Aussagen einzuordnen. Die Gruppe kann dabei \u00fcber verschiedene Auffassungen diskutieren. Interessant ist dabei auch die Frage, inwieweit sich rechtspopulistische Aussagen in ihrer Wirkung von \u201enormalen\u201c populistischen Aussagen unterscheiden.<\/p>\n<p>2.\u00a0\u00a0\u00a0\u00a0\u00a0\u00a0 Ger\u00fcchtek\u00fcche<\/p>\n<p>Einer Spielidee aus der Arbeitshilfe folgend stellen wir uns vor, zwei Gruppen w\u00e4ren auf einer Insel gestrandet und h\u00e4tten schon Gemeinschaften gebildet. Die Harmonie der Gesellschaft soll nun gest\u00f6rt werden, indem sich Kleingruppen rechtspopulistische Kampagnen und Spr\u00fcche gegen die jeweils andere Gruppe ausdenken. Die Rezeptkarten f\u00fcr die Ger\u00fcchtek\u00fcche (im Anhang der Arbeitshilfe) geben euch Hilfestellung, um beispielsweise innerhalb der Gruppe Verschw\u00f6rungstheorien aufzustellen oder gegen die Gruppenleitung \u201eda oben\u201c Spr\u00fcche zu klopfen. Am Ende der Kampagnenvorstellung kann nun ausgiebig diskutiert werden, wie gut sich die \u201eRezepte\u201c umsetzen lie\u00dfen und ob das Ergebnis \u00fcberhaupt Wirkung auf die Teilnehmer*innen hatte. Selbstverst\u00e4ndlich soll alles nur eine spielerische Hetzkampagne sein, deshalb muss die Diskussion behutsam vom*von der Leiter*in\/Moderator*in begleitet werden und darf ruhig etwas l\u00e4nger dauern.<\/p>\n<p>&nbsp;<\/p>\n<p>Wir hoffen, diese kurze Darstellung unserer Gruppenstundenidee hat euch Lust gemacht, diese oder andere Gruppenstundenideen auszuprobieren! Ihr findet in der Arbeitshilfe alle Vorlagen und ausf\u00fchrliche Erkl\u00e4rungen f\u00fcr Gruppenleitungen. Nach wie vor erhalten alle Teilnehmer*innen den Kartoffelbadge der Kampagne.<\/p>\n<p>&nbsp;<\/p>\n<blockquote class=\"wp-embedded-content\" data-secret=\"MgL2KTiVKV\"><p><a href=\"https:\/\/www.vcp.de\/pfadfinden\/gegen-hetze\/\">Auf die Pl\u00e4tze gegen Hetze<\/a><\/p><\/blockquote>\n<p><iframe loading=\"lazy\" class=\"wp-embedded-content\" sandbox=\"allow-scripts\" security=\"restricted\" style=\"position: absolute; visibility: hidden;\" title=\"&#8222;Auf die Pl\u00e4tze gegen Hetze&#8220; &#8212; VCP-Blog\" src=\"https:\/\/www.vcp.de\/pfadfinden\/gegen-hetze\/embed\/#?secret=zYr1NFnLze#?secret=MgL2KTiVKV\" data-secret=\"MgL2KTiVKV\" width=\"600\" height=\"338\" frameborder=\"0\" marginwidth=\"0\" marginheight=\"0\" scrolling=\"no\"><\/iframe><\/p>\n","protected":false},"excerpt":{"rendered":"<p>Eine Gruppenstundenidee ausprobiert von Fabian Neubrand und Becci Haugwitz. &nbsp; Seit dem Bundeslager gibt es die Gruppenstundenhilfe zur Kampagne \u201eAuf die Pl\u00e4tze gegen Hetze!\u201c Viele Menschen (und vor allem Politiker*innen) tun sich schwer, mit rechtspopulistischer Politik angemessen umzugehen, w\u00e4hrend entsprechende Parteien und Bewegungen immer erfolgreicher werden. Die Gruppenstunde zu diesem Thema hilft euch dabei, Mechanismen [&hellip;]<\/p>\n","protected":false},"author":52,"featured_media":8263,"comment_status":"closed","ping_status":"open","sticky":false,"template":"","format":"standard","meta":{"_acf_changed":false,"inline_featured_image":false,"footnotes":""},"categories":[180,419],"tags":[229,243],"class_list":["post-8323","post","type-post","status-publish","format-standard","has-post-thumbnail","hentry","category-auf-die-plaetze-gegen-hetze","category-auf-neuem-pfad","tag-ankommen","tag-anp1704"],"acf":[],"_links":{"self":[{"href":"https:\/\/vcp.de\/pfadfinden\/wp-json\/wp\/v2\/posts\/8323","targetHints":{"allow":["GET"]}}],"collection":[{"href":"https:\/\/vcp.de\/pfadfinden\/wp-json\/wp\/v2\/posts"}],"about":[{"href":"https:\/\/vcp.de\/pfadfinden\/wp-json\/wp\/v2\/types\/post"}],"author":[{"embeddable":true,"href":"https:\/\/vcp.de\/pfadfinden\/wp-json\/wp\/v2\/users\/52"}],"replies":[{"embeddable":true,"href":"https:\/\/vcp.de\/pfadfinden\/wp-json\/wp\/v2\/comments?post=8323"}],"version-history":[{"count":1,"href":"https:\/\/vcp.de\/pfadfinden\/wp-json\/wp\/v2\/posts\/8323\/revisions"}],"predecessor-version":[{"id":28435,"href":"https:\/\/vcp.de\/pfadfinden\/wp-json\/wp\/v2\/posts\/8323\/revisions\/28435"}],"wp:featuredmedia":[{"embeddable":true,"href":"https:\/\/vcp.de\/pfadfinden\/wp-json\/wp\/v2\/media\/8263"}],"wp:attachment":[{"href":"https:\/\/vcp.de\/pfadfinden\/wp-json\/wp\/v2\/media?parent=8323"}],"wp:term":[{"taxonomy":"category","embeddable":true,"href":"https:\/\/vcp.de\/pfadfinden\/wp-json\/wp\/v2\/categories?post=8323"},{"taxonomy":"post_tag","embeddable":true,"href":"https:\/\/vcp.de\/pfadfinden\/wp-json\/wp\/v2\/tags?post=8323"}],"curies":[{"name":"wp","href":"https:\/\/api.w.org\/{rel}","templated":true}]}}