{"id":8276,"date":"2017-12-06T12:06:27","date_gmt":"2017-12-06T10:06:27","guid":{"rendered":"http:\/\/www.vcp.de\/pfadfinden\/?p=8276"},"modified":"2018-01-23T15:18:45","modified_gmt":"2018-01-23T13:18:45","slug":"willkommen-ein-beitrag-zur-kampagne-auf-die-plaetze-gegen-hetze","status":"publish","type":"post","link":"https:\/\/vcp.de\/pfadfinden\/auf-die-plaetze-gegen-hetze\/willkommen-ein-beitrag-zur-kampagne-auf-die-plaetze-gegen-hetze\/","title":{"rendered":"Willkommen! &#8211; Ein Beitrag zur Kampagne &#8222;Auf die Pl\u00e4tze gegen Hetze&#8220;"},"content":{"rendered":"<p>Auch die Gruppe &#8222;Backenh\u00f6rnchen&#8220; aus dem Stamm &#8222;Graf Otto von Orlam\u00fcnde&#8220; aus Himmelkron beteiligte sich an der Kampagne &#8222;Auf die Pl\u00e4tze gegen Hetze&#8220;.<\/p>\n<p>Mehrere Woche besch\u00e4ftigen sich die Pfadfinder*innen in ihren Gruppenstunden mit dem Thema &#8222;Fl\u00fcchtlingspolitik&#8220;.<br \/>\nAbschlie\u00dfend luden sie Fl\u00fcchtlingskinder, die in ihrem Ort Unterkunft fanden, zu ihrer Gruppenstunde ein. Die Pfadfinder*innen stellten sich und das Pfadfinden vor. Besonders interessant fanden die G\u00e4ste die Berichte \u00fcber die Erlebnisse auf den verschiedenen Lagern und stellten viele R\u00fcckfragen dazu.<br \/>\nAnschlie\u00dfend lernte man beim Spielen gegenseitig besser kennen und hatte gemeinsam viel Spa\u00df.<br \/>\nEinem gefl\u00fcchtetem Kind hat es so gut gefallen, dass es seitdem regelm\u00e4\u00dfig an den Gruppenstunden der &#8222;Backenh\u00f6rnchen&#8220; teilnimmt.<\/p>\n","protected":false},"excerpt":{"rendered":"<p>Auch die Gruppe &#8222;Backenh\u00f6rnchen&#8220; aus dem Stamm &#8222;Graf Otto von Orlam\u00fcnde&#8220; aus Himmelkron beteiligte sich an der Kampagne &#8222;Auf die Pl\u00e4tze gegen Hetze&#8220;. Mehrere Woche besch\u00e4ftigen sich die Pfadfinder*innen in ihren Gruppenstunden mit dem Thema &#8222;Fl\u00fcchtlingspolitik&#8220;. Abschlie\u00dfend luden sie Fl\u00fcchtlingskinder, die in ihrem Ort Unterkunft fanden, zu ihrer Gruppenstunde ein. Die Pfadfinder*innen stellten sich und [&hellip;]<\/p>\n","protected":false},"author":52,"featured_media":8277,"comment_status":"closed","ping_status":"open","sticky":false,"template":"","format":"standard","meta":{"_acf_changed":false,"inline_featured_image":false,"footnotes":""},"categories":[180],"tags":[248],"class_list":["post-8276","post","type-post","status-publish","format-standard","has-post-thumbnail","hentry","category-auf-die-plaetze-gegen-hetze","tag-wir-sind-aktiv"],"acf":[],"_links":{"self":[{"href":"https:\/\/vcp.de\/pfadfinden\/wp-json\/wp\/v2\/posts\/8276","targetHints":{"allow":["GET"]}}],"collection":[{"href":"https:\/\/vcp.de\/pfadfinden\/wp-json\/wp\/v2\/posts"}],"about":[{"href":"https:\/\/vcp.de\/pfadfinden\/wp-json\/wp\/v2\/types\/post"}],"author":[{"embeddable":true,"href":"https:\/\/vcp.de\/pfadfinden\/wp-json\/wp\/v2\/users\/52"}],"replies":[{"embeddable":true,"href":"https:\/\/vcp.de\/pfadfinden\/wp-json\/wp\/v2\/comments?post=8276"}],"version-history":[{"count":0,"href":"https:\/\/vcp.de\/pfadfinden\/wp-json\/wp\/v2\/posts\/8276\/revisions"}],"wp:featuredmedia":[{"embeddable":true,"href":"https:\/\/vcp.de\/pfadfinden\/wp-json\/wp\/v2\/media\/8277"}],"wp:attachment":[{"href":"https:\/\/vcp.de\/pfadfinden\/wp-json\/wp\/v2\/media?parent=8276"}],"wp:term":[{"taxonomy":"category","embeddable":true,"href":"https:\/\/vcp.de\/pfadfinden\/wp-json\/wp\/v2\/categories?post=8276"},{"taxonomy":"post_tag","embeddable":true,"href":"https:\/\/vcp.de\/pfadfinden\/wp-json\/wp\/v2\/tags?post=8276"}],"curies":[{"name":"wp","href":"https:\/\/api.w.org\/{rel}","templated":true}]}}