{"id":8262,"date":"2017-12-05T15:04:06","date_gmt":"2017-12-05T13:04:06","guid":{"rendered":"http:\/\/www.vcp.de\/pfadfinden\/?p=8262"},"modified":"2018-01-23T15:18:45","modified_gmt":"2018-01-23T13:18:45","slug":"weil-wir-alle-verschieden-und-doch-gleich-sind","status":"publish","type":"post","link":"https:\/\/vcp.de\/pfadfinden\/auf-die-plaetze-gegen-hetze\/weil-wir-alle-verschieden-und-doch-gleich-sind\/","title":{"rendered":"Weil wir alle verschieden und doch gleich sind"},"content":{"rendered":"<p>Hallo ihr Interessierten,<br \/>\nwir sind Kilian (10), Judy (7), Erika (8), Lavinia (8), unser Gast Arpi (8), Kira (7) und unsere Sippenf\u00fchrer*innen Sarah (17) &amp; Jecco (19). Zusammen sind wir das Rudel Gecko des Stammes Nibelungen (Worms, Gau Altburgund, RPS). Nachdem wir mit gro\u00dfer Begeisterung das kleine B\u00fcchlein \u00fcber die Pfadi-Kartoffel und das ganze lustige Gem\u00fcse angeschaut hatten, haben wir uns nun auch eine ganze Sippenstunde lang mit den kleinen Gem\u00fcse-M\u00e4nnchen befasst und wichtige Erfahrungen f\u00fcr uns und unsere Gruppe mitgenommen, \u00fcber die wir berichten m\u00f6chten.<\/p>\n<p>Zun\u00e4chst haben wir gemeinsam gespielt. Danach haben wir uns zusammengesetzt und uns ist die Frage begegnet, warum wir eigentlich so viel Spa\u00df dabei haben, wenn wir einfach miteinander Zeit verbringen. Eine wichtige Frage, die so leicht gar nicht zu beantworten ist, dabei ist die Antwort ganz simpel: Weil wir alle verschieden und doch gleich sind!!<br \/>\nDoch auch diese Antwort hat uns vor ein weiteres Fragezeichen gestellt und um besser zu verstehen, hat uns das tolle bunte Gem\u00fcse geholfen\u2026.<br \/>\nJeder von uns hat sich eine Gem\u00fcsekarte ausgesucht und gemeinsam haben wir genannt, welche Merkmale wir jeweils haben, die uns einzigartig machen. Wir haben gemerkt, dass wir alle ganz verschieden sind. In unserem Aussehen, unserem Charakter, unseren Erfahrungen und in unseren Vorlieben, auch dann, wenn es darum geht, wer welches Gem\u00fcse mag oder eben nicht.<br \/>\nWeil wir alle dem \u00dcbereinstimmen, dass Obstsalat nur aus \u00c4pfeln oder Gem\u00fcseauflauf nur aus Karotten ziemlich langweilig w\u00e4re und das auch unter Menschen so sein muss, haben wir nach etwas gesucht, dass wir alle gemeinsam haben. Wir mussten nicht lange \u00fcberlegen und schon wussten wir: Nat\u00fcrlich das Pfadfinden.<br \/>\nUnd dar\u00fcber hinaus: Wir sind schlichtweg alle Menschen und haben damit mit allen anderen etwas gemeinsam, egal ob Kind oder Erwachsener, ob Pfadfinder*in oder nicht, egal welche Sprache wir sprechen oder welches Gem\u00fcse wir gerne essen. Das ist gut so, denn ansonsten w\u00e4re die Welt doch langweilig und auch spielen w\u00fcrde gar nicht so lustig sein!<br \/>\nUm dies zu verbildlichen, haben wir unseren Gem\u00fcsen, die alle sehr unterschiedlich sind, noch schnell Halst\u00fccher gemalt und danach hatten wir genug \u00fcber Gem\u00fcse geredet und mussten endlich auch mal ein wenig naschen und, in Begleitung unserer neuen Erkenntnisse, zusammen spielen, wobei wir viel Spa\u00df hatten, weil wir alle verschieden und doch gleich sind.<br \/>\nWir freuen uns darauf, unsere Erlebnisse mit euch zu teilen und uns weiterhin mit diesem Thema auseinander zusetzen.<br \/>\nLiebe Gr\u00fc\u00dfe und Gut Pfad<br \/>\ndas Rudel Gecko<\/p>\n<div id='gallery-1' class='gallery galleryid-8262 gallery-columns-3 gallery-size-thumbnail'><figure class='gallery-item'>\n\t\t\t<div class='gallery-icon portrait'>\n\t\t\t\t<a href='https:\/\/vcp.de\/pfadfinden\/auf-die-plaetze-gegen-hetze\/weil-wir-alle-verschieden-und-doch-gleich-sind\/attachment\/20171116_182555\/'><img loading=\"lazy\" decoding=\"async\" width=\"150\" height=\"150\" src=\"https:\/\/vcp.de\/pfadfinden\/wp-content\/uploads\/2017\/12\/20171116_182555-e1512479002824-150x150.jpg\" class=\"attachment-thumbnail size-thumbnail\" alt=\"\" srcset=\"https:\/\/vcp.de\/pfadfinden\/wp-content\/uploads\/2017\/12\/20171116_182555-e1512479002824-150x150.jpg 150w, https:\/\/vcp.de\/pfadfinden\/wp-content\/uploads\/2017\/12\/20171116_182555-e1512479002824-45x45.jpg 45w\" sizes=\"auto, (max-width: 150px) 100vw, 150px\" \/><\/a>\n\t\t\t<\/div><\/figure><figure class='gallery-item'>\n\t\t\t<div class='gallery-icon portrait'>\n\t\t\t\t<a href='https:\/\/vcp.de\/pfadfinden\/auf-die-plaetze-gegen-hetze\/weil-wir-alle-verschieden-und-doch-gleich-sind\/attachment\/img-20171118-wa0009\/'><img loading=\"lazy\" decoding=\"async\" width=\"150\" height=\"150\" src=\"https:\/\/vcp.de\/pfadfinden\/wp-content\/uploads\/2017\/12\/IMG-20171118-WA0009-e1512478977977-150x150.jpg\" class=\"attachment-thumbnail size-thumbnail\" alt=\"\" srcset=\"https:\/\/vcp.de\/pfadfinden\/wp-content\/uploads\/2017\/12\/IMG-20171118-WA0009-e1512478977977-150x150.jpg 150w, https:\/\/vcp.de\/pfadfinden\/wp-content\/uploads\/2017\/12\/IMG-20171118-WA0009-e1512478977977-45x45.jpg 45w\" sizes=\"auto, (max-width: 150px) 100vw, 150px\" \/><\/a>\n\t\t\t<\/div><\/figure><figure class='gallery-item'>\n\t\t\t<div class='gallery-icon portrait'>\n\t\t\t\t<a href='https:\/\/vcp.de\/pfadfinden\/auf-die-plaetze-gegen-hetze\/weil-wir-alle-verschieden-und-doch-gleich-sind\/attachment\/img-20171118-wa0006\/'><img loading=\"lazy\" decoding=\"async\" width=\"150\" height=\"150\" src=\"https:\/\/vcp.de\/pfadfinden\/wp-content\/uploads\/2017\/12\/IMG-20171118-WA0006-150x150.jpg\" class=\"attachment-thumbnail size-thumbnail\" alt=\"\" srcset=\"https:\/\/vcp.de\/pfadfinden\/wp-content\/uploads\/2017\/12\/IMG-20171118-WA0006-150x150.jpg 150w, https:\/\/vcp.de\/pfadfinden\/wp-content\/uploads\/2017\/12\/IMG-20171118-WA0006-45x45.jpg 45w\" sizes=\"auto, (max-width: 150px) 100vw, 150px\" \/><\/a>\n\t\t\t<\/div><\/figure><figure class='gallery-item'>\n\t\t\t<div class='gallery-icon portrait'>\n\t\t\t\t<a href='https:\/\/vcp.de\/pfadfinden\/auf-die-plaetze-gegen-hetze\/weil-wir-alle-verschieden-und-doch-gleich-sind\/attachment\/img-20171118-wa0005\/'><img loading=\"lazy\" decoding=\"async\" width=\"150\" height=\"150\" src=\"https:\/\/vcp.de\/pfadfinden\/wp-content\/uploads\/2017\/12\/IMG-20171118-WA0005-150x150.jpg\" class=\"attachment-thumbnail size-thumbnail\" alt=\"\" srcset=\"https:\/\/vcp.de\/pfadfinden\/wp-content\/uploads\/2017\/12\/IMG-20171118-WA0005-150x150.jpg 150w, https:\/\/vcp.de\/pfadfinden\/wp-content\/uploads\/2017\/12\/IMG-20171118-WA0005-45x45.jpg 45w\" sizes=\"auto, (max-width: 150px) 100vw, 150px\" \/><\/a>\n\t\t\t<\/div><\/figure><figure class='gallery-item'>\n\t\t\t<div class='gallery-icon portrait'>\n\t\t\t\t<a href='https:\/\/vcp.de\/pfadfinden\/auf-die-plaetze-gegen-hetze\/weil-wir-alle-verschieden-und-doch-gleich-sind\/attachment\/img-20171118-wa0003\/'><img loading=\"lazy\" decoding=\"async\" width=\"150\" height=\"150\" src=\"https:\/\/vcp.de\/pfadfinden\/wp-content\/uploads\/2017\/12\/IMG-20171118-WA0003-150x150.jpg\" class=\"attachment-thumbnail size-thumbnail\" alt=\"\" srcset=\"https:\/\/vcp.de\/pfadfinden\/wp-content\/uploads\/2017\/12\/IMG-20171118-WA0003-150x150.jpg 150w, https:\/\/vcp.de\/pfadfinden\/wp-content\/uploads\/2017\/12\/IMG-20171118-WA0003-45x45.jpg 45w\" sizes=\"auto, (max-width: 150px) 100vw, 150px\" \/><\/a>\n\t\t\t<\/div><\/figure><figure class='gallery-item'>\n\t\t\t<div class='gallery-icon portrait'>\n\t\t\t\t<a href='https:\/\/vcp.de\/pfadfinden\/auf-die-plaetze-gegen-hetze\/weil-wir-alle-verschieden-und-doch-gleich-sind\/attachment\/img-20171118-wa0000\/'><img loading=\"lazy\" decoding=\"async\" width=\"150\" height=\"150\" src=\"https:\/\/vcp.de\/pfadfinden\/wp-content\/uploads\/2017\/12\/IMG-20171118-WA0000-150x150.jpg\" class=\"attachment-thumbnail size-thumbnail\" alt=\"\" srcset=\"https:\/\/vcp.de\/pfadfinden\/wp-content\/uploads\/2017\/12\/IMG-20171118-WA0000-150x150.jpg 150w, https:\/\/vcp.de\/pfadfinden\/wp-content\/uploads\/2017\/12\/IMG-20171118-WA0000-45x45.jpg 45w\" sizes=\"auto, (max-width: 150px) 100vw, 150px\" \/><\/a>\n\t\t\t<\/div><\/figure><figure class='gallery-item'>\n\t\t\t<div class='gallery-icon portrait'>\n\t\t\t\t<a href='https:\/\/vcp.de\/pfadfinden\/auf-die-plaetze-gegen-hetze\/weil-wir-alle-verschieden-und-doch-gleich-sind\/attachment\/img-20171118-wa0001\/'><img loading=\"lazy\" decoding=\"async\" width=\"150\" height=\"150\" src=\"https:\/\/vcp.de\/pfadfinden\/wp-content\/uploads\/2017\/12\/IMG-20171118-WA0001-150x150.jpg\" class=\"attachment-thumbnail size-thumbnail\" alt=\"\" srcset=\"https:\/\/vcp.de\/pfadfinden\/wp-content\/uploads\/2017\/12\/IMG-20171118-WA0001-150x150.jpg 150w, https:\/\/vcp.de\/pfadfinden\/wp-content\/uploads\/2017\/12\/IMG-20171118-WA0001-45x45.jpg 45w\" sizes=\"auto, (max-width: 150px) 100vw, 150px\" \/><\/a>\n\t\t\t<\/div><\/figure><figure class='gallery-item'>\n\t\t\t<div class='gallery-icon portrait'>\n\t\t\t\t<a href='https:\/\/vcp.de\/pfadfinden\/auf-die-plaetze-gegen-hetze\/weil-wir-alle-verschieden-und-doch-gleich-sind\/attachment\/img-20171118-wa0002\/'><img loading=\"lazy\" decoding=\"async\" width=\"150\" height=\"150\" src=\"https:\/\/vcp.de\/pfadfinden\/wp-content\/uploads\/2017\/12\/IMG-20171118-WA0002-150x150.jpg\" class=\"attachment-thumbnail size-thumbnail\" alt=\"\" srcset=\"https:\/\/vcp.de\/pfadfinden\/wp-content\/uploads\/2017\/12\/IMG-20171118-WA0002-150x150.jpg 150w, https:\/\/vcp.de\/pfadfinden\/wp-content\/uploads\/2017\/12\/IMG-20171118-WA0002-45x45.jpg 45w\" sizes=\"auto, (max-width: 150px) 100vw, 150px\" \/><\/a>\n\t\t\t<\/div><\/figure><figure class='gallery-item'>\n\t\t\t<div class='gallery-icon landscape'>\n\t\t\t\t<a href='https:\/\/vcp.de\/pfadfinden\/auf-die-plaetze-gegen-hetze\/weil-wir-alle-verschieden-und-doch-gleich-sind\/attachment\/img_20171118_181737_680\/'><img loading=\"lazy\" decoding=\"async\" width=\"150\" height=\"150\" src=\"https:\/\/vcp.de\/pfadfinden\/wp-content\/uploads\/2017\/12\/IMG_20171118_181737_680-150x150.jpg\" class=\"attachment-thumbnail size-thumbnail\" alt=\"\" srcset=\"https:\/\/vcp.de\/pfadfinden\/wp-content\/uploads\/2017\/12\/IMG_20171118_181737_680-150x150.jpg 150w, https:\/\/vcp.de\/pfadfinden\/wp-content\/uploads\/2017\/12\/IMG_20171118_181737_680-45x45.jpg 45w\" sizes=\"auto, (max-width: 150px) 100vw, 150px\" \/><\/a>\n\t\t\t<\/div><\/figure>\n\t\t<\/div>\n\n","protected":false},"excerpt":{"rendered":"<p>Hallo ihr Interessierten, wir sind Kilian (10), Judy (7), Erika (8), Lavinia (8), unser Gast Arpi (8), Kira (7) und unsere Sippenf\u00fchrer*innen Sarah (17) &amp; Jecco (19). Zusammen sind wir das Rudel Gecko des Stammes Nibelungen (Worms, Gau Altburgund, RPS). Nachdem wir mit gro\u00dfer Begeisterung das kleine B\u00fcchlein \u00fcber die Pfadi-Kartoffel und das ganze lustige [&hellip;]<\/p>\n","protected":false},"author":52,"featured_media":8263,"comment_status":"closed","ping_status":"closed","sticky":false,"template":"","format":"standard","meta":{"_acf_changed":false,"inline_featured_image":false,"footnotes":""},"categories":[180],"tags":[248],"class_list":["post-8262","post","type-post","status-publish","format-standard","has-post-thumbnail","hentry","category-auf-die-plaetze-gegen-hetze","tag-wir-sind-aktiv"],"acf":[],"_links":{"self":[{"href":"https:\/\/vcp.de\/pfadfinden\/wp-json\/wp\/v2\/posts\/8262","targetHints":{"allow":["GET"]}}],"collection":[{"href":"https:\/\/vcp.de\/pfadfinden\/wp-json\/wp\/v2\/posts"}],"about":[{"href":"https:\/\/vcp.de\/pfadfinden\/wp-json\/wp\/v2\/types\/post"}],"author":[{"embeddable":true,"href":"https:\/\/vcp.de\/pfadfinden\/wp-json\/wp\/v2\/users\/52"}],"replies":[{"embeddable":true,"href":"https:\/\/vcp.de\/pfadfinden\/wp-json\/wp\/v2\/comments?post=8262"}],"version-history":[{"count":0,"href":"https:\/\/vcp.de\/pfadfinden\/wp-json\/wp\/v2\/posts\/8262\/revisions"}],"wp:featuredmedia":[{"embeddable":true,"href":"https:\/\/vcp.de\/pfadfinden\/wp-json\/wp\/v2\/media\/8263"}],"wp:attachment":[{"href":"https:\/\/vcp.de\/pfadfinden\/wp-json\/wp\/v2\/media?parent=8262"}],"wp:term":[{"taxonomy":"category","embeddable":true,"href":"https:\/\/vcp.de\/pfadfinden\/wp-json\/wp\/v2\/categories?post=8262"},{"taxonomy":"post_tag","embeddable":true,"href":"https:\/\/vcp.de\/pfadfinden\/wp-json\/wp\/v2\/tags?post=8262"}],"curies":[{"name":"wp","href":"https:\/\/api.w.org\/{rel}","templated":true}]}}