{"id":8203,"date":"2017-12-04T12:27:13","date_gmt":"2017-12-04T10:27:13","guid":{"rendered":"http:\/\/www.vcp.de\/pfadfinden\/?p=8203"},"modified":"2017-12-04T15:29:57","modified_gmt":"2017-12-04T13:29:57","slug":"bewerbt-euch-als-un-jugenddelegierte-zur-generalversammlung-2018","status":"publish","type":"post","link":"https:\/\/vcp.de\/pfadfinden\/aus-dem-verband\/bewerbt-euch-als-un-jugenddelegierte-zur-generalversammlung-2018\/","title":{"rendered":"Bewerbt euch als UN-Jugenddelegierte zur Generalversammlung 2018"},"content":{"rendered":"<figure id=\"attachment_8205\" aria-describedby=\"caption-attachment-8205\" style=\"width: 300px\" class=\"wp-caption alignnone\"><a href=\"https:\/\/www.vcp.de\/pfadfinden\/wp-content\/uploads\/2017\/12\/24294112_913554325487996_1502866154590218155_n.jpg\"><img loading=\"lazy\" decoding=\"async\" class=\"size-medium wp-image-8205\" src=\"https:\/\/www.vcp.de\/pfadfinden\/wp-content\/uploads\/2017\/12\/24294112_913554325487996_1502866154590218155_n-300x200.jpg\" alt=\"\" width=\"300\" height=\"200\" srcset=\"https:\/\/vcp.de\/pfadfinden\/wp-content\/uploads\/2017\/12\/24294112_913554325487996_1502866154590218155_n-300x200.jpg 300w, https:\/\/vcp.de\/pfadfinden\/wp-content\/uploads\/2017\/12\/24294112_913554325487996_1502866154590218155_n-768x512.jpg 768w, https:\/\/vcp.de\/pfadfinden\/wp-content\/uploads\/2017\/12\/24294112_913554325487996_1502866154590218155_n.jpg 960w\" sizes=\"auto, (max-width: 300px) 100vw, 300px\" \/><\/a><figcaption id=\"caption-attachment-8205\" class=\"wp-caption-text\">Die bisherige UN-Jugenddelegation Anaick und Pfadfinder Mio.<\/figcaption><\/figure>\n<p>&nbsp;<\/p>\n<p>Pfadfinden ist politisch. Habt ihr euch schon f\u00fcr die Interessen von Kindern und Jugendlichen eingesetzt? K\u00f6nnt ihr euch vorstellen, das auch auf der Generalversammlung der Vereinten Nationen in New York zu machen?<\/p>\n<p>Um junge Menschen vermehrt in die Entscheidungswege auf internationaler Ebene einzubinden, fordern die Vereinten Nationen (UN \u2013 United Nations) die effektive Beteiligung von Jugendlichen in allen gesellschaftlichen Bereichen. Hierzu z\u00e4hlt auch die Einbeziehung von Jugenddelegierten, welche die Delegation ihres Landes zur Generalversammlung der Vereinten Nationen begleiten.<\/p>\n<p>Bist du zwischen 18 und 24 Jahren alt, hast ein besonderes Interesse an der Arbeit der UN, jugendrelevanten Themen, Jugendarbeit und Jugendpolitik?<br \/>\nDie zwei Ausgew\u00e4hlten reisen als Multiplikator*innen der Idee der Vereinten Nationen durch Deutschland, sammeln dabei vielf\u00e4ltige Eindr\u00fccke der Jugendarbeit und vertreten diese dann auf der Generalversammlung in New York.<\/p>\n<p>In der Vergangenheit haben bereits Pfadfinder*innen diese einmalige Chance ergreifen d\u00fcrfen.<\/p>\n<p>Traut euch!<br \/>\n<strong>Bewerbungsschluss ist am 9. Januar 2018 um 12 Uhr.<\/strong><\/p>\n<p>Zur detaillierten\u00a0<a href=\"https:\/\/www.vcp.de\/pfadfinden\/wp-content\/uploads\/2017\/12\/Ausschreibung-2018.pdf\">Ausschreibung-2018<\/a><\/p>\n<p>&nbsp;<\/p>\n<p>Mehr Informationen bietet auch die Seite <a href=\"http:\/\/www.jugenddelegierte.de\">www.jugenddelegierte.de<\/a>.<\/p>\n<p>&nbsp;<\/p>\n<p>Wir w\u00fcnschen euch viel Gl\u00fcck!<\/p>\n<p><a href=\"http:\/\/www.youtube.com\/user\/jugenddelegierte\/videos\">Noch Fragen? Schau hier Videos der Jugenddelegierten.<\/a><\/p>\n<p>&nbsp;<\/p>\n","protected":false},"excerpt":{"rendered":"<p>&nbsp; Pfadfinden ist politisch. Habt ihr euch schon f\u00fcr die Interessen von Kindern und Jugendlichen eingesetzt? K\u00f6nnt ihr euch vorstellen, das auch auf der Generalversammlung der Vereinten Nationen in New York zu machen? Um junge Menschen vermehrt in die Entscheidungswege auf internationaler Ebene einzubinden, fordern die Vereinten Nationen (UN \u2013 United Nations) die effektive Beteiligung [&hellip;]<\/p>\n","protected":false},"author":52,"featured_media":8206,"comment_status":"closed","ping_status":"open","sticky":false,"template":"","format":"standard","meta":{"_acf_changed":false,"inline_featured_image":false,"footnotes":""},"categories":[5],"tags":[83,242],"class_list":["post-8203","post","type-post","status-publish","format-standard","has-post-thumbnail","hentry","category-aus-dem-verband","tag-internationales","tag-un"],"acf":[],"_links":{"self":[{"href":"https:\/\/vcp.de\/pfadfinden\/wp-json\/wp\/v2\/posts\/8203","targetHints":{"allow":["GET"]}}],"collection":[{"href":"https:\/\/vcp.de\/pfadfinden\/wp-json\/wp\/v2\/posts"}],"about":[{"href":"https:\/\/vcp.de\/pfadfinden\/wp-json\/wp\/v2\/types\/post"}],"author":[{"embeddable":true,"href":"https:\/\/vcp.de\/pfadfinden\/wp-json\/wp\/v2\/users\/52"}],"replies":[{"embeddable":true,"href":"https:\/\/vcp.de\/pfadfinden\/wp-json\/wp\/v2\/comments?post=8203"}],"version-history":[{"count":0,"href":"https:\/\/vcp.de\/pfadfinden\/wp-json\/wp\/v2\/posts\/8203\/revisions"}],"wp:featuredmedia":[{"embeddable":true,"href":"https:\/\/vcp.de\/pfadfinden\/wp-json\/wp\/v2\/media\/8206"}],"wp:attachment":[{"href":"https:\/\/vcp.de\/pfadfinden\/wp-json\/wp\/v2\/media?parent=8203"}],"wp:term":[{"taxonomy":"category","embeddable":true,"href":"https:\/\/vcp.de\/pfadfinden\/wp-json\/wp\/v2\/categories?post=8203"},{"taxonomy":"post_tag","embeddable":true,"href":"https:\/\/vcp.de\/pfadfinden\/wp-json\/wp\/v2\/tags?post=8203"}],"curies":[{"name":"wp","href":"https:\/\/api.w.org\/{rel}","templated":true}]}}