{"id":8114,"date":"2017-11-16T15:52:55","date_gmt":"2017-11-16T13:52:55","guid":{"rendered":"http:\/\/www.vcp.de\/pfadfinden\/?p=8114"},"modified":"2017-12-05T16:04:10","modified_gmt":"2017-12-05T14:04:10","slug":"kurs-fuer-stammesleitungen","status":"publish","type":"post","link":"https:\/\/vcp.de\/pfadfinden\/allgemein\/kurs-fuer-stammesleitungen\/","title":{"rendered":"Kurs f\u00fcr Stammesleitungen"},"content":{"rendered":"<p>Du bist neu in der Stammesf\u00fchrung, wirst bald Stammesvorstand werden oder hast als erfahrene Stammesleitung Lust, Neues zu lernen und \u00fcber den Tellerrand des eigenen Stammes und auch des Verbandes zu schauen?<\/p>\n<p>Dann bist Du richtig beim Kurs f\u00fcr Stammesleitungen der Ringverb\u00e4nde in Baden-W\u00fcrttemberg! Mehr Informationen dazu findest du in der Ausschreibung.<\/p>\n<p>Hinweis: Eine Anmeldung ist trotz des abgelaufenen Anmeldeschlusses noch m\u00f6glich!<\/p>\n<p><a href=\"https:\/\/www.vcp.de\/pfadfinden\/wp-content\/uploads\/2017\/11\/Ausschreibung-KfStL-2018.pdf\">Ausschreibung Stammesleitungen<\/a><\/p>\n","protected":false},"excerpt":{"rendered":"<p>Du bist neu in der Stammesf\u00fchrung, wirst bald Stammesvorstand werden oder hast als erfahrene Stammesleitung Lust, Neues zu lernen und \u00fcber den Tellerrand des eigenen Stammes und auch des Verbandes zu schauen? Dann bist Du richtig beim Kurs f\u00fcr Stammesleitungen der Ringverb\u00e4nde in Baden-W\u00fcrttemberg! Mehr Informationen dazu findest du in der Ausschreibung. Hinweis: Eine Anmeldung [&hellip;]<\/p>\n","protected":false},"author":52,"featured_media":7567,"comment_status":"closed","ping_status":"open","sticky":false,"template":"","format":"standard","meta":{"_acf_changed":false,"inline_featured_image":false,"footnotes":""},"categories":[1],"tags":[],"class_list":["post-8114","post","type-post","status-publish","format-standard","has-post-thumbnail","hentry","category-allgemein"],"acf":[],"_links":{"self":[{"href":"https:\/\/vcp.de\/pfadfinden\/wp-json\/wp\/v2\/posts\/8114","targetHints":{"allow":["GET"]}}],"collection":[{"href":"https:\/\/vcp.de\/pfadfinden\/wp-json\/wp\/v2\/posts"}],"about":[{"href":"https:\/\/vcp.de\/pfadfinden\/wp-json\/wp\/v2\/types\/post"}],"author":[{"embeddable":true,"href":"https:\/\/vcp.de\/pfadfinden\/wp-json\/wp\/v2\/users\/52"}],"replies":[{"embeddable":true,"href":"https:\/\/vcp.de\/pfadfinden\/wp-json\/wp\/v2\/comments?post=8114"}],"version-history":[{"count":0,"href":"https:\/\/vcp.de\/pfadfinden\/wp-json\/wp\/v2\/posts\/8114\/revisions"}],"wp:featuredmedia":[{"embeddable":true,"href":"https:\/\/vcp.de\/pfadfinden\/wp-json\/wp\/v2\/media\/7567"}],"wp:attachment":[{"href":"https:\/\/vcp.de\/pfadfinden\/wp-json\/wp\/v2\/media?parent=8114"}],"wp:term":[{"taxonomy":"category","embeddable":true,"href":"https:\/\/vcp.de\/pfadfinden\/wp-json\/wp\/v2\/categories?post=8114"},{"taxonomy":"post_tag","embeddable":true,"href":"https:\/\/vcp.de\/pfadfinden\/wp-json\/wp\/v2\/tags?post=8114"}],"curies":[{"name":"wp","href":"https:\/\/api.w.org\/{rel}","templated":true}]}}