{"id":7951,"date":"2017-10-25T13:09:43","date_gmt":"2017-10-25T11:09:43","guid":{"rendered":"http:\/\/www.vcp.de\/pfadfinden\/?p=7951"},"modified":"2017-10-25T13:17:15","modified_gmt":"2017-10-25T11:17:15","slug":"glaube-feiern-pfadfinden-der-vcp-auf-dem-weg-zum-reformationsjubilaeum","status":"publish","type":"post","link":"https:\/\/vcp.de\/pfadfinden\/reformationsjubilaeum\/glaube-feiern-pfadfinden-der-vcp-auf-dem-weg-zum-reformationsjubilaeum\/","title":{"rendered":"Glaube.Feiern.Pfadfinden. Der VCP auf dem Weg zum Reformationsjubil\u00e4um"},"content":{"rendered":"<div class=\"csc-textpicHeader csc-textpicHeader-26\">\n<div class=\"csc-header csc-header-n1\">\n<figure id=\"attachment_2498\" aria-describedby=\"caption-attachment-2498\" style=\"width: 300px\" class=\"wp-caption alignnone\"><a href=\"https:\/\/www.vcp.de\/pfadfinden\/wp-content\/uploads\/2015\/06\/vcp-r2017-Logo-rgb_final.png\"><img loading=\"lazy\" decoding=\"async\" class=\"size-medium wp-image-2498\" src=\"https:\/\/www.vcp.de\/pfadfinden\/wp-content\/uploads\/2015\/06\/vcp-r2017-Logo-rgb_final-300x93.png\" alt=\"\" width=\"300\" height=\"93\" srcset=\"https:\/\/vcp.de\/pfadfinden\/wp-content\/uploads\/2015\/06\/vcp-r2017-Logo-rgb_final-300x93.png 300w, https:\/\/vcp.de\/pfadfinden\/wp-content\/uploads\/2015\/06\/vcp-r2017-Logo-rgb_final-1024x316.png 1024w, https:\/\/vcp.de\/pfadfinden\/wp-content\/uploads\/2015\/06\/vcp-r2017-Logo-rgb_final.png 1313w\" sizes=\"auto, (max-width: 300px) 100vw, 300px\" \/><\/a><figcaption id=\"caption-attachment-2498\" class=\"wp-caption-text\">VCP-Logo zum Reformationsjubil\u00e4um<\/p>\n<p><\/figcaption><\/figure>\n<h3>Die Handreichung &#8218;Glaube.Feiern.Pfadfinden. Der VCP auf dem Weg zum Reformationsjubil\u00e4um&#8216; ist ein Wegweiser f\u00fcr Pfadfinder*innen auf dem Weg zum Reformationsjubil\u00e4um.<\/h3>\n<h3>Sie enth\u00e4lt:<\/h3>\n<p><strong>Praxis: <\/strong>Viele verschiedene Ideen und Methoden zur Gestaltung von Gruppenstunden<\/p>\n<p><strong>Geschichte: <\/strong>Kurzer, \u00fcbersichtlicher geschichtlicher Abriss mit Meilensteinen der Reformation und ihren wichtigsten K\u00f6pfen und Orten<\/p>\n<p><a href=\"https:\/\/www.vcp.de\/pfadfinden\/wp-content\/uploads\/2017\/10\/VCP_HR_Reformationsjubilaeum.pdf\">Zur Handreichung Reformationsjubil\u00e4um<\/a><\/p>\n<\/div>\n<\/div>\n<p>&nbsp;<\/p>\n<p>1517 haben sich Martin Luther und viele andere aufgemacht, einen neuen Pfad zu suchen. Das Ergebnis dieses Pfades, der zwischen 1517 und 1648 zur Entstehung der verschiedenen christlichen Konfessionen f\u00fchrte, bezeichnen wir heute als die Reformation (lateinisch reformatio \u00bbWiederherstellung, Erneuerung\u00ab).<\/p>\n<p><strong>Am 31.Oktober 2017 j\u00e4hrt sich diese Reformation zum f\u00fcnfhundertsten Mal \u2013 ein guter Grund zu feiern!<\/strong><\/p>\n<p>Wir wollen im VCP aber nicht nur feiern, sondern uns ebenfalls auf einen Pfad begeben. Welche Themen haben die Menschen damals besch\u00e4ftigt? Was hat sich ver\u00e4ndert? Was bedeutet das f\u00fcr uns heute? Und: Welche Ergebnisse und Aussagen der Reformation werden auch in Zukunft f\u00fcr uns bedeutsam sein?<\/p>\n<p>&nbsp;<\/p>\n","protected":false},"excerpt":{"rendered":"<p>Die Handreichung &#8218;Glaube.Feiern.Pfadfinden. Der VCP auf dem Weg zum Reformationsjubil\u00e4um&#8216; ist ein Wegweiser f\u00fcr Pfadfinder*innen auf dem Weg zum Reformationsjubil\u00e4um. Sie enth\u00e4lt: Praxis: Viele verschiedene Ideen und Methoden zur Gestaltung von Gruppenstunden Geschichte: Kurzer, \u00fcbersichtlicher geschichtlicher Abriss mit Meilensteinen der Reformation und ihren wichtigsten K\u00f6pfen und Orten Zur Handreichung Reformationsjubil\u00e4um &nbsp; 1517 haben sich Martin [&hellip;]<\/p>\n","protected":false},"author":52,"featured_media":2738,"comment_status":"closed","ping_status":"open","sticky":false,"template":"","format":"standard","meta":{"_acf_changed":false,"inline_featured_image":false,"footnotes":""},"categories":[43],"tags":[156,169],"class_list":["post-7951","post","type-post","status-publish","format-standard","has-post-thumbnail","hentry","category-reformationsjubilaeum","tag-reformation","tag-reformationsjubilaeum"],"acf":[],"_links":{"self":[{"href":"https:\/\/vcp.de\/pfadfinden\/wp-json\/wp\/v2\/posts\/7951","targetHints":{"allow":["GET"]}}],"collection":[{"href":"https:\/\/vcp.de\/pfadfinden\/wp-json\/wp\/v2\/posts"}],"about":[{"href":"https:\/\/vcp.de\/pfadfinden\/wp-json\/wp\/v2\/types\/post"}],"author":[{"embeddable":true,"href":"https:\/\/vcp.de\/pfadfinden\/wp-json\/wp\/v2\/users\/52"}],"replies":[{"embeddable":true,"href":"https:\/\/vcp.de\/pfadfinden\/wp-json\/wp\/v2\/comments?post=7951"}],"version-history":[{"count":0,"href":"https:\/\/vcp.de\/pfadfinden\/wp-json\/wp\/v2\/posts\/7951\/revisions"}],"wp:featuredmedia":[{"embeddable":true,"href":"https:\/\/vcp.de\/pfadfinden\/wp-json\/wp\/v2\/media\/2738"}],"wp:attachment":[{"href":"https:\/\/vcp.de\/pfadfinden\/wp-json\/wp\/v2\/media?parent=7951"}],"wp:term":[{"taxonomy":"category","embeddable":true,"href":"https:\/\/vcp.de\/pfadfinden\/wp-json\/wp\/v2\/categories?post=7951"},{"taxonomy":"post_tag","embeddable":true,"href":"https:\/\/vcp.de\/pfadfinden\/wp-json\/wp\/v2\/tags?post=7951"}],"curies":[{"name":"wp","href":"https:\/\/api.w.org\/{rel}","templated":true}]}}