{"id":7615,"date":"2017-10-10T10:28:01","date_gmt":"2017-10-10T08:28:01","guid":{"rendered":"http:\/\/www.vcp.de\/pfadfinden\/?p=7615"},"modified":"2023-01-14T09:04:06","modified_gmt":"2023-01-14T08:04:06","slug":"was-ist-eigentlich-das-world-scout-youth-forum-jugenddform-des-weltverbands-wosm","status":"publish","type":"post","link":"https:\/\/vcp.de\/pfadfinden\/internationales\/was-ist-eigentlich-das-world-scout-youth-forum-jugenddform-des-weltverbands-wosm\/","title":{"rendered":"Was ist eigentlich das World Scout Youth Forum (Jugenddform) des Weltverbands WOSM?"},"content":{"rendered":"<h3>Was passiert, wenn mehr als 270 Pfadfinder*innen aus 133 L\u00e4ndern und Territorien zusammen kommen, um Freundschaften zu schlie\u00dfen, sich auszutauschen und Themen der Weltpfadfinderei weiterzuentwickeln?<\/h3>\n<figure id=\"attachment_7616\" aria-describedby=\"caption-attachment-7616\" style=\"width: 486px\" class=\"wp-caption alignnone\"><a href=\"https:\/\/www.vcp.de\/pfadfinden\/wp-content\/uploads\/2017\/10\/Photo-by-Enrique-Leon-8.jpg\"><img loading=\"lazy\" decoding=\"async\" class=\" wp-image-7616\" src=\"https:\/\/www.vcp.de\/pfadfinden\/wp-content\/uploads\/2017\/10\/Photo-by-Enrique-Leon-8-300x153.jpg\" alt=\"\" width=\"486\" height=\"248\" srcset=\"https:\/\/vcp.de\/pfadfinden\/wp-content\/uploads\/2017\/10\/Photo-by-Enrique-Leon-8-300x153.jpg 300w, https:\/\/vcp.de\/pfadfinden\/wp-content\/uploads\/2017\/10\/Photo-by-Enrique-Leon-8-768x393.jpg 768w, https:\/\/vcp.de\/pfadfinden\/wp-content\/uploads\/2017\/10\/Photo-by-Enrique-Leon-8-1024x524.jpg 1024w\" sizes=\"auto, (max-width: 486px) 100vw, 486px\" \/><\/a><figcaption id=\"caption-attachment-7616\" class=\"wp-caption-text\">World Scout Conference &#8211; Youth Forum 2017, Baku, Azerbaijan. Photo by Enrique Leon<\/figcaption><\/figure>\n<h3>Clara und Jakob waren als Junge Delegierte in Aserbaidschan dabei und haben f\u00fcr euch andere Teilnehmer*innen gefragt, wie sie es euch erkl\u00e4ren w\u00fcrden:<\/h3>\n<p>Sarah, 21 Jahre, aus Frankreich<\/p>\n<blockquote><p>Das Forum ist eine M\u00f6glichkeit f\u00fcr junge Pfadfinder*innen Weltoffenheit zu erleben. Zum Beispiel durch den Dialog mit anderen und dem Austauschen von Erfahrungen, aber vor allem durch das gemeinsame Pfadfinden. Es war eine so inspirierende Woche in der wir nicht nur Ideen kreiert, sondern auch zusammen umgesetzt haben.<\/p><\/blockquote>\n<p>Joceline, 21 Jahre, aus B\u00e9nin,<\/p>\n<blockquote><p>Das Jugendforum ist eine gro\u00dfartige M\u00f6glichkeit f\u00fcr Jugendliche aus der ganzen Welt sich zu treffen, zusammen zu arbeiten und gemeinsam neue Dinge zu entdecken und zu lernen.<\/p><\/blockquote>\n<p>Marco, 25 Jahre, aus Italien<\/p>\n<blockquote><p>Zum Forum kommen Pfadfinder*innen aus der ganzen Welt zusammen um Diskussionen zu haben, Ideen und W\u00fcnsche zu teilen, mit dem Ziel die Pfadfinderbewegung weiterzuentwickeln. Dadurch sind junge Leute in den politischen Entscheidungsprozess von WOSM eingebunden und k\u00f6nnen so Einfluss auf die Entwicklung des Verbandes nehmen.<\/p><\/blockquote>\n<p>Rabi, 23 Jahre, aus Niger<\/p>\n<blockquote><p>Das Jugendforum zeigt, dass Menschen mit unterschiedlichsten Nationalit\u00e4ten, Hintergr\u00fcnden und Erfahrungen sehr gut zusammenarbeiten k\u00f6nnen um eine gemeinsame Entwicklung voran zu bringen. Ich hoffe, dass auch viele zuk\u00fcnftige Generationen solch eine Chance bekommen werden.<\/p><\/blockquote>\n<p>Joel, 21 Jahre, aus Mexiko<\/p>\n<blockquote><p>Junge Leute haben dort die M\u00f6glichkeit ihre Ansichten zu teilen und Ideen zur Entwicklung und Verbesserung WOSMs vorzuschlagen. Es ist auch eine gro\u00dfartige M\u00f6glichkeit zuk\u00fcnftige junge Leiter*innen zu finden oder zu best\u00e4rken. Nicht nur f\u00fcr den Verband sondern auch allgemein.<\/p><\/blockquote>\n<p>Omar, 25 Jahre alt, aus Gambia<\/p>\n<blockquote><p>Auf dem Forum teilen wir auch unsere besten Methoden und inspirieren somit andere und werden selbst inspiriert.<\/p><\/blockquote>\n","protected":false},"excerpt":{"rendered":"<p>Was passiert, wenn mehr als 270 Pfadfinder*innen aus 133 L\u00e4ndern und Territorien zusammen kommen, um Freundschaften zu schlie\u00dfen, sich auszutauschen und Themen der Weltpfadfinderei weiterzuentwickeln? Clara und Jakob waren als Junge Delegierte in Aserbaidschan dabei und haben f\u00fcr euch andere Teilnehmer*innen gefragt, wie sie es euch erkl\u00e4ren w\u00fcrden: Sarah, 21 Jahre, aus Frankreich Das Forum [&hellip;]<\/p>\n","protected":false},"author":52,"featured_media":7616,"comment_status":"closed","ping_status":"open","sticky":false,"template":"","format":"standard","meta":{"_acf_changed":false,"inline_featured_image":false,"footnotes":""},"categories":[419,14],"tags":[218,230,83,10,15],"class_list":["post-7615","post","type-post","status-publish","format-standard","has-post-thumbnail","hentry","category-auf-neuem-pfad","category-internationales","tag-anp","tag-anp1703","tag-internationales","tag-weltkonferenz","tag-wosm"],"acf":[],"_links":{"self":[{"href":"https:\/\/vcp.de\/pfadfinden\/wp-json\/wp\/v2\/posts\/7615","targetHints":{"allow":["GET"]}}],"collection":[{"href":"https:\/\/vcp.de\/pfadfinden\/wp-json\/wp\/v2\/posts"}],"about":[{"href":"https:\/\/vcp.de\/pfadfinden\/wp-json\/wp\/v2\/types\/post"}],"author":[{"embeddable":true,"href":"https:\/\/vcp.de\/pfadfinden\/wp-json\/wp\/v2\/users\/52"}],"replies":[{"embeddable":true,"href":"https:\/\/vcp.de\/pfadfinden\/wp-json\/wp\/v2\/comments?post=7615"}],"version-history":[{"count":1,"href":"https:\/\/vcp.de\/pfadfinden\/wp-json\/wp\/v2\/posts\/7615\/revisions"}],"predecessor-version":[{"id":28320,"href":"https:\/\/vcp.de\/pfadfinden\/wp-json\/wp\/v2\/posts\/7615\/revisions\/28320"}],"wp:featuredmedia":[{"embeddable":true,"href":"https:\/\/vcp.de\/pfadfinden\/wp-json\/wp\/v2\/media\/7616"}],"wp:attachment":[{"href":"https:\/\/vcp.de\/pfadfinden\/wp-json\/wp\/v2\/media?parent=7615"}],"wp:term":[{"taxonomy":"category","embeddable":true,"href":"https:\/\/vcp.de\/pfadfinden\/wp-json\/wp\/v2\/categories?post=7615"},{"taxonomy":"post_tag","embeddable":true,"href":"https:\/\/vcp.de\/pfadfinden\/wp-json\/wp\/v2\/tags?post=7615"}],"curies":[{"name":"wp","href":"https:\/\/api.w.org\/{rel}","templated":true}]}}