{"id":7613,"date":"2017-10-10T10:13:05","date_gmt":"2017-10-10T08:13:05","guid":{"rendered":"http:\/\/www.vcp.de\/pfadfinden\/?p=7613"},"modified":"2023-02-01T15:57:02","modified_gmt":"2023-02-01T14:57:02","slug":"berichte-von-den-weltkonferenzen","status":"publish","type":"post","link":"https:\/\/vcp.de\/pfadfinden\/internationales\/berichte-von-den-weltkonferenzen\/","title":{"rendered":"Berichte von den Weltkonferenzen"},"content":{"rendered":"<h2>Weltkonferenzen: Was ist das? Warum sind wir da?<\/h2>\n<p>Der VCP ist der Evangelische Pfadfinder*innenverband in Deutschland, der Mitglied in den beiden Weltpfadfinder*innenorganisationen WAGGGS und WOSM ist. Daher tragen wir im VCP beide Weltverbandsabzeichen auf dem linken \u00c4rmel unserer Kluft. Die Begr\u00fcnder der Pfadfinder*innenbewegung, Robert Baden-Powell und seine Frau Olave gr\u00fcndeten vor \u00fcber 100 Jahren die beiden Verb\u00e4nde, die zusammen mittlerweile \u00fcber 60 Millionen Mitglieder weltweit haben.<\/p>\n<p>Alle drei Jahre finden die Weltkonferenzen in einem anderen Land statt.<\/p>\n<h3>F\u00fcr die Weltpfadfinderinnenorganisation (WAGGGS) fand die Konferenz dieses Jahr in Delhi, Indien statt.<\/h3>\n<p><strong>Berichte und Bilder der Weltkonferenz in Indien<\/strong><\/p>\n<blockquote class=\"wp-embedded-content\" data-secret=\"SKVEdavEY4\"><p><a href=\"https:\/\/www.vcp.de\/pfadfinden\/internationales\/die-wagggs-weltkonferenz-in-indien\/\">Die WAGGGS-Weltkonferenz in Indien<\/a><\/p><\/blockquote>\n<p><iframe loading=\"lazy\" class=\"wp-embedded-content\" sandbox=\"allow-scripts\" security=\"restricted\" style=\"position: absolute; visibility: hidden;\" title=\"&#8222;Die WAGGGS-Weltkonferenz in Indien&#8220; &#8212; VCP-Blog\" src=\"https:\/\/www.vcp.de\/pfadfinden\/internationales\/die-wagggs-weltkonferenz-in-indien\/embed\/#?secret=22KhbxCtJH#?secret=SKVEdavEY4\" data-secret=\"SKVEdavEY4\" width=\"600\" height=\"338\" frameborder=\"0\" marginwidth=\"0\" marginheight=\"0\" scrolling=\"no\"><\/iframe><\/p>\n<div class=\"flickree caption\">\n<a href=\"https:\/\/live.staticflickr.com\/4446\/36830271653_74f05c7188_o.jpg\" target=\"_blank\" rel=\"noopener\"><br \/>\n  <img decoding=\"async\" src=\"https:\/\/live.staticflickr.com\/4446\/36830271653_a26554a31b_s.jpg\" alt=\"Indien 2017\" title=\"Indien 2017\" width=\"75\" \/><br \/>\n<\/a>\n<\/div>\n<div class=\"flickree caption\">\n<a href=\"https:\/\/live.staticflickr.com\/4451\/23646978848_6faf49c66a_o.jpg\" target=\"_blank\" rel=\"noopener\"><br \/>\n  <img decoding=\"async\" src=\"https:\/\/live.staticflickr.com\/4451\/23646978848_ee7fd7614a_s.jpg\" alt=\"Indien 2017\" title=\"Indien 2017\" width=\"75\" \/><br \/>\n<\/a>\n<\/div>\n<div class=\"flickree caption\">\n<a href=\"https:\/\/live.staticflickr.com\/4498\/37499413731_c8f635d34e_o.jpg\" target=\"_blank\" rel=\"noopener\"><br \/>\n  <img decoding=\"async\" src=\"https:\/\/live.staticflickr.com\/4498\/37499413731_2bcb4f83b5_s.jpg\" alt=\"Indien 2017\" title=\"Indien 2017\" width=\"75\" \/><br \/>\n<\/a>\n<\/div>\n<div class=\"flickree caption\">\n<a href=\"https:\/\/live.staticflickr.com\/4485\/37468307062_04cdb20fdd_o.jpg\" target=\"_blank\" rel=\"noopener\"><br \/>\n  <img decoding=\"async\" src=\"https:\/\/live.staticflickr.com\/4485\/37468307062_08ec880c33_s.jpg\" alt=\"Indien 2017\" title=\"Indien 2017\" width=\"75\" \/><br \/>\n<\/a>\n<\/div>\n<div class=\"flickree caption\">\n<a href=\"https:\/\/live.staticflickr.com\/4480\/37468312712_41b3c265c4_o.jpg\" target=\"_blank\" rel=\"noopener\"><br \/>\n  <img decoding=\"async\" src=\"https:\/\/live.staticflickr.com\/4480\/37468312712_764ccf9e81_s.jpg\" alt=\"Indien 2017\" title=\"Indien 2017\" width=\"75\" \/><br \/>\n<\/a>\n<\/div>\n<div style=\"clear: both;\"><\/div>\n<h3>Die <strong>WOSM Konferenz<\/strong> fand in Baku, Aserbaidschan statt, integriert war dort das das World Scout Youth Forum (Jugendforum).<\/h3>\n<p><strong>Berichte vom Jugendforum und der WOSM Konferenz<\/strong><\/p>\n<p>&nbsp;<\/p>\n<blockquote class=\"wp-embedded-content\" data-secret=\"vXVlVweCxB\"><p><a href=\"https:\/\/www.vcp.de\/pfadfinden\/internationales\/neuigkeiten-von-der-weltkonferenz-in-aserbaidschan\/\">Neuigkeiten von der Weltkonferenz in Aserbaidschan<\/a><\/p><\/blockquote>\n<p><iframe loading=\"lazy\" class=\"wp-embedded-content\" sandbox=\"allow-scripts\" security=\"restricted\" style=\"position: absolute; visibility: hidden;\" title=\"&#8222;Neuigkeiten von der Weltkonferenz in Aserbaidschan&#8220; &#8212; VCP-Blog\" src=\"https:\/\/www.vcp.de\/pfadfinden\/internationales\/neuigkeiten-von-der-weltkonferenz-in-aserbaidschan\/embed\/#?secret=l8gsIWCHcO#?secret=vXVlVweCxB\" data-secret=\"vXVlVweCxB\" width=\"600\" height=\"338\" frameborder=\"0\" marginwidth=\"0\" marginheight=\"0\" scrolling=\"no\"><\/iframe><\/p>\n<blockquote class=\"wp-embedded-content\" data-secret=\"rDBsFb4AhL\"><p><a href=\"https:\/\/www.vcp.de\/pfadfinden\/internationales\/was-ist-eigentlich-das-world-scout-youth-forum-jugenddform-des-weltverbands-wosm\/\">Was ist eigentlich das World Scout Youth Forum (Jugenddform) des Weltverbands WOSM?<\/a><\/p><\/blockquote>\n<p><iframe loading=\"lazy\" class=\"wp-embedded-content\" sandbox=\"allow-scripts\" security=\"restricted\" style=\"position: absolute; visibility: hidden;\" title=\"&#8222;Was ist eigentlich das World Scout Youth Forum (Jugenddform) des Weltverbands WOSM?&#8220; &#8212; VCP-Blog\" src=\"https:\/\/www.vcp.de\/pfadfinden\/internationales\/was-ist-eigentlich-das-world-scout-youth-forum-jugenddform-des-weltverbands-wosm\/embed\/#?secret=hDBckc1a7f#?secret=rDBsFb4AhL\" data-secret=\"rDBsFb4AhL\" width=\"600\" height=\"338\" frameborder=\"0\" marginwidth=\"0\" marginheight=\"0\" scrolling=\"no\"><\/iframe><\/p>\n<div class=\"flickree caption\">\n<a href=\"https:\/\/live.staticflickr.com\/4413\/36602854826_c558b9ae21_o.jpg\" target=\"_blank\" rel=\"noopener\"><br \/>\n  <img decoding=\"async\" src=\"https:\/\/live.staticflickr.com\/4413\/36602854826_2ec44d64da_s.jpg\" alt=\"EL_WSYF_08182017_0071\" title=\"EL_WSYF_08182017_0071\" width=\"75\" \/><br \/>\n<\/a>\n<\/div>\n<div class=\"flickree caption\">\n<a href=\"https:\/\/live.staticflickr.com\/4372\/36649220565_1a04e1d630_o.jpg\" target=\"_blank\" rel=\"noopener\"><br \/>\n  <img decoding=\"async\" src=\"https:\/\/live.staticflickr.com\/4372\/36649220565_61dbd0dae8_s.jpg\" alt=\"EL_WSYF_08182017_0070\" title=\"EL_WSYF_08182017_0070\" width=\"75\" \/><br \/>\n<\/a>\n<\/div>\n<div class=\"flickree caption\">\n<a href=\"https:\/\/live.staticflickr.com\/4358\/36649222215_246fbdcdd7_o.jpg\" target=\"_blank\" rel=\"noopener\"><br \/>\n  <img decoding=\"async\" src=\"https:\/\/live.staticflickr.com\/4358\/36649222215_84de2ae41e_s.jpg\" alt=\"EL_WSYF_08182017_0069\" title=\"EL_WSYF_08182017_0069\" width=\"75\" \/><br \/>\n<\/a>\n<\/div>\n<div class=\"flickree caption\">\n<a href=\"https:\/\/live.staticflickr.com\/4379\/36649223385_69e632f936_o.jpg\" target=\"_blank\" rel=\"noopener\"><br \/>\n  <img decoding=\"async\" src=\"https:\/\/live.staticflickr.com\/4379\/36649223385_e47cb9a598_s.jpg\" alt=\"EL_WSYF_08182017_0068\" title=\"EL_WSYF_08182017_0068\" width=\"75\" \/><br \/>\n<\/a>\n<\/div>\n<div class=\"flickree caption\">\n<a href=\"https:\/\/live.staticflickr.com\/4391\/36649227045_1c73333171_o.jpg\" target=\"_blank\" rel=\"noopener\"><br \/>\n  <img decoding=\"async\" src=\"https:\/\/live.staticflickr.com\/4391\/36649227045_fed7386cd5_s.jpg\" alt=\"EL_WSYF_08182017_0067\" title=\"EL_WSYF_08182017_0067\" width=\"75\" \/><br \/>\n<\/a>\n<\/div>\n<div style=\"clear: both;\"><\/div>\n<p>\u00c4hnlich wie auf unseren Landesversammlungen und der Bundesversammlung kommen Delegationen aus allen Mitgliedsl\u00e4ndern zu den Konferenzen. Aus Deutschland gab es f\u00fcr beide Konferenzen gemeinsame Delegationen der Ringe (RDP\/RdP), bestehend aus Vertreter*innen des BdP, der DPSG, der PSG und des VCP. An den Delegationen nahmen neben den Verbandsvorsitzenden und den internationalen Beauftragten auch Junge Delegierte teil.<\/p>\n<p>Auf beiden Konferenzen konnten wir die Arbeit unserer Verb\u00e4nden gut vorstellen. Zugleich erhielten wir vielseitige Eindr\u00fccke wie erfolgreiche Pfadfinder*innen Arbeit in anderen L\u00e4ndern aussieht. Wir stellten eigene Antr\u00e4ge und konnten so unsere Idee von Pfadfinden in Deutschland in die Arbeit auf Weltebene einbringen.<\/p>\n<p>&nbsp;<\/p>\n","protected":false},"excerpt":{"rendered":"<p>Weltkonferenzen: Was ist das? Warum sind wir da? Der VCP ist der Evangelische Pfadfinder*innenverband in Deutschland, der Mitglied in den beiden Weltpfadfinder*innenorganisationen WAGGGS und WOSM ist. Daher tragen wir im VCP beide Weltverbandsabzeichen auf dem linken \u00c4rmel unserer Kluft. Die Begr\u00fcnder der Pfadfinder*innenbewegung, Robert Baden-Powell und seine Frau Olave gr\u00fcndeten vor \u00fcber 100 Jahren die [&hellip;]<\/p>\n","protected":false},"author":52,"featured_media":7027,"comment_status":"closed","ping_status":"open","sticky":false,"template":"","format":"standard","meta":{"_acf_changed":false,"inline_featured_image":false,"footnotes":""},"categories":[419,14],"tags":[230,83,11,10,15],"class_list":["post-7613","post","type-post","status-publish","format-standard","has-post-thumbnail","hentry","category-auf-neuem-pfad","category-internationales","tag-anp1703","tag-internationales","tag-wagggs","tag-weltkonferenz","tag-wosm"],"acf":[],"_links":{"self":[{"href":"https:\/\/vcp.de\/pfadfinden\/wp-json\/wp\/v2\/posts\/7613","targetHints":{"allow":["GET"]}}],"collection":[{"href":"https:\/\/vcp.de\/pfadfinden\/wp-json\/wp\/v2\/posts"}],"about":[{"href":"https:\/\/vcp.de\/pfadfinden\/wp-json\/wp\/v2\/types\/post"}],"author":[{"embeddable":true,"href":"https:\/\/vcp.de\/pfadfinden\/wp-json\/wp\/v2\/users\/52"}],"replies":[{"embeddable":true,"href":"https:\/\/vcp.de\/pfadfinden\/wp-json\/wp\/v2\/comments?post=7613"}],"version-history":[{"count":2,"href":"https:\/\/vcp.de\/pfadfinden\/wp-json\/wp\/v2\/posts\/7613\/revisions"}],"predecessor-version":[{"id":29092,"href":"https:\/\/vcp.de\/pfadfinden\/wp-json\/wp\/v2\/posts\/7613\/revisions\/29092"}],"wp:featuredmedia":[{"embeddable":true,"href":"https:\/\/vcp.de\/pfadfinden\/wp-json\/wp\/v2\/media\/7027"}],"wp:attachment":[{"href":"https:\/\/vcp.de\/pfadfinden\/wp-json\/wp\/v2\/media?parent=7613"}],"wp:term":[{"taxonomy":"category","embeddable":true,"href":"https:\/\/vcp.de\/pfadfinden\/wp-json\/wp\/v2\/categories?post=7613"},{"taxonomy":"post_tag","embeddable":true,"href":"https:\/\/vcp.de\/pfadfinden\/wp-json\/wp\/v2\/tags?post=7613"}],"curies":[{"name":"wp","href":"https:\/\/api.w.org\/{rel}","templated":true}]}}