{"id":7229,"date":"2017-09-01T10:18:21","date_gmt":"2017-09-01T08:18:21","guid":{"rendered":"http:\/\/www.vcp.de\/pfadfinden\/?p=7229"},"modified":"2023-10-13T14:21:21","modified_gmt":"2023-10-13T12:21:21","slug":"unser-brief-an-die-kanzlerin","status":"publish","type":"post","link":"https:\/\/vcp.de\/pfadfinden\/aus-dem-verband\/unser-brief-an-die-kanzlerin\/","title":{"rendered":"Unser Brief an die Kanzlerin"},"content":{"rendered":"<figure id=\"attachment_7236\" aria-describedby=\"caption-attachment-7236\" style=\"width: 225px\" class=\"wp-caption alignnone\"><a href=\"https:\/\/www.vcp.de\/pfadfinden\/wp-content\/uploads\/2017\/08\/Brief-an-Merkel-e1504253760283.jpg\"><img loading=\"lazy\" decoding=\"async\" class=\"wp-image-7236 size-medium\" src=\"https:\/\/www.vcp.de\/pfadfinden\/wp-content\/uploads\/2017\/08\/Brief-an-Merkel-e1504253760283-225x300.jpg\" alt=\"\" width=\"225\" height=\"300\" \/><\/a><figcaption id=\"caption-attachment-7236\" class=\"wp-caption-text\">Foto: VCP\/Lena Simosek<\/figcaption><\/figure>\n<p>Im Juni wurde auf der Bundesversammlung ein Beschluss gegen die Abschiebepolitik der Bundesregierung verabschiedet.<br \/>\nIm Beschluss hei\u00dft es:<\/p>\n<p>\u201eDer Verband Christlicher Pfadfinderinnen und Pfadfinder (VCP) e.V. sieht in der aktuellen Abschiebepolitik der Bundesregierung der Bundesrepublik Deutschland eine menschenverachtende Praxis und grobe Verletzung der Menschenw\u00fcrde.<\/p>\n<p>Insbesondere die R\u00fcckf\u00fchrung von Menschen nach Afghanistan durch deutsche Beh\u00f6rden ist nach Meinung des VCP eine klare Verletzung von Grundrechten.<\/p>\n<p>Der Verband Christlicher Pfadfinderinnen und Pfadfinder (VCP) e.V. fordert die Bundesregierung auf, die Abschiebung in L\u00e4nder, in denen augenscheinlich Bedrohung f\u00fcr Leib und Leben herrscht und in denen politische Verfolgung droht, einzustellen.\u201c<\/p>\n<p>Um diesem Beschluss nun nachzukommen wurde vor kurzem ein Brief an die Kanzlerin, den Bundestagspr\u00e4sidenten sowie die Vorsitzenden der Fraktionen im Bundestag, unterschrieben durch den Bundesvorstand des VCP, verschickt.<\/p>\n<p>Der Brief zeigt den Politiker*innen, dass die Abschiebepraxis der Bundesregierung nicht mit unseren pfadfinderischen Werten zu vereinbaren ist. Wir Pfadfinder*innen stehen f\u00fcr Einf\u00fchlungsverm\u00f6gen, Toleranz, Solidarit\u00e4t, R\u00fccksichtnahme und Gerechtigkeit und setzen uns gewaltfrei f\u00fcr die V\u00f6lkerverst\u00e4ndigung und den Frieden ein.<br \/>\nDie Politiker*innen werden aufgefordert sich f\u00fcr eine, dem Beschluss entsprechende, Politik einzusetzen.<\/p>\n<p><a href=\"https:\/\/www.vcp.de\/pfadfinden\/wp-content\/uploads\/2017\/08\/Brief_Merkel.pdf\">Den ganzen Brief k\u00f6nnt ihr hier nachlesen.<\/a><\/p>\n<p>UPDATE<br \/>\n<a href=\"https:\/\/www.vcp.de\/pfadfinden\/wp-content\/uploads\/2017\/09\/Antwort_Kauder.pdf\">Hier<\/a> findet ihr die Antwort des Fraktionsvorsitzenden der CDU\/CSU Fraktion im Bundestag Volker Kauder.<\/p>\n<p>&nbsp;<\/p>\n","protected":false},"excerpt":{"rendered":"<p>Im Juni wurde auf der Bundesversammlung ein Beschluss gegen die Abschiebepolitik der Bundesregierung verabschiedet. Im Beschluss hei\u00dft es: \u201eDer Verband Christlicher Pfadfinderinnen und Pfadfinder (VCP) e.V. sieht in der aktuellen Abschiebepolitik der Bundesregierung der Bundesrepublik Deutschland eine menschenverachtende Praxis und grobe Verletzung der Menschenw\u00fcrde. Insbesondere die R\u00fcckf\u00fchrung von Menschen nach Afghanistan durch deutsche Beh\u00f6rden ist [&hellip;]<\/p>\n","protected":false},"author":52,"featured_media":7236,"comment_status":"closed","ping_status":"open","sticky":false,"template":"","format":"standard","meta":{"_acf_changed":false,"inline_featured_image":false,"footnotes":""},"categories":[5,516],"tags":[92,79,83],"class_list":["post-7229","post","type-post","status-publish","format-standard","has-post-thumbnail","hentry","category-aus-dem-verband","category-vcpbv","tag-bundesversammlung","tag-fluechtlingshilfe","tag-internationales"],"acf":[],"_links":{"self":[{"href":"https:\/\/vcp.de\/pfadfinden\/wp-json\/wp\/v2\/posts\/7229","targetHints":{"allow":["GET"]}}],"collection":[{"href":"https:\/\/vcp.de\/pfadfinden\/wp-json\/wp\/v2\/posts"}],"about":[{"href":"https:\/\/vcp.de\/pfadfinden\/wp-json\/wp\/v2\/types\/post"}],"author":[{"embeddable":true,"href":"https:\/\/vcp.de\/pfadfinden\/wp-json\/wp\/v2\/users\/52"}],"replies":[{"embeddable":true,"href":"https:\/\/vcp.de\/pfadfinden\/wp-json\/wp\/v2\/comments?post=7229"}],"version-history":[{"count":1,"href":"https:\/\/vcp.de\/pfadfinden\/wp-json\/wp\/v2\/posts\/7229\/revisions"}],"predecessor-version":[{"id":32420,"href":"https:\/\/vcp.de\/pfadfinden\/wp-json\/wp\/v2\/posts\/7229\/revisions\/32420"}],"wp:featuredmedia":[{"embeddable":true,"href":"https:\/\/vcp.de\/pfadfinden\/wp-json\/wp\/v2\/media\/7236"}],"wp:attachment":[{"href":"https:\/\/vcp.de\/pfadfinden\/wp-json\/wp\/v2\/media?parent=7229"}],"wp:term":[{"taxonomy":"category","embeddable":true,"href":"https:\/\/vcp.de\/pfadfinden\/wp-json\/wp\/v2\/categories?post=7229"},{"taxonomy":"post_tag","embeddable":true,"href":"https:\/\/vcp.de\/pfadfinden\/wp-json\/wp\/v2\/tags?post=7229"}],"curies":[{"name":"wp","href":"https:\/\/api.w.org\/{rel}","templated":true}]}}