{"id":7071,"date":"2017-08-17T10:41:29","date_gmt":"2017-08-17T08:41:29","guid":{"rendered":"http:\/\/www.vcp.de\/pfadfinden\/?p=7071"},"modified":"2017-08-17T16:30:25","modified_gmt":"2017-08-17T14:30:25","slug":"bericht-vom-vk-zelten-vom-24-5-28-5-2017","status":"publish","type":"post","link":"https:\/\/vcp.de\/pfadfinden\/erwin\/bericht-vom-vk-zelten-vom-24-5-28-5-2017\/","title":{"rendered":"Bericht vom Vater-Kind-Zelten vom 24.5. \u2013 28.5.2017"},"content":{"rendered":"<p><em>Ein Erlebnisbericht von Daniel Warth \u201eProf\u201c<\/em><\/p>\n<p>Alle Jahre wieder kommt Himmelfahrt und bundesweit plumpsen einige M\u00fctter und Ehefrauen fr\u00fchmorgens erleichtert ins Bett zur\u00fcck: Zum Gl\u00fcck ist wieder Vater+Kind-Zelten beim VCP! F\u00fcr vier Tage treffen sich dann exklusiv V\u00e4ter und ihre Kinder auf dem Jugendzeltplatz Wildpark bei Gro\u00df-Gerau zu gemeinsamen und spannenden Aktivit\u00e4ten in frischer Luft und sch\u00f6ner Natur. Diesmal waren es 29 Leute, die aus Nah und Fern nach S\u00fcdhessen kamen. Schnell stellte sich anhand der Tracht heraus, dass einige V\u00e4ter aktive und ehemalige Pfadfinder waren und wir kamen gleich ins frotzelnde Gespr\u00e4ch, sp\u00e4testens als es um hilfreiche Tipps und Kniffs beim mehr oder weniger flotten Aufbau von Trekkingzelt, Kohte und Jurte ging: Da war er wieder, der alte Geist von Baden-Powell! Bald senkte sich die Sonne \u00fcber dem Lagergrund und nach dem Abendbrot wurde das erste Lagerfeuer entz\u00fcndet. W\u00e4hrend die Kinder, m\u00fcde von Spiel und Anreise, Brennholz nachschoben, stimmten Karl-Heinz, Tyll und Reiner mit den Klampfen die alte und neue Fahrten-und Wandervogellieder an. Sie erz\u00e4hlten uns so manche interessante Anekdote aus der Pfadfinderbewegung.<\/p>\n<p>An Himmelfahrt selbst zeigte sich das Wetter von der sch\u00f6nste Seite und da am Flughafen gerade die Startbahn West neu betoniert wurde, war auch die Ruhe \u00fcber dem Zeltplatz einmalig himmlisch\u2026.Weil noch nicht alle angereist waren, beschlossen wir, den ersten Tag nach dem Fr\u00fchst\u00fccksbuffet gem\u00fctlich mit Lageraufbau bzw. -optimierung und Spielaktivit\u00e4ten zu beginnen.<\/p>\n<p>Auf Wunsch der Kinder gab es unter anderem ein Projekt Feuerbau mit einem klassischen Pyramidenfeuer, dass mit Birkenrindensp\u00e4nen und unter Verwendung von nur einem Streichh\u00f6lzchen gleich zum Teekochen genutzt wurde. Wer wollte, konnte im Sitzring auch an einem von Reiner angebotenen Gitarren-Schnellkurs teilnehmen und so wurde das Vogelgezwitscher des Waldes mit mehr oder weniger flottem Gitarrenbeat akustisch untermalt. Andere spielten Wikinger-Schach oder st\u00fcrmten den Kletterbaum am Rande der Lagerwiese. Manche Kinder nutzten auch die Gelegenheit, mal das ganze Wildpark-Areal auf eigene Faust zu erkunden und waren daraufhin im lichten Maigr\u00fcn f\u00fcr l\u00e4ngere Zeit nicht mehr zu sehen.<\/p>\n<p>Da nun jeder die Grenzen des Lagerareals kannte, wurde nach der Mittagspause von den V\u00e4tern ein Gel\u00e4ndespiel angesetzt: Es galt f\u00fcr die zwei eingeteilten Gruppen, gegenseitig die Holzpyramiden einzuwerfen und m\u00f6glichst viel Gefangene zu machen. Dabei zeigte sich wieder, wie clever Kinder sind, wenn sie nur ein paar Sonderregeln haben: Denn mit geschickter Belagerungstechnik machten sie besonders der bald unterlegenen S\u00fcdgruppe das Angreiferleben sehr schwer\u2026 Da es nun ziemlich hei\u00df geworden war, kam es aber nicht zur Revanche. Im Schatten und bei k\u00fchlen Getr\u00e4nken wurde in gem\u00fctlicher Runde geschnitzt, geredet oder sogar f\u00fcr das m\u00fcndliche Abitur gelernt. Nach dem traditionell bajuwarischen Abendessen mit \u201eSchwoansbratn, Kneadeln und a oder zwoa Moa\u00df\u201c, pr\u00e4sentiert von K\u00fcchenmeister Tyll, folgte dann eine Schatzsuche f\u00fcr die Kinder. Nach geschickter Buchstabenkombinatorik und flinkem Gewusel durchs Unterholz von \u201e\u00d6senbaum\u201c bis \u201eTeufelstisch\u201c konnte endlich im sandigen Bachbett ein ganzer Sack leckerer S\u00fc\u00dfigkeiten ausgeschaufelt werden, quasi ein Mega-Betthupferl! Und wer immer noch nicht m\u00fcde war, konnte sich noch ein individuelles T-Shirt mit Linoldruck erstellen\u2026<\/p>\n<p>Der n\u00e4chste Morgen begann gut ausgeruht mit einem gesunden Fr\u00fchst\u00fcck mit Obst und Cerealien, erg\u00e4nzt mit Speck und Eiern: Kraftspeise f\u00fcr die Kanuten, die heute den Altrhein bei Stockstadt mit kr\u00e4ftigen Paddelschl\u00e4gen aufmischen wollten. Da nur sechs Kajaks bzw. Kanadier zur Verf\u00fcgung standen, sollten heute n\u00e4mlich eher die \u00e4lteren und erfahrenen Teilnehmer*innen aufs Wasser gehen. F\u00fcr die j\u00fcngeren Kinder und ihre V\u00e4ter galt offenes Programm. So bauten wir kleine Modell-Flo\u00dfe und Schiffchen aus Naturmaterialien und wir schafften es sogar, dank geschickten M\u00fcll-Recyclings, aus einem im trockenen Bett des Apfelbachs gefundenen Styroporklotz auf besonderen Wunsch f\u00fcr den sichtlich stolzen Edward ein volumin\u00f6ses Modell des Schlachtschiffs \u201eBismarck\u201c zu gestalten. So kam eine ganz unterschiedliche Flotte zusammen! Nach dem Mittagessen ging es weiter mit Klettern, Zeichnen, Diabolo oder Bocchia-Spiel und Gruppenaktivit\u00e4ten in gro\u00dfer Runde: Bei letzteren profilierte sich G\u00fcnter durch geschicktes Hakenschlagen am Kreis und Patrick zeigte sich beim \u201eNinja\u201c-Kampf als Meister mit guten Reflexen. Ein Novum gab es in diesem Jahr: Bogenschie\u00dfen. Dabei galt es unter munteren Kids und m\u00fcden Paddlern die spannende Frage zu kl\u00e4ren, ob denn der Langbogen nun mit rechts oder links besser durchgezogen wird. Effizienz durch Gewohnheit war aber unser Fazit und einen ern\u00fcchternden Erkenntnisgewinn gabs f\u00fcr Prof obendrein: F\u00fcrs n\u00e4chste Jahr m\u00fcssen wir wohl f\u00fcr unsere Steppkes \u201eTraditionelle Kurzbogen\u201c basteln!<\/p>\n<p>Beim bunten Abend durfte dann \u201eIrrenarzt\u201c Norbert in der Spielerunde bei viel Gel\u00e4chter erfahren, das Wahnsinn oft Methode hat und Christian und Wolfgang waren arme Opfer eines lustigen Streiches, bei dem auch keine Pillen halfen, denn es wurden Tr\u00e4nen gelacht, bis der Bauch weh tat. Richtig aufregend bei Dunkelheit und Feuerschein war dann die von Stephan gekonnt schaurig moderierte \u201eNacht in Palermo\u201c, bei der es galt, durch detektivischen Sp\u00fcrsinn und intuitive Vermutung zwei sizilianische Serienm\u00f6rder zu identifizieren. M\u00fcde ging\u00b4s dann f\u00fcr Gro\u00df und Klein ins Zelt und in den Schlafsack rein\u2026<\/p>\n<p>Und wieder ward es Abend und Morgen und siehe, es kam der dritte Tag! Strahlender Sonnenschein und blauer Himmel verhie\u00dfen Fr\u00fchsommertemperaturen und so hatte niemand etwas dagegen, dass der zun\u00e4chst geplante Besuch des fernen Luisenparks in Mannheim zugunsten einer optionalen Wasserschlacht auf dem nahen Hegbachsee verworfen wurde. Christian \u00fcbernahm in bew\u00e4hrter Manier mit seinem Matchbox-Auto-M\u00e4nnertraum im XXL-Format die Logistik mit dem Transport des Kanu-Anh\u00e4ngers, w\u00e4hrend Reiner den Fahrradtrupp \u00fcber einen herrlichen Waldweg durchs lichtstrahldurchstochene Unterholz lotste, immer stets mit wissenswerten Informationen parat, sogar den besten lokalen Erdbeerpreisen! Schnell war der See erreicht und nach kurzer Einweisung in vorschriftsm\u00e4\u00dfige Schwimmwesten gekleidet, kletterte der Trupp der J\u00fcngsten gleich in die Boote. Wolfgang \u00fcbernahm die Rolle des Fregattenadmirals und gab zwar grob die Richtung vor, doch so mancher Kanu-Neuling paddelte munter drauflos und kreiselte dann ziel-und hilflos ins Ufergeb\u00fcsch, wo wohl die legend\u00e4re Schnappschildkr\u00f6te lauerte\u2026Es folgten kurzweilige Stunden am, um und im See mit Schlammschlachten, Wasserspritzorgien, Fischfangversuchen, Burgenbau mit Matschepampe, Eisschlecken, hei\u00dfen V\u00e4ter-Diskussionen in k\u00fchlem Schatten und einem von Eric gekaperten Einhorn-Gummiflo\u00df, das besonders bei den M\u00e4dchen heimliche Wunschtr\u00e4ume weckte. So gab es beim abendlichen Stockbrot-Backen \u00fcberm Feuer wiederum allerhand zu erz\u00e4hlen, noch viel zu lachen und auch Sch\u00f6nes zu singen: Von Seemannsliedern bis zu alten Volksweisen, die ihre Aktualit\u00e4t von Liebesleid und Lebensfreud in Vers und Reim bis heute nicht verloren haben.<\/p>\n<p>Am Sonntagmorgen dann wurde der Zeltplatz endg\u00fcltig zum \u201eCampo santo\u201c, den Uwe hielt als Lagerkaplan eine kurze und einpr\u00e4gsame Andacht, die uns allen wieder klarmachte, was das Zentrum unseres Vertrauens und unserer Hoffnung auch in diesen weltpolitisch so unruhigen Zeiten ist: Die Liebe Gottes zu uns Menschen in seinem sichtbaren und unsichtbaren Wirken. Dann wurden die Zelte zusammen abgebrochen, der Lagergrund aufger\u00e4umt und nochmal aufgetischt, was die Speisekammer an verzehrbaren Resten hergab. Schlie\u00dflich traten wir alle, nach einem von Birger organisierten offiziellen Abschiedsfoto, sonnengebr\u00e4unt und erlebniserf\u00fcllt nach und nach die Heimreise an, bis im Walde wieder die sprichw\u00f6rtlich friedh\u00f6fliche Ruhe einkehrte \u2013 wenigstens zwischen zwei Flugzeugstarts.<\/p>\n<p>Ach ja, liebe M\u00fctter, eines zum Schlu\u00df: Falls Fragen an eure Spr\u00f6sslinge und G\u00f6ttergatten seit kurzem etwas eint\u00f6nig mit Ja-Ja-Nein beantwortet werden, seid beruhigt: Es ist nur eine Nachwirkung von einem sehr gelungenen Vater+Kind-Zelten und geht vor\u00fcber!<\/p>\n","protected":false},"excerpt":{"rendered":"<p>Ein Erlebnisbericht von Daniel Warth \u201eProf\u201c Alle Jahre wieder kommt Himmelfahrt und bundesweit plumpsen einige M\u00fctter und Ehefrauen fr\u00fchmorgens erleichtert ins Bett zur\u00fcck: Zum Gl\u00fcck ist wieder Vater+Kind-Zelten beim VCP! F\u00fcr vier Tage treffen sich dann exklusiv V\u00e4ter und ihre Kinder auf dem Jugendzeltplatz Wildpark bei Gro\u00df-Gerau zu gemeinsamen und spannenden Aktivit\u00e4ten in frischer Luft [&hellip;]<\/p>\n","protected":false},"author":3,"featured_media":7081,"comment_status":"closed","ping_status":"open","sticky":false,"template":"","format":"standard","meta":{"_acf_changed":false,"inline_featured_image":false,"footnotes":""},"categories":[195],"tags":[],"class_list":["post-7071","post","type-post","status-publish","format-standard","has-post-thumbnail","hentry","category-erwin"],"acf":[],"_links":{"self":[{"href":"https:\/\/vcp.de\/pfadfinden\/wp-json\/wp\/v2\/posts\/7071","targetHints":{"allow":["GET"]}}],"collection":[{"href":"https:\/\/vcp.de\/pfadfinden\/wp-json\/wp\/v2\/posts"}],"about":[{"href":"https:\/\/vcp.de\/pfadfinden\/wp-json\/wp\/v2\/types\/post"}],"author":[{"embeddable":true,"href":"https:\/\/vcp.de\/pfadfinden\/wp-json\/wp\/v2\/users\/3"}],"replies":[{"embeddable":true,"href":"https:\/\/vcp.de\/pfadfinden\/wp-json\/wp\/v2\/comments?post=7071"}],"version-history":[{"count":0,"href":"https:\/\/vcp.de\/pfadfinden\/wp-json\/wp\/v2\/posts\/7071\/revisions"}],"wp:featuredmedia":[{"embeddable":true,"href":"https:\/\/vcp.de\/pfadfinden\/wp-json\/wp\/v2\/media\/7081"}],"wp:attachment":[{"href":"https:\/\/vcp.de\/pfadfinden\/wp-json\/wp\/v2\/media?parent=7071"}],"wp:term":[{"taxonomy":"category","embeddable":true,"href":"https:\/\/vcp.de\/pfadfinden\/wp-json\/wp\/v2\/categories?post=7071"},{"taxonomy":"post_tag","embeddable":true,"href":"https:\/\/vcp.de\/pfadfinden\/wp-json\/wp\/v2\/tags?post=7071"}],"curies":[{"name":"wp","href":"https:\/\/api.w.org\/{rel}","templated":true}]}}