{"id":70,"date":"2014-03-28T11:19:08","date_gmt":"2014-03-28T09:19:08","guid":{"rendered":"http:\/\/www.vcp.de\/pfadfinden\/?p=70"},"modified":"2014-10-04T11:41:36","modified_gmt":"2014-10-04T09:41:36","slug":"alle-themen-kommen-bei-mir-an","status":"publish","type":"post","link":"https:\/\/vcp.de\/pfadfinden\/allgemein\/alle-themen-kommen-bei-mir-an\/","title":{"rendered":"Alle Themen kommen bei mir an\u2026"},"content":{"rendered":"<p><a href=\"https:\/\/www.vcp.de\/pfadfinden\/wp-content\/uploads\/2014\/05\/jan_behrendt_2013_04_20_web.jpg\"><img loading=\"lazy\" decoding=\"async\" class=\"alignleft wp-image-71\" src=\"https:\/\/www.vcp.de\/pfadfinden\/wp-content\/uploads\/2014\/05\/jan_behrendt_2013_04_20_web-300x300.jpg\" alt=\"Roman Heimhuber (roman.heimhuber@vcp.de)\" width=\"189\" height=\"189\" srcset=\"https:\/\/vcp.de\/pfadfinden\/wp-content\/uploads\/2014\/05\/jan_behrendt_2013_04_20_web-300x300.jpg 300w, https:\/\/vcp.de\/pfadfinden\/wp-content\/uploads\/2014\/05\/jan_behrendt_2013_04_20_web-150x150.jpg 150w, https:\/\/vcp.de\/pfadfinden\/wp-content\/uploads\/2014\/05\/jan_behrendt_2013_04_20_web.jpg 800w\" sizes=\"auto, (max-width: 189px) 100vw, 189px\" \/><\/a>Seit einem Dreivierteljahr ist Jan Behrendt Generalsekret\u00e4r im VCP. Zeit f\u00fcr einen ersten Zwischenstand.<\/p>\n<h2>anp: Jan, wie f\u00fchlst du dich im Moment?<\/h2>\n<p>Jan: Ehrlich gesagt f\u00fchle ich mich, als w\u00e4re ich nicht erst ein paar Monate, sondern schon eine Ewigkeit hier. Was ich meine \u2013 ich bin viel schneller als gedacht in meinen Themen hier angekommen, weil man hier sofort gefordert ist. Das soll aber keine Klage sein, ich finde das gut so.<\/p>\n<h2>anp: Wurden deine Erwartungen erf\u00fcllt?<\/h2>\n<p>Jan: Konkrete Erwartungen hatte ich zum Gl\u00fcck nur wenige. Hier ist kein Tag wie der andere \u2013 auch wenn es immer wiederkehrende Ereignisse gibt. Was das angeht, wurden meine Erwartungen voll und ganz erf\u00fcllt.<\/p>\n<h2>anp: Gab es auch schon Entt\u00e4uschungen?<\/h2>\n<p>Jan: Bis jetzt nicht. Sicher wird da bestimmt auch mal was kommen, vielleicht auch im zwischenmenschlichen Bereich, aber bis jetzt zum Gl\u00fcck noch nicht.<\/p>\n<h2>anp: Welche aktuellen Ziele verfolgst du?<\/h2>\n<p>Jan: Schwierige Frage. Es gibt so viele verschiedene Ziele auf ganz unterschiedlichen Ebenen. Es gibt Ziele, die ich als Generalsekret\u00e4r verfolge, Ziele, die ich mir als Bundesleitungsmitglied stecke und auch als jugendpolitischer Referent habe ich welche. Zwei gro\u00dfe Ziele im Moment sind f\u00fcr mich der Entwicklungsprozess des Verbandes, den die Bundesleitung und der Bundesrat gemeinsam demn\u00e4chst angehen werden und das Reformationsjubil\u00e4um 2017 \u2013 da macht der VCP ja mehr als \u201enur\u201c ein Bundeslager.<\/p>\n<h2>anp: Wie sieht ein typischer Tag im Leben des VCP-Generalsekret\u00e4rs aus?<\/h2>\n<p>5.45 Uhr aufstehen, Kaffee trinken und dann frisch frisiert um 6.30 Uhr in den Zug steigen \u2013 damit ich kurz vor neun an meinem Schreibtisch sitze. Dann folgenden endlos viele Telefonate, Absprache mit den Kolleginnen und Kollegen\u2026 Zweidrittel meiner Zeit verbringe ich aber unterwegs in der Republik.<\/p>\n<h2>anp: Wo denn?<\/h2>\n<p>Jan: Ganz verschieden: Das ist mal ein Treffen mit den Landesleitungen irgendwo in Mecklenburg oder W\u00fcrttemberg, manchmal auch ein jugendpolitisches Treffen in Berlin und nat\u00fcrlichen die VCP Veranstaltungen wie Bundesrat, FGT und Bundesleitungssitzungen.<\/p>\n<h2>anp: Und wo ist dein Lieblingsplatz?<\/h2>\n<p>Jan: Erste Reihe rechts vorne im Gro\u00dfraumwagen ; )<\/p>\n<h2>anp: Welche Themen besch\u00e4ftigen dich gerade?<\/h2>\n<p>Grunds\u00e4tzlich komme ich mit fast allen Themen, die den Verband ber\u00fchren in Kontakt. Das geht von der Schulungskonzeption \u00fcber das Bundeslager bis zu Pr\u00e4ventionsfragen.<\/p>\n<h2>anp: Gibt\u2019s auch Themen, die du nicht so sch\u00e4tzt?<\/h2>\n<p>Jan: Themen, die (pers\u00f6nliche) Konflikte betreffen sind nicht so sch\u00f6n. Das macht, glaube ich, aber keiner gerne. Andererseits ist die Themenvielfalt ja das Tolle. Daf\u00fcr nimmt man auch in Kauf, auch mal eine 50, 60- oder auch mal 70-Stunden-Woche zu haben und st\u00e4ndig unterwegs zu sein.<\/p>\n<h2>anp: Welche Herausforderung siehst du in den n\u00e4chsten Jahren auf den Verband zukommen?<\/h2>\n<p>Jan: Der gesellschaftliche Wandel, in dem wir uns schon seit etlichen Jahren bewegen, betrifft auch Pfadfinden. Das ist keine idyllische Insel. Bei aller Vielfalt, die wir im VCP so sch\u00e4tzen, m\u00fcssen wir uns auf einen gemeinsamen Weg machen und \u00fcberlegen, wie wir da an einem Strang ziehen k\u00f6nnen, um als Jugendverband relevant zu bleiben.<\/p>\n","protected":false},"excerpt":{"rendered":"<p>Seit einem Dreivierteljahr ist Jan Behrendt Generalsekret\u00e4r im VCP. Zeit f\u00fcr einen ersten Zwischenstand. anp: Jan, wie f\u00fchlst du dich im Moment? Jan: Ehrlich gesagt f\u00fchle ich mich, als w\u00e4re ich nicht erst ein paar Monate, sondern schon eine Ewigkeit hier. Was ich meine \u2013 ich bin viel schneller als gedacht in meinen Themen hier [&hellip;]<\/p>\n","protected":false},"author":52,"featured_media":0,"comment_status":"closed","ping_status":"open","sticky":false,"template":"","format":"standard","meta":{"_acf_changed":false,"inline_featured_image":false,"footnotes":""},"categories":[1],"tags":[],"class_list":["post-70","post","type-post","status-publish","format-standard","hentry","category-allgemein"],"acf":[],"_links":{"self":[{"href":"https:\/\/vcp.de\/pfadfinden\/wp-json\/wp\/v2\/posts\/70","targetHints":{"allow":["GET"]}}],"collection":[{"href":"https:\/\/vcp.de\/pfadfinden\/wp-json\/wp\/v2\/posts"}],"about":[{"href":"https:\/\/vcp.de\/pfadfinden\/wp-json\/wp\/v2\/types\/post"}],"author":[{"embeddable":true,"href":"https:\/\/vcp.de\/pfadfinden\/wp-json\/wp\/v2\/users\/52"}],"replies":[{"embeddable":true,"href":"https:\/\/vcp.de\/pfadfinden\/wp-json\/wp\/v2\/comments?post=70"}],"version-history":[{"count":0,"href":"https:\/\/vcp.de\/pfadfinden\/wp-json\/wp\/v2\/posts\/70\/revisions"}],"wp:attachment":[{"href":"https:\/\/vcp.de\/pfadfinden\/wp-json\/wp\/v2\/media?parent=70"}],"wp:term":[{"taxonomy":"category","embeddable":true,"href":"https:\/\/vcp.de\/pfadfinden\/wp-json\/wp\/v2\/categories?post=70"},{"taxonomy":"post_tag","embeddable":true,"href":"https:\/\/vcp.de\/pfadfinden\/wp-json\/wp\/v2\/tags?post=70"}],"curies":[{"name":"wp","href":"https:\/\/api.w.org\/{rel}","templated":true}]}}