{"id":6689,"date":"2017-06-20T12:42:09","date_gmt":"2017-06-20T10:42:09","guid":{"rendered":"http:\/\/www.vcp.de\/pfadfinden\/?p=6689"},"modified":"2017-06-20T12:42:09","modified_gmt":"2017-06-20T10:42:09","slug":"die-region-isar-feiert-ihr-70-jaehriges","status":"publish","type":"post","link":"https:\/\/vcp.de\/pfadfinden\/aus-dem-verband\/die-region-isar-feiert-ihr-70-jaehriges\/","title":{"rendered":"Die Region Isar feiert ihr 70-j\u00e4hriges"},"content":{"rendered":"<p><em>von Maximilian Randelshofer<\/em><\/p>\n<p>Rund ein halbes Jahr liefen die Planungen bei der Lagerleitung, am Pfingstsonntag war es dann soweit: der gro\u00dfe Festakt zum 70-j\u00e4hrigen Jubil\u00e4um der Region Isar fand statt. Neben den 250 Lagerteilnehmern aus zwei Regionen und 15 St\u00e4mmen kam auch zahlreiche Tagesg\u00e4ste auf den Bucher Berg. Auch viele ehemalige Regionsvorsitzenden fanden ihren Weg zu den Feierlichkeiten.<\/p>\n<p>Zur geographischen Orientierung. Die Region Isar erstreckt sich in Bayern im Westen von Landsberg \/ Lech bis in den Osten nach Landshut. Und im Norden von Ingolstadt bis in den S\u00fcden nach M\u00fcnchen. Damit ist die Region Isar nach der Fl\u00e4che die gr\u00f6\u00dfte Region im Landesverband Bayern. Insgesamt hat die Region mit circa 700 Mitgliedern aktuell 15 St\u00e4mme, einer davon ist ruhend sowie eine Siedlung. Das Pfingstlager selbst hielt die Region Isar mit der Region Schwaben ab. Das Lager stand unter dem Thema \u201eUnsere Erde ist rund? \u2013 die Anker fort, die Regionen auf gro\u00dfer Fahrt.\u201c<\/p>\n<p>Der Festakt begann mit einem kurzen Gru\u00dfwort, im Anschluss fand der Festgottesdienst statt. Der Gottesdienst hatte das Thema \u201eZeit.\u201c Hierzu wurden Zeitgutscheine verteilt um bewusster mit seiner eigenen Zeit umzugehen. Diesen gestalteten Ranger\/Rover aus Ingolstadt-Spitalhof. Danach sprach Patrick Ott stellvertretend f\u00fcr den Regionsvorsitz Gru\u00dfworte und bedankte sich dabei inbesondere bei allen Menschen die an der Basis, Pfadfinderarbeit machen und so das Fundament der Regionsarbeit bilden. Im Anschluss sprach Landesgesch\u00e4ftsf\u00fchrer Gerhard \u201eGoofy\u201c Kofer einige Worte und hob vor allem die Zahl der Stammesneugr\u00fcndungen in der Region hervor. Passend zum zentralen Pfingstlager-Thema aller PfiLas in Bayern \u201eUnsere Erde ist\u2026\u201c bekam die Region einen Sitzball als Weltkugel bedruckt. Die Region Schwaben \u00fcberreichte einen gro\u00dfen Fruchtkuchen.<\/p>\n<p>Die eingeladene Bundesleitung konnte aus terminlichen Gr\u00fcnden nicht am Jubil\u00e4um teilnehmen, lie\u00df aber uns einen sehr sch\u00f6nen Brief zukommen. Als Geschenk bekam die Region eine bedruckte Zeltplane.<\/p>\n<p>Die Regionsvorsitzenden stellten sich sp\u00e4ter noch vor und berichteten von wann bis wann die Regionsvorsitzende im Amt waren. Als \u201eEhemalige\u201c\u00a0waren folgende Vorsitzende anwesend:\u00a0Klaus Wolbert, Rainer Schinkinger, Achim Wei\u00df, Chris Claar, Hans Brummer, Martina Held, Florian Siegert, Matthias Fei\u00dftl,\u00a0Christian Clemens\u00a0und der j\u00fcngste im Bunde, Maximilian Randelshofer. Danach gab es nat\u00fcrlich obligatorisch ein kleines Foto.<\/p>\n<p><a href=\"https:\/\/www.vcp.de\/pfadfinden\/wp-content\/uploads\/2017\/06\/Bild-ehemalige-Regionsvorsitzende.jpg\"><img loading=\"lazy\" decoding=\"async\" class=\"aligncenter wp-image-6690 size-medium\" title=\"Reihe hinten (von links): Florian Siegert, Matthias Fei\u00dftl, Reiner Schinkinger, Achim Wei\u00df, Chris Claar, Klaus Wolbert, Hans Brummer, Patrick Ott (aktueller Regionsvorsitzender. Reihe vorne (von links): Christian Clemens, Markus Lederhuber (aktueller Regionsvorsitzender), Maximilian Randelshofer\" src=\"https:\/\/www.vcp.de\/pfadfinden\/wp-content\/uploads\/2017\/06\/Bild-ehemalige-Regionsvorsitzende-300x122.jpg\" alt=\"\" width=\"300\" height=\"122\" srcset=\"https:\/\/vcp.de\/pfadfinden\/wp-content\/uploads\/2017\/06\/Bild-ehemalige-Regionsvorsitzende-300x122.jpg 300w, https:\/\/vcp.de\/pfadfinden\/wp-content\/uploads\/2017\/06\/Bild-ehemalige-Regionsvorsitzende-768x313.jpg 768w, https:\/\/vcp.de\/pfadfinden\/wp-content\/uploads\/2017\/06\/Bild-ehemalige-Regionsvorsitzende.jpg 877w\" sizes=\"auto, (max-width: 300px) 100vw, 300px\" \/><\/a><\/p>\n<p>Das Bild der ehemaligen Regionsvorsitzenden: Reihe hinten (von links): Florian Siegert, Matthias Fei\u00dftl, Reiner Schinkinger, Achim Wei\u00df, Chris Claar, Klaus Wolbert, Hans Brummer, Patrick Ott (aktueller Regionsvorsitzender. Reihe vorne (von links): Christian Clemens, Markus Lederhuber (aktueller Regionsvorsitzender), Maximilian Randelshofer<\/p>\n<p>Nachdem Mittagessen stand ein freier Nachmittag an. Das Lager-Caf\u00e9 hatten offen und einige Ranger\/Rover boten Programm f\u00fcr die Teilnehmer an. Vor dem Abendessen hatte dann Kabarettist Michael Marchner seinen Auftritt auf der selbstgebauten B\u00fchne.<\/p>\n<p>Ausklang fand der gro\u00dfe Jubil\u00e4umstag dann mit einem Regionsabend, bei Spa\u00df und Spiel.<\/p>\n<p>Insgesamt ein sehr gelungener Tag, bei durchwachsenem Wetter. Aber f\u00fcr Pfadfinder gibt es bekanntlich kein schlechtes Wetter, sondern nur schlechte Kleidung.<\/p>\n<p>Gefreut hat es uns auch, dass so viele ehemalige den Weg aufs Lager fanden.<\/p>\n<p>Die Jubil\u00e4umsfeierlichkeiten mit Beitr\u00e4gen aus dem Regionsarchiv gehen bis Ende des Jahres nat\u00fcrlich noch weiter. Im Blog <a href=\"http:\/\/www.isar70.wordpress.com\" target=\"_blank\" rel=\"noopener noreferrer\">www.isar70.wordpress.com<\/a> werden weiter interessante Fundst\u00fccke aus 70 Jahren Regionsgeschichte ver\u00f6ffentlicht.<\/p>\n<p>Also schaut doch mal vorbei.<\/p>\n<div id='gallery-1' class='gallery galleryid-6689 gallery-columns-2 gallery-size-medium'><figure class='gallery-item'>\n\t\t\t<div class='gallery-icon portrait'>\n\t\t\t\t<a href='https:\/\/vcp.de\/pfadfinden\/wp-content\/uploads\/2017\/06\/Kuchen-Region-Schwaben.jpg'><img loading=\"lazy\" decoding=\"async\" width=\"169\" height=\"300\" src=\"https:\/\/vcp.de\/pfadfinden\/wp-content\/uploads\/2017\/06\/Kuchen-Region-Schwaben-169x300.jpg\" class=\"attachment-medium size-medium\" alt=\"\" srcset=\"https:\/\/vcp.de\/pfadfinden\/wp-content\/uploads\/2017\/06\/Kuchen-Region-Schwaben-169x300.jpg 169w, https:\/\/vcp.de\/pfadfinden\/wp-content\/uploads\/2017\/06\/Kuchen-Region-Schwaben-576x1024.jpg 576w, https:\/\/vcp.de\/pfadfinden\/wp-content\/uploads\/2017\/06\/Kuchen-Region-Schwaben.jpg 675w\" sizes=\"auto, (max-width: 169px) 100vw, 169px\" \/><\/a>\n\t\t\t<\/div><\/figure><figure class='gallery-item'>\n\t\t\t<div class='gallery-icon portrait'>\n\t\t\t\t<a href='https:\/\/vcp.de\/pfadfinden\/wp-content\/uploads\/2017\/06\/Verteilung-Zeitgutscheine.jpg'><img loading=\"lazy\" decoding=\"async\" width=\"199\" height=\"300\" src=\"https:\/\/vcp.de\/pfadfinden\/wp-content\/uploads\/2017\/06\/Verteilung-Zeitgutscheine-199x300.jpg\" class=\"attachment-medium size-medium\" alt=\"\" srcset=\"https:\/\/vcp.de\/pfadfinden\/wp-content\/uploads\/2017\/06\/Verteilung-Zeitgutscheine-199x300.jpg 199w, https:\/\/vcp.de\/pfadfinden\/wp-content\/uploads\/2017\/06\/Verteilung-Zeitgutscheine-768x1155.jpg 768w, https:\/\/vcp.de\/pfadfinden\/wp-content\/uploads\/2017\/06\/Verteilung-Zeitgutscheine-681x1024.jpg 681w, https:\/\/vcp.de\/pfadfinden\/wp-content\/uploads\/2017\/06\/Verteilung-Zeitgutscheine.jpg 797w\" sizes=\"auto, (max-width: 199px) 100vw, 199px\" \/><\/a>\n\t\t\t<\/div><\/figure>\n\t\t<\/div>\n\n<p>Zum Autor:<br \/>\nMaximilian Randelshofer, 23 Jahre alt, Region Isar, Land Bayern. Regionsvorsitzender von 2014 \u2013 2016 und insgesamt vier Jahre Mitglied der Regionsf\u00fchrung. Er ist u. a. f\u00fcr den Online-Blog und die Aufbereitung des Archivs verantwortlich. Beim Pfingstlager 2017 und den Jubil\u00e4umsfeierlichkeiten war er neben den aktuellen Regionsvorsitzenden Patrick Ott und Markus Lederhuber, Teil der Lagerleitung.<\/p>\n","protected":false},"excerpt":{"rendered":"<p>von Maximilian Randelshofer Rund ein halbes Jahr liefen die Planungen bei der Lagerleitung, am Pfingstsonntag war es dann soweit: der gro\u00dfe Festakt zum 70-j\u00e4hrigen Jubil\u00e4um der Region Isar fand statt. Neben den 250 Lagerteilnehmern aus zwei Regionen und 15 St\u00e4mmen kam auch zahlreiche Tagesg\u00e4ste auf den Bucher Berg. Auch viele ehemalige Regionsvorsitzenden fanden ihren Weg [&hellip;]<\/p>\n","protected":false},"author":3,"featured_media":6695,"comment_status":"closed","ping_status":"open","sticky":false,"template":"","format":"standard","meta":{"_acf_changed":false,"inline_featured_image":false,"footnotes":""},"categories":[5],"tags":[],"class_list":["post-6689","post","type-post","status-publish","format-standard","has-post-thumbnail","hentry","category-aus-dem-verband"],"acf":[],"_links":{"self":[{"href":"https:\/\/vcp.de\/pfadfinden\/wp-json\/wp\/v2\/posts\/6689","targetHints":{"allow":["GET"]}}],"collection":[{"href":"https:\/\/vcp.de\/pfadfinden\/wp-json\/wp\/v2\/posts"}],"about":[{"href":"https:\/\/vcp.de\/pfadfinden\/wp-json\/wp\/v2\/types\/post"}],"author":[{"embeddable":true,"href":"https:\/\/vcp.de\/pfadfinden\/wp-json\/wp\/v2\/users\/3"}],"replies":[{"embeddable":true,"href":"https:\/\/vcp.de\/pfadfinden\/wp-json\/wp\/v2\/comments?post=6689"}],"version-history":[{"count":0,"href":"https:\/\/vcp.de\/pfadfinden\/wp-json\/wp\/v2\/posts\/6689\/revisions"}],"wp:featuredmedia":[{"embeddable":true,"href":"https:\/\/vcp.de\/pfadfinden\/wp-json\/wp\/v2\/media\/6695"}],"wp:attachment":[{"href":"https:\/\/vcp.de\/pfadfinden\/wp-json\/wp\/v2\/media?parent=6689"}],"wp:term":[{"taxonomy":"category","embeddable":true,"href":"https:\/\/vcp.de\/pfadfinden\/wp-json\/wp\/v2\/categories?post=6689"},{"taxonomy":"post_tag","embeddable":true,"href":"https:\/\/vcp.de\/pfadfinden\/wp-json\/wp\/v2\/tags?post=6689"}],"curies":[{"name":"wp","href":"https:\/\/api.w.org\/{rel}","templated":true}]}}