{"id":659,"date":"2014-06-17T14:06:05","date_gmt":"2014-06-17T12:06:05","guid":{"rendered":"http:\/\/www.vcp.de\/pfadfinden\/?p=659"},"modified":"2023-10-13T14:13:57","modified_gmt":"2023-10-13T12:13:57","slug":"meine-erste-bundesversammlung","status":"publish","type":"post","link":"https:\/\/vcp.de\/pfadfinden\/vcpbv\/meine-erste-bundesversammlung\/","title":{"rendered":"Meine erste Bundesversammlung"},"content":{"rendered":"<p><em>Von\u00a0Maximilian \u201eMaxl\u201c Randelshofer<\/em><\/p>\n<p>Bisher hatte ich von der Bundesversammlung nur in der anp oder auf der VCP-Internetseite gelesen. Das h\u00f6chste tagende Gremium im Verband. Das in den letzten Jahren wichtige Entscheidungen getroffen hat. Beispielsweise die Stufenkonzeption, das Streichen des Bundesliedes aus der Anlage der Bundesordnung und noch vieles mehr. Und auf einmal war ich selbst Delegierter. Also mittendrin auf der Bundesversammlung. F\u00fcr mich war es die erste Bundesversammlung. Versammlungen sind mir logischerweise nicht fremd, da ich schon auf einigen Regions- und Landesversammlungen teilgenommen habe. Klar war mir jedenfalls, hier werden wichtige Entscheidungen getroffen, die eine gro\u00dfe Tragweite f\u00fcr den ganzen Verband haben. Auch wenn ich neu auf der BV war, traf ich trotzdem einige, bekannte Gesichter wieder. Auch das macht f\u00fcr mich das Pfadfinden aus. Man trifft immer wieder alte Bekannte und kann mit ihnen nette Gespr\u00e4che f\u00fchren. Die Leitung der BV ist \u00e4u\u00dfert professionell. Der Zeitplan wird \u00e4u\u00dfert strikt eingehalten. Diskussionen zumeist sachlich, aber auch mit viel Emotionen und schlagfertigen Argumenten gef\u00fchrt. Die Versammlung ist ein guter Ort, mal Sichtweisen von anderen L\u00e4ndern kennenzulernen. Auch gibt es hier mal die einmalige M\u00f6glichkeit mit der Bundesleitung und dem Bundesvorsitz in Kontakt zu treten und sich auszutauschen. Vor allem an Versammlungen macht mir besonders Spa\u00df, dass auch nach Sitzungsende noch akribisch an Antr\u00e4gen gefeilt und gearbeitet wird. So geschehen bei der Wahlordnung. Hier wurde nach der Antragsverlesung und Diskussion, noch in kleiner Runde \u00fcber einige Punkte gesprochen. Die Entscheidung die Wahlordnung 2015 wieder auf die Tagesordnung zu setzen und hier die Versammlungen zwischen verschiedenen Herangehensweisen (z. B. bei Enthaltungen) entscheiden zu lassen, ist richtig. Nat\u00fcrlich ist so eine Versammlung auch Kr\u00e4fte zehrend, zwischen all den Berichten und Antr\u00e4gen.<\/p>\n<p>Trotz alledem hat mir diese erste und hoffentlich nicht letzte Bundesversammlung sehr viel Spa\u00df gemacht. Ich konnte neue Kontakte kn\u00fcpfen, mir einen besseren \u00dcberblick \u00fcber den Bund machen und hatte ein sehr interessantes Wochenende. So fern dieses Gremium auch wirkt, es ist doch nah an der Basis. Auch das habe ich an diesem Wochenende gelernt.<\/p>\n<h2>Zur Person:<\/h2>\n<figure id=\"attachment_663\" aria-describedby=\"caption-attachment-663\" style=\"width: 151px\" class=\"wp-caption alignleft\"><a href=\"https:\/\/www.vcp.de\/pfadfinden\/wp-content\/uploads\/2014\/06\/IMG_28941779517205.jpeg\"><img loading=\"lazy\" decoding=\"async\" class=\"wp-image-663\" title=\"Maximilian &quot;Maxl&quot; Randelshofer - Foto: David Kraus\" src=\"https:\/\/www.vcp.de\/pfadfinden\/wp-content\/uploads\/2014\/06\/IMG_28941779517205-300x199.jpeg\" alt=\"IMG_28941779517205\" width=\"151\" height=\"100\" srcset=\"https:\/\/vcp.de\/pfadfinden\/wp-content\/uploads\/2014\/06\/IMG_28941779517205-300x199.jpeg 300w, https:\/\/vcp.de\/pfadfinden\/wp-content\/uploads\/2014\/06\/IMG_28941779517205.jpeg 960w\" sizes=\"auto, (max-width: 151px) 100vw, 151px\" \/><\/a><figcaption id=\"caption-attachment-663\" class=\"wp-caption-text\">Maximilian &#8222;Maxl&#8220; Randelshofer<br \/>Foto: David Kraus<\/figcaption><\/figure>\n<p>Mein Name ist Maximilian \u201eMaxl\u201c Randelshofer (20) ich bin seit 2002 im Stamm Totila Karlshuld (Region Isar, Land Bayern). Seit sechs Jahren leite ich eine Sippe und bin seit zwei Jahren in der Regionsleitung t\u00e4tig. Hier bin ich f\u00fcr den Bereich \u00d6ffentlichkeitsarbeit beauftragt. 2013 war ich Teil der Jugend-anp-Redaktion. Thema der Ausgabe war \u201eHajk.\u201c Seit diesem Fr\u00fchjahr bin ich Redaktionsmitglied bei unserer Landeszeitschrift \u201eKIM\u201c. In diesem Jahr wurde ich zum ersten Mal zur Bundesversammlung delegiert.<\/p>\n","protected":false},"excerpt":{"rendered":"<p>Von\u00a0Maximilian \u201eMaxl\u201c Randelshofer Bisher hatte ich von der Bundesversammlung nur in der anp oder auf der VCP-Internetseite gelesen. Das h\u00f6chste tagende Gremium im Verband. Das in den letzten Jahren wichtige Entscheidungen getroffen hat. Beispielsweise die Stufenkonzeption, das Streichen des Bundesliedes aus der Anlage der Bundesordnung und noch vieles mehr. Und auf einmal war ich selbst [&hellip;]<\/p>\n","protected":false},"author":52,"featured_media":676,"comment_status":"closed","ping_status":"open","sticky":false,"template":"","format":"standard","meta":{"_acf_changed":false,"inline_featured_image":false,"footnotes":""},"categories":[516],"tags":[],"class_list":["post-659","post","type-post","status-publish","format-standard","has-post-thumbnail","hentry","category-vcpbv"],"acf":[],"_links":{"self":[{"href":"https:\/\/vcp.de\/pfadfinden\/wp-json\/wp\/v2\/posts\/659","targetHints":{"allow":["GET"]}}],"collection":[{"href":"https:\/\/vcp.de\/pfadfinden\/wp-json\/wp\/v2\/posts"}],"about":[{"href":"https:\/\/vcp.de\/pfadfinden\/wp-json\/wp\/v2\/types\/post"}],"author":[{"embeddable":true,"href":"https:\/\/vcp.de\/pfadfinden\/wp-json\/wp\/v2\/users\/52"}],"replies":[{"embeddable":true,"href":"https:\/\/vcp.de\/pfadfinden\/wp-json\/wp\/v2\/comments?post=659"}],"version-history":[{"count":1,"href":"https:\/\/vcp.de\/pfadfinden\/wp-json\/wp\/v2\/posts\/659\/revisions"}],"predecessor-version":[{"id":32395,"href":"https:\/\/vcp.de\/pfadfinden\/wp-json\/wp\/v2\/posts\/659\/revisions\/32395"}],"wp:featuredmedia":[{"embeddable":true,"href":"https:\/\/vcp.de\/pfadfinden\/wp-json\/wp\/v2\/media\/676"}],"wp:attachment":[{"href":"https:\/\/vcp.de\/pfadfinden\/wp-json\/wp\/v2\/media?parent=659"}],"wp:term":[{"taxonomy":"category","embeddable":true,"href":"https:\/\/vcp.de\/pfadfinden\/wp-json\/wp\/v2\/categories?post=659"},{"taxonomy":"post_tag","embeddable":true,"href":"https:\/\/vcp.de\/pfadfinden\/wp-json\/wp\/v2\/tags?post=659"}],"curies":[{"name":"wp","href":"https:\/\/api.w.org\/{rel}","templated":true}]}}