{"id":6498,"date":"2017-05-17T23:00:28","date_gmt":"2017-05-17T21:00:28","guid":{"rendered":"http:\/\/www.vcp.de\/pfadfinden\/?p=6498"},"modified":"2017-05-18T11:17:26","modified_gmt":"2017-05-18T09:17:26","slug":"der-lutherweg-ist-eroeffnet","status":"publish","type":"post","link":"https:\/\/vcp.de\/pfadfinden\/reformationsjubilaeum\/der-lutherweg-ist-eroeffnet\/","title":{"rendered":"Der Lutherweg ist er\u00f6ffnet"},"content":{"rendered":"<figure id=\"attachment_6500\" aria-describedby=\"caption-attachment-6500\" style=\"width: 300px\" class=\"wp-caption aligncenter\"><a href=\"https:\/\/www.vcp.de\/pfadfinden\/wp-content\/uploads\/2017\/05\/IMG_0487.jpg\"><img loading=\"lazy\" decoding=\"async\" class=\"size-medium wp-image-6500\" src=\"https:\/\/www.vcp.de\/pfadfinden\/wp-content\/uploads\/2017\/05\/IMG_0487-300x230.jpg\" alt=\"\" width=\"300\" height=\"230\" srcset=\"https:\/\/vcp.de\/pfadfinden\/wp-content\/uploads\/2017\/05\/IMG_0487-300x230.jpg 300w, https:\/\/vcp.de\/pfadfinden\/wp-content\/uploads\/2017\/05\/IMG_0487-768x589.jpg 768w, https:\/\/vcp.de\/pfadfinden\/wp-content\/uploads\/2017\/05\/IMG_0487-1024x786.jpg 1024w, https:\/\/vcp.de\/pfadfinden\/wp-content\/uploads\/2017\/05\/IMG_0487.jpg 1280w\" sizes=\"auto, (max-width: 300px) 100vw, 300px\" \/><\/a><figcaption id=\"caption-attachment-6500\" class=\"wp-caption-text\">Die VCPler*innen gemeinsam mit Bischof Hein.<\/figcaption><\/figure>\n<p>Und da ist er offiziell er\u00f6ffnet, der <a href=\"https:\/\/www.lutherweg1521.de\" target=\"_blank\" rel=\"noopener noreferrer\">Lutherweg 1521<\/a>. In Romrod (bei Alsfeld im Vogelsbergkreis in Hessen) gab es am Sonntag, den 14. Mai, dazu einen Festakt gemeinsam mit dem Bischof der Evangelischen Kirche von Kurhessen-Waldeck, Martin Hein, und dem hessen-nassauischen Kirchenpr\u00e4sidenten Volker Jung. Auch der VCP war dabei vertreten &#8211; unter anderem mit der VCP Bundesleitung und Vertretern der Landesf\u00fchrungsrunde Hessen.<\/p>\n<p>\u00dcber f\u00fcnf Jahre wurde der Weg geplant, ein gr\u00fcnes geschwungenes \u201eL\u201c weist Wanderern und Pilgern ab sofort auf \u00fcber 400 Kilometern Strecke zwischen Worms und der Wartburg bei Eisenach den Weg. Die Region Wetterau\u00a0ist \u00fcbrigens hier schon unterwegs &#8211; schaut mal rein: <a href=\"http:\/\/www.reformationshajk2017.de\" target=\"_blank\" rel=\"noopener noreferrer\">www.reformationshajk2017.de<\/a>.<\/p>\n<p>Der Pfad gilt als eines der zentralen Projekte zum 500. Jahrestag der Reformation 2017 in Hessen und Rheinland-Pfalz. Der jetzt fertig gestellte Abschnitt ist Teil eines rund 3000 Kilometer umspannenden Wegenetzes quer durch Deutschland, das den Spuren des Reformators nachgeht. Der Streckenverlauf folgt in weiten Teilen der historischen Route, die Martin Luther zu seinem Gespr\u00e4ch bei Kaiser Karl V. in Worms und seiner anschlie\u00dfenden Flucht auf die Wartburg bei Eisenach im Jahre 1521 zur\u00fccklegte. Damals musste der Reformator auf dem Reichstag in Worms erstmals \u00f6ffentlich Rechenschaft \u00fcber seine neuen Glaubens\u00fcberzeugungen ablegen.<\/p>\n<p>Am Sonntag wurde der Lutherweg nun offiziell er\u00f6ffnet &#8211; mit kleiner Wanderung, einem Gottesdienst (mit Beteiligung der <a href=\"https:\/\/vcp-kurhessen.info\/\" target=\"_blank\" rel=\"noopener noreferrer\">VCP Region Kurhessen<\/a>) und Reden. Vielleicht begebt auch ihr euch auf den Lutherweg?<\/p>\n","protected":false},"excerpt":{"rendered":"<p>Und da ist er offiziell er\u00f6ffnet, der Lutherweg 1521. In Romrod (bei Alsfeld im Vogelsbergkreis in Hessen) gab es am Sonntag, den 14. Mai, dazu einen Festakt gemeinsam mit dem Bischof der Evangelischen Kirche von Kurhessen-Waldeck, Martin Hein, und dem hessen-nassauischen Kirchenpr\u00e4sidenten Volker Jung. Auch der VCP war dabei vertreten &#8211; unter anderem mit der [&hellip;]<\/p>\n","protected":false},"author":16,"featured_media":6500,"comment_status":"closed","ping_status":"open","sticky":false,"template":"","format":"standard","meta":{"_acf_changed":false,"inline_featured_image":false,"footnotes":""},"categories":[43],"tags":[87,90,168,155,169],"class_list":["post-6498","post","type-post","status-publish","format-standard","has-post-thumbnail","hentry","category-reformationsjubilaeum","tag-bundesleitung","tag-bundesvorstand","tag-buvoontour","tag-luther","tag-reformationsjubilaeum"],"acf":[],"_links":{"self":[{"href":"https:\/\/vcp.de\/pfadfinden\/wp-json\/wp\/v2\/posts\/6498","targetHints":{"allow":["GET"]}}],"collection":[{"href":"https:\/\/vcp.de\/pfadfinden\/wp-json\/wp\/v2\/posts"}],"about":[{"href":"https:\/\/vcp.de\/pfadfinden\/wp-json\/wp\/v2\/types\/post"}],"author":[{"embeddable":true,"href":"https:\/\/vcp.de\/pfadfinden\/wp-json\/wp\/v2\/users\/16"}],"replies":[{"embeddable":true,"href":"https:\/\/vcp.de\/pfadfinden\/wp-json\/wp\/v2\/comments?post=6498"}],"version-history":[{"count":0,"href":"https:\/\/vcp.de\/pfadfinden\/wp-json\/wp\/v2\/posts\/6498\/revisions"}],"wp:featuredmedia":[{"embeddable":true,"href":"https:\/\/vcp.de\/pfadfinden\/wp-json\/wp\/v2\/media\/6500"}],"wp:attachment":[{"href":"https:\/\/vcp.de\/pfadfinden\/wp-json\/wp\/v2\/media?parent=6498"}],"wp:term":[{"taxonomy":"category","embeddable":true,"href":"https:\/\/vcp.de\/pfadfinden\/wp-json\/wp\/v2\/categories?post=6498"},{"taxonomy":"post_tag","embeddable":true,"href":"https:\/\/vcp.de\/pfadfinden\/wp-json\/wp\/v2\/tags?post=6498"}],"curies":[{"name":"wp","href":"https:\/\/api.w.org\/{rel}","templated":true}]}}