{"id":6374,"date":"2017-04-28T16:32:00","date_gmt":"2017-04-28T14:32:00","guid":{"rendered":"http:\/\/www.vcp.de\/pfadfinden\/?p=6374"},"modified":"2017-05-11T09:03:10","modified_gmt":"2017-05-11T07:03:10","slug":"bereit-fuer-pfadfinderische-internationalitaet","status":"publish","type":"post","link":"https:\/\/vcp.de\/pfadfinden\/aus-dem-verband\/bereit-fuer-pfadfinderische-internationalitaet\/","title":{"rendered":"Bereit f\u00fcr pfadfinderische Internationalit\u00e4t?"},"content":{"rendered":"<p>mit einem Beitrag von Philipp Roller und Fotos von Thomas Haeckel<\/p>\n<p><strong>Leiter\/innnenschulung Internationale Begegnungen<\/strong><\/p>\n<p>Am vergangenen Wochenende fand auf der Burg Rieneck eine Leiter\/innenschulung f\u00fcr Internationale Begegnungen, insbesondere auf dem Bundeslager, statt.<\/p>\n<p><a href=\"https:\/\/www.vcp.de\/pfadfinden\/wp-content\/uploads\/2017\/04\/IBS_cover-e1493393373333.jpg\"><img loading=\"lazy\" decoding=\"async\" class=\"aligncenter size-medium wp-image-6377\" src=\"https:\/\/www.vcp.de\/pfadfinden\/wp-content\/uploads\/2017\/04\/IBS_cover-300x169.jpg\" alt=\"\" width=\"300\" height=\"169\" \/><\/a><\/p>\n<p>Wir, Thomas Haeckel, Luzia Teinert, Clarah Drammeh und Erzsebet Haris, als Teamer dieser Schulung, wollen uns ganz herzlich bei den Teilnehmenden bedanken. Ihr wart supermotiviert, interessiert und neugierig und es hat gro\u00dfen Spa\u00df gemacht mit euch zu arbeiten.<\/p>\n<p><strong>Einer unser Teilnehmer schildert hier f\u00fcr den Blog seine pers\u00f6nlichen Eindr\u00fccke von der Schulung. Vielen Dank Philipp f\u00fcr diesen sch\u00f6nen Beitrag<\/strong>:<\/p>\n<p>Die diesj\u00e4hrige Schulung f\u00fcr Leiterinnen und Leiter internationaler Begegnungen fand am letzten Wochenende auf Burg Rieneck im n\u00f6rdlichen Teil von Bayern statt. Einige der Teilnehmenden wohnten nur einen metaphorischen Steinwurf weit weg, aber sogar vom Bodensee war eine Delegation Pfadfinder\/innen angereist. Die letzten Nachz\u00fcgler fanden zwar erst am Samstag ihren Weg zur Burg, das Programm musste daher erst einmal ohne sie beginnen. Die Teilnehmenden hatten die M\u00f6glichkeit, alles Wichtige \u00fcber internationale Begegnungen und Beziehungen in drei Programmteilen zu erfahren. Hierbei fand dies vorallem mit Blick auf das kommende BuLa statt, auf dem die meisten Schulungsteilnehmenden ausl\u00e4ndische Pfadfinder\/innen zu Gast haben werden.<\/p>\n<p>Der erste Programmabschnitt nahm ungef\u00e4hr einen Vormittag in Anspruch. Hier ging es um \u00a0Zusch\u00fcsse f\u00fcr ihre Aktivit\u00e4ten mit den Partnergruppen. Der deutsche Staat unterst\u00fctzt mit dem sogenannten \u201eKinder- und Jugendplan des Bundes\u201c unter anderem die internationale Jugendarbeit. Hier gibt es aber einiges zu beachten: Die Gruppengr\u00f6\u00dfe der G\u00e4ste sollte von der der Gastgeber nicht sonderlich variieren, die Programmdauer sollte in einem Rahmen von 5 bis 30 Tagen angelegt sein und mindestens zwei Drittel der Zeit muss mit der Partnergruppe verbracht werden. Zum Gl\u00fcck bekamen die jungen Leiter\/innen neben viel Information auch Unterst\u00fctzung beim Ausf\u00fcllen der Antragsb\u00f6gen, die zum Teil schon eine echte Herausforderung darstellten.<\/p>\n<p>Die Burg Rieneck bot dabei einen herrvorragenden Platz zum Arbeiten. Neben professionell ausgestatten Tagungsr\u00e4umen versorgte die ebenso professionelle K\u00fcche die Gruppe mit leckerem Essen, nicht nach Lager- sondern mehr nach Restaurantmanier. Auch der historische Teil der Burg bot seine Highlights. Den Schulungsteilnehmenden wurde eine einzigartige F\u00fchrung durch den \u201edicken Turm\u201c gew\u00e4hrt. Zu Harfenspiel ert\u00f6nte eine Schauergeschichte, w\u00e4hrend man sich die enge Wendeltreppe hinaufquetschte. Und wenn der Kerker und die Geschichte noch nicht gruselig genug waren, fl\u00f6\u00dfte der Blick vom viel zu hohen Turm auf jeden Fall eine G\u00e4nsehaut ein.<\/p>\n<p><a href=\"https:\/\/www.vcp.de\/pfadfinden\/wp-content\/uploads\/2017\/04\/IBS.jpg\"><img loading=\"lazy\" decoding=\"async\" class=\"size-medium wp-image-6381 aligncenter\" src=\"https:\/\/www.vcp.de\/pfadfinden\/wp-content\/uploads\/2017\/04\/IBS-300x169.jpg\" alt=\"\" width=\"300\" height=\"169\" \/><\/a><\/p>\n<p>Der zweite Teil des Programmes drehte sich inhaltlich um die beiden Organisationen WAGGGS und WOSM. Die Teilnehmenden hatten die Aufgabe, sich selbst nach ihrem Wissen zu positionieren: Was bedeutet WAGGGS? Wo liegt der Unterschied zwischen RDP und RdP? In welcher Organisation ist der VCP Mitglied? Mit der Anzahl der Fragen schrumpfte das Wissen der Pfadis kontinuierlich. Doch nat\u00fcrlich wurde dem sofort Abhilfe geschaffen. Auch aus diesem Teil des Seminars ging die Gruppe gut informiert hinaus: sie hatte viel \u00fcber die Weltorganisationen WAGGGS und WOSM und \u00fcber internationale Pfadfinderarbeit erfahren.<\/p>\n<p><a href=\"https:\/\/www.vcp.de\/pfadfinden\/wp-content\/uploads\/2017\/04\/IBS3.jpg\"><img loading=\"lazy\" decoding=\"async\" class=\"size-medium wp-image-6380 aligncenter\" src=\"https:\/\/www.vcp.de\/pfadfinden\/wp-content\/uploads\/2017\/04\/IBS3-300x169.jpg\" alt=\"\" width=\"300\" height=\"169\" \/><\/a><\/p>\n<p>Als Letztes stand ein etwas zwischenmenschlicherer Punkt auf der Tagesordnung. Etwas, das auf keiner internationalen Begegnung vergessen werden sollte, sind Gastgeschenke. Denn nichts ist peinlicher, als ein Gasgtgeschenk von seinen Austauschpartnern zu bekommen und nichts zur\u00fcckgeben zu k\u00f6nnen. Dabei ist jedoch zu beachten: Gastgeschenke sollten keinen materiellen Wert haben, etwas selbst gebasteltes oder etwas mit kulturellem Bezug reicht v\u00f6llig. Denn nicht das Aussehen oder die Sprache unterscheiden die L\u00e4nder, es ist die Kultur. Die verschiedenen Kulturen bieten genug Gespr\u00e4chsstoff f\u00fcr viele Abende und k\u00f6nnen Wurzeln schlagen, mit denen Jahre der Partnerschaft einhergehen k\u00f6nnen.<\/p>\n<p>Am Sonntag trennten sich die Teilnehmenden des Seminares wieder. Egal, ob es nach Australien geht oder nach Pal\u00e4stina, jede Pfadfinderin und jeder Pfadfinder hat hier etwas sehr Wichtiges f\u00fcr bevorstehende Internationale Begegnungen gelernt. Und wenn jetzt noch Fragen aufkommen, sind die Schulungsteamenden immer f\u00fcr R\u00fcckfragen offen. Damit verschwand die Gruppe wieder auf ihre mehr oder weniger langen Heimreisen.<\/p>\n<p>&nbsp;<\/p>\n","protected":false},"excerpt":{"rendered":"<p>mit einem Beitrag von Philipp Roller und Fotos von Thomas Haeckel Leiter\/innnenschulung Internationale Begegnungen Am vergangenen Wochenende fand auf der Burg Rieneck eine Leiter\/innenschulung f\u00fcr Internationale Begegnungen, insbesondere auf dem Bundeslager, statt. Wir, Thomas Haeckel, Luzia Teinert, Clarah Drammeh und Erzsebet Haris, als Teamer dieser Schulung, wollen uns ganz herzlich bei den Teilnehmenden bedanken. Ihr [&hellip;]<\/p>\n","protected":false},"author":20,"featured_media":6377,"comment_status":"closed","ping_status":"open","sticky":false,"template":"","format":"standard","meta":{"_acf_changed":false,"inline_featured_image":false,"footnotes":""},"categories":[5,14],"tags":[],"class_list":["post-6374","post","type-post","status-publish","format-standard","has-post-thumbnail","hentry","category-aus-dem-verband","category-internationales"],"acf":[],"_links":{"self":[{"href":"https:\/\/vcp.de\/pfadfinden\/wp-json\/wp\/v2\/posts\/6374","targetHints":{"allow":["GET"]}}],"collection":[{"href":"https:\/\/vcp.de\/pfadfinden\/wp-json\/wp\/v2\/posts"}],"about":[{"href":"https:\/\/vcp.de\/pfadfinden\/wp-json\/wp\/v2\/types\/post"}],"author":[{"embeddable":true,"href":"https:\/\/vcp.de\/pfadfinden\/wp-json\/wp\/v2\/users\/20"}],"replies":[{"embeddable":true,"href":"https:\/\/vcp.de\/pfadfinden\/wp-json\/wp\/v2\/comments?post=6374"}],"version-history":[{"count":0,"href":"https:\/\/vcp.de\/pfadfinden\/wp-json\/wp\/v2\/posts\/6374\/revisions"}],"wp:featuredmedia":[{"embeddable":true,"href":"https:\/\/vcp.de\/pfadfinden\/wp-json\/wp\/v2\/media\/6377"}],"wp:attachment":[{"href":"https:\/\/vcp.de\/pfadfinden\/wp-json\/wp\/v2\/media?parent=6374"}],"wp:term":[{"taxonomy":"category","embeddable":true,"href":"https:\/\/vcp.de\/pfadfinden\/wp-json\/wp\/v2\/categories?post=6374"},{"taxonomy":"post_tag","embeddable":true,"href":"https:\/\/vcp.de\/pfadfinden\/wp-json\/wp\/v2\/tags?post=6374"}],"curies":[{"name":"wp","href":"https:\/\/api.w.org\/{rel}","templated":true}]}}