{"id":6150,"date":"2017-03-16T22:42:10","date_gmt":"2017-03-16T20:42:10","guid":{"rendered":"http:\/\/www.vcp.de\/pfadfinden\/?p=6150"},"modified":"2017-03-16T23:49:43","modified_gmt":"2017-03-16T21:49:43","slug":"demokratie-ist-nicht-mehr-selbstverstaendlich","status":"publish","type":"post","link":"https:\/\/vcp.de\/pfadfinden\/aus-dem-verband\/demokratie-ist-nicht-mehr-selbstverstaendlich\/","title":{"rendered":"Demokratie ist nicht mehr selbstverst\u00e4ndlich!"},"content":{"rendered":"<p><figure id=\"attachment_6152\" aria-describedby=\"caption-attachment-6152\" style=\"width: 300px\" class=\"wp-caption aligncenter\"><a href=\"https:\/\/www.vcp.de\/pfadfinden\/wp-content\/uploads\/2017\/03\/BL_Berlin_Demokratiekongress.jpg\"><img loading=\"lazy\" decoding=\"async\" src=\"https:\/\/www.vcp.de\/pfadfinden\/wp-content\/uploads\/2017\/03\/BL_Berlin_Demokratiekongress-300x152.jpg\" alt=\"\" width=\"300\" height=\"152\" class=\"size-medium wp-image-6152\" srcset=\"https:\/\/vcp.de\/pfadfinden\/wp-content\/uploads\/2017\/03\/BL_Berlin_Demokratiekongress-300x152.jpg 300w, https:\/\/vcp.de\/pfadfinden\/wp-content\/uploads\/2017\/03\/BL_Berlin_Demokratiekongress-768x389.jpg 768w, https:\/\/vcp.de\/pfadfinden\/wp-content\/uploads\/2017\/03\/BL_Berlin_Demokratiekongress-1024x519.jpg 1024w, https:\/\/vcp.de\/pfadfinden\/wp-content\/uploads\/2017\/03\/BL_Berlin_Demokratiekongress.jpg 1600w\" sizes=\"auto, (max-width: 300px) 100vw, 300px\" \/><\/a><figcaption id=\"caption-attachment-6152\" class=\"wp-caption-text\">Demokratiekongress am 14. M\u00e4rz 2017 in Berlin<\/figcaption><\/figure>Demokratie ist nicht mehr selbstverst\u00e4ndlich! Dieses Gef\u00fchl hatten zumindest einige der Rednerinnen und Redner auf dem Demokratiekongress \u201eWas h\u00e4lt Deutschland zusammen?\u201c, zu dem das Bundesministerium f\u00fcr Familien, Senioren, Frauen und Jugend am 14. M\u00e4rz nach Berlin geladen hatte. <\/p>\n<p>\u201eHaben wir denn nichts dazugelernt?\u201c, zitierte Ministerin Manuela Schwesig ihre \u00fcber 90-j\u00e4hrige Gro\u00dfmutter zur Gef\u00fchlslage mit Blick auf die aktuellen Geschehnisse in Deutschland. Was muss nun also getan werden f\u00fcr die Demokratie und was hat das Ganze mit Luther zu tun? All diese Fragen griffen die Rednerinnen und Redner, die G\u00e4ste der Podiumsdiskussionen, aber auch die Workshops zu verschiedeneren Themenfeldern auf. Wichtige Erkenntnis dabei immer wieder: Beteiligung und politische Bildung sind notwendig zur St\u00e4rkung der Demokratie. <\/p>\n<p>In den Workshops am Nachmittag konnten Generalsekret\u00e4r Jan Behrendt und Bundesvorsitzende Jule Lumma Erfahrungen aus der Jugendverbandsarbeit mit einbringen. Beim Themenschwerpunkt \u201eStarke Kinder. Starke Jugendliche. Starke Demokratie\u201c wirkten sie in unterschiedlichen Gruppen bei der Erstellung von Thesen mit: <\/p>\n<p>&#8211; Jedes Kind in Deutschland soll seine Rechte kennen, diese verwirklichen k\u00f6nnen und eine Anlaufstelle in selbem direkten Lebensumfeld finden, wo es seine Interesse vertreten kann und diese vertreten werden. Nicht vergessen: Kinderrechte ins Grundgesetz!<br \/>\n&#8211; Ob Parkbank, PlayStation oder Jugendgruppe \u2013 alle jungen Menschen brauchen freie Zeiten und eigene R\u00e4um, in denen sie selbst bestimmen und mitbestimmen erlernen.<br \/>\n&#8211; Die vernetzte Welt ist eine Chance. Sie fordert uns heraus, kritisch-reflexiv und sozial-verantwortlich miteinander umzugehen und unsere Gesellschaft zu gestalten. Wir fordern, eine fr\u00fchzeitige und dauerhafte F\u00f6rderung von Medienkompetenz als notwendige Voraussetzung f\u00fcr gesellschaftliche Teilhabe. Wir fordern einen transparenten Umgang mit unseren Daten im Rahmen einer jugendgerechten Netzpolitik, zu der Regierung und Wirtschaft gleicherma\u00dfen verpflichtet werden.<\/p>\n<p>Weitere Thesen und die Dokumentation des Kongresses finden sich auf <a href=\"http:\/\/www.zusammenhalt-staerken.de\/kongress\/dokumentation\/\" target=\"_blank\">www.zusammenhalt-staerken.de<\/a>.<\/p>\n<p>Und welchen Anteil hat nun die Reformation? Durchaus viele: Luthers Mut, Dinge anzusprechen und zu ver\u00e4ndern, ist ein gutes Beispiel f\u00fcr demokratisches Handeln. Auch seine Einstellung, dass die Bibel beispielsweise so verf\u00fcgbar sein muss, dass sie jeder versteht und mitreden kann, ist ein Zeugnis f\u00fcr Mitbestimmung und Mitwirkung. Denn nur wer versteht, kann mitgestalten.<\/p>\n","protected":false},"excerpt":{"rendered":"<p>Demokratie ist nicht mehr selbstverst\u00e4ndlich! Dieses Gef\u00fchl hatten zumindest einige der Rednerinnen und Redner auf dem Demokratiekongress \u201eWas h\u00e4lt Deutschland zusammen?\u201c, zu dem das Bundesministerium f\u00fcr Familien, Senioren, Frauen und Jugend am 14. M\u00e4rz nach Berlin geladen hatte. \u201eHaben wir denn nichts dazugelernt?\u201c, zitierte Ministerin Manuela Schwesig ihre \u00fcber 90-j\u00e4hrige Gro\u00dfmutter zur Gef\u00fchlslage mit Blick [&hellip;]<\/p>\n","protected":false},"author":16,"featured_media":6152,"comment_status":"closed","ping_status":"open","sticky":false,"template":"","format":"standard","meta":{"_acf_changed":false,"inline_featured_image":false,"footnotes":""},"categories":[5],"tags":[154,87,152,102,153,155,156,46],"class_list":["post-6150","post","type-post","status-publish","format-standard","has-post-thumbnail","hentry","category-aus-dem-verband","tag-berlin","tag-bundesleitung","tag-demokratie","tag-jugendpolitik","tag-kongress","tag-luther","tag-reformation","tag-vcp"],"acf":[],"_links":{"self":[{"href":"https:\/\/vcp.de\/pfadfinden\/wp-json\/wp\/v2\/posts\/6150","targetHints":{"allow":["GET"]}}],"collection":[{"href":"https:\/\/vcp.de\/pfadfinden\/wp-json\/wp\/v2\/posts"}],"about":[{"href":"https:\/\/vcp.de\/pfadfinden\/wp-json\/wp\/v2\/types\/post"}],"author":[{"embeddable":true,"href":"https:\/\/vcp.de\/pfadfinden\/wp-json\/wp\/v2\/users\/16"}],"replies":[{"embeddable":true,"href":"https:\/\/vcp.de\/pfadfinden\/wp-json\/wp\/v2\/comments?post=6150"}],"version-history":[{"count":0,"href":"https:\/\/vcp.de\/pfadfinden\/wp-json\/wp\/v2\/posts\/6150\/revisions"}],"wp:featuredmedia":[{"embeddable":true,"href":"https:\/\/vcp.de\/pfadfinden\/wp-json\/wp\/v2\/media\/6152"}],"wp:attachment":[{"href":"https:\/\/vcp.de\/pfadfinden\/wp-json\/wp\/v2\/media?parent=6150"}],"wp:term":[{"taxonomy":"category","embeddable":true,"href":"https:\/\/vcp.de\/pfadfinden\/wp-json\/wp\/v2\/categories?post=6150"},{"taxonomy":"post_tag","embeddable":true,"href":"https:\/\/vcp.de\/pfadfinden\/wp-json\/wp\/v2\/tags?post=6150"}],"curies":[{"name":"wp","href":"https:\/\/api.w.org\/{rel}","templated":true}]}}