{"id":6014,"date":"2017-02-15T10:20:43","date_gmt":"2017-02-15T08:20:43","guid":{"rendered":"http:\/\/www.vcp.de\/pfadfinden\/?p=6014"},"modified":"2017-02-17T10:41:56","modified_gmt":"2017-02-17T08:41:56","slug":"pfadfinden-reflektieren-mit-einer-stammeschronik","status":"publish","type":"post","link":"https:\/\/vcp.de\/pfadfinden\/allgemein\/pfadfinden-reflektieren-mit-einer-stammeschronik\/","title":{"rendered":"Pfadfinden reflektieren &#8211; mit einer Stammeschronik"},"content":{"rendered":"<p>Im Zuge des 40-j\u00e4hrigen Stammesjubil\u00e4ums des Stammes Heinrich von Plauen Koblenz-Karthause im Juni 1999 hatten G\u00f6tz Berger und Martin Gloger eine Idee: die Erstellung einer Stammeschronik. Etwa ein Jahr sp\u00e4ter konnte dieses gro\u00dfe Projekt dann mit einem \u201eStammeschronikteam\u201c auf den Weg gebracht werden. Nach 16 Jahren harter, aber auch erfreulicher Arbeit erschien das etwa 340 Seiten dicke Buch endlich am 15. November 2016. Die Chronik dokumentiert die Aktivit\u00e4ten des Stammes von seiner Gr\u00fcndung am 17. Juni 1959 bis einschlie\u00dflich 2015.\u00a0Rebecca Haugwitz hat sich die Chronik angeschaut.<\/p>\n<h3>Stammeschronik &#8211; nicht nur f\u00fcr Mitglieder<\/h3>\n<p>Ich habe mir das Buch einmal angeschaut, ein bisschen reingelesen und mir Gedanken dazu gemacht. So eine ganze Stammeschronik, ordentlich und h\u00fcbsch aufbereitet, ist nat\u00fcrlich super f\u00fcr alle Stammesmitglieder, f\u00fcr Ehemalige, Freunde, F\u00f6rderkreise oder anderweitig engagierte und interessierte Leute. Sie weckt Erinnerungen, schafft einen tollen R\u00fcckblick auf die vergangenen Jahre und ruft vielleicht sogar neue Motivation oder Inspiration f\u00fcr die n\u00e4chsten Jahre hervor. Ich hatte erwartet, dass die Lekt\u00fcre f\u00fcr mich nicht so interessant w\u00e4re, da ich keinen Bezug zu dem Stamm habe, aber ich habe mich eines Besseren belehren lassen. Besonders die Vorworte und die Texte zum Pfadfinden und zum VCP fand ich sehr gut und teilweise sogar anr\u00fchrend:<\/p>\n<h3>Geschichte aus einem pers\u00f6nlichen Blickwinkel<\/h3>\n<p>\u201eWas hat mich bewogen, Pfadfinder zu werden, haben mich die Macher der Chronik gefragt. Dies war kein lange \u00fcberlegter Entschluss. Die begeisternde Anziehungskraft einer \u00f6rtlichen Gruppe [\u2026] hat mich bewogen, einen Versuch zu machen. Ich habe dasselbe erlebt, was heute viele junge Menschen gerne erleben. Da waren Freunde, da war Abenteuer, da war Unbekanntes, da wurde ich mit den anderen zusammen mit meinen F\u00e4higkeiten herausgefordert, da war ich wichtig.\u201c, so schreibt Hans-Peter von Kirchbach in seinem Vorwort als einer der Gr\u00fcnder des Stammes. Aber auch die Texte und Fotos von Lagern haben mir gefallen, irgendwo erinnert man sich da auch an eigene Erlebnisse zur\u00fcck und kann ein bisschen in seinen Erinnerungen schwelgen.<br \/>\nAllen, die sich f\u00fcr pfadfinderische Geschichte oder speziell f\u00fcr den Stamm Heinrich von Plauen interessieren, kann ich diese Stammeschronik wirklich w\u00e4rmstens empfehlen. Es lohnt sich auf jeden Fall, mal einen Blick hineinzuwerfen. <\/p>\n<p>Alle Informationen zum Erwerb der Chronik findet ihr hier: <a href=\"https:\/\/stammeschronik-hvp.jimdo.com\/buch-kaufen\/\">https:\/\/stammeschronik-hvp.jimdo.com\/buch-kaufen\/<\/a><\/p>\n","protected":false},"excerpt":{"rendered":"<p>Im Zuge des 40-j\u00e4hrigen Stammesjubil\u00e4ums des Stammes Heinrich von Plauen Koblenz-Karthause im Juni 1999 hatten G\u00f6tz Berger und Martin Gloger eine Idee: die Erstellung einer Stammeschronik. Etwa ein Jahr sp\u00e4ter konnte dieses gro\u00dfe Projekt dann mit einem \u201eStammeschronikteam\u201c auf den Weg gebracht werden. Nach 16 Jahren harter, aber auch erfreulicher Arbeit erschien das etwa 340 [&hellip;]<\/p>\n","protected":false},"author":52,"featured_media":6016,"comment_status":"closed","ping_status":"open","sticky":false,"template":"","format":"standard","meta":{"_acf_changed":false,"inline_featured_image":false,"footnotes":""},"categories":[1],"tags":[],"class_list":["post-6014","post","type-post","status-publish","format-standard","has-post-thumbnail","hentry","category-allgemein"],"acf":[],"_links":{"self":[{"href":"https:\/\/vcp.de\/pfadfinden\/wp-json\/wp\/v2\/posts\/6014","targetHints":{"allow":["GET"]}}],"collection":[{"href":"https:\/\/vcp.de\/pfadfinden\/wp-json\/wp\/v2\/posts"}],"about":[{"href":"https:\/\/vcp.de\/pfadfinden\/wp-json\/wp\/v2\/types\/post"}],"author":[{"embeddable":true,"href":"https:\/\/vcp.de\/pfadfinden\/wp-json\/wp\/v2\/users\/52"}],"replies":[{"embeddable":true,"href":"https:\/\/vcp.de\/pfadfinden\/wp-json\/wp\/v2\/comments?post=6014"}],"version-history":[{"count":0,"href":"https:\/\/vcp.de\/pfadfinden\/wp-json\/wp\/v2\/posts\/6014\/revisions"}],"wp:featuredmedia":[{"embeddable":true,"href":"https:\/\/vcp.de\/pfadfinden\/wp-json\/wp\/v2\/media\/6016"}],"wp:attachment":[{"href":"https:\/\/vcp.de\/pfadfinden\/wp-json\/wp\/v2\/media?parent=6014"}],"wp:term":[{"taxonomy":"category","embeddable":true,"href":"https:\/\/vcp.de\/pfadfinden\/wp-json\/wp\/v2\/categories?post=6014"},{"taxonomy":"post_tag","embeddable":true,"href":"https:\/\/vcp.de\/pfadfinden\/wp-json\/wp\/v2\/tags?post=6014"}],"curies":[{"name":"wp","href":"https:\/\/api.w.org\/{rel}","templated":true}]}}