{"id":5841,"date":"2016-12-15T15:18:03","date_gmt":"2016-12-15T13:18:03","guid":{"rendered":"http:\/\/www.vcp.de\/pfadfinden\/?p=5841"},"modified":"2016-12-15T15:18:58","modified_gmt":"2016-12-15T13:18:58","slug":"unter-palmen-lernen-der-vcp-bei-der-academy-2016-auf-zypern","status":"publish","type":"post","link":"https:\/\/vcp.de\/pfadfinden\/internationales\/unter-palmen-lernen-der-vcp-bei-der-academy-2016-auf-zypern\/","title":{"rendered":"Unter Palmen lernen &#8211; der VCP bei der Academy 2016 auf Zypern"},"content":{"rendered":"<p><em>Von Fabian Loske <\/em><\/p>\n<p>Steffen Immink, Peter Krinke und Fabian Loske haben die gemeinsam von WOSM und WAGGGS in Europa organisierte Academy auf Zypern besucht. Das ist eine Scout &amp; Guide Veranstaltung, die den Teilnehmenden erm\u00f6glichen soll, qualitativ hochwertige Ausbildungs- und Networking-M\u00f6glichkeiten vor dem Hintergrund der Kernthemen der europ\u00e4ischen L\u00e4nder von WAGGGS und WOSM zu bekommen. Vor der Academy hatte Fabian noch Gelegenheit Zypern zu erkunden und etwas von diesem spannenden Land zu berichten.<\/p>\n<p>\u201eSorry, my wife is still in the luggage\u201c Diese, mit deutlichem deutschen Akzent vorgetragene Entschuldigung, dass ein Mann den F\u00fchrerschein seiner Ehefrau am Mietwagenschalter nicht vorzeigen kann, macht die Wartezeit am Flughafen von Larnaka auf Zypern dann doch ein bisschen unterhaltsam.<\/p>\n<p>Nach knapp 9 Stunden Reisezeit von Stuttgart nach Larnaka bin ich nun gespannt darauf, was ich die n\u00e4chsten drei Tage auf Zypern alles sehen und erleben werde, bevor die Academy startet.<\/p>\n<p>Schon an meinem ersten Ziel, dem Dorf Pyla wird die Geschichte Zyperns greifbar. Politische Unruhen f\u00fchrten Anfang der 60er Jahre dazu, dass jetzt griechische und t\u00fcrkische Zyprioten, fr\u00fcher friedlich zusammen , nun getrennt voneinander leben. Die griechischen Zyprioten leben im S\u00fcden der Insel, der Republik Zypern. Die t\u00fcrkischen Zyprioten leben im Norden der Insel, der von der T\u00fcrkei seit den politischen Unruhen besetzt ist. Beide Gebiete sind durch die \u201eGr\u00fcne Linie\u201c, eine durch die Vereinten Nationen kontrollierte Grenze getrennt. Das Dorf Pyla liegt auf dieser Grenze und hier leben t\u00fcrkische und griechische Zyprioten trotz der allgemeinen Trennung der Volksgruppen friedlich zusammen. So haben die \u00f6rtlichen UN-Polizisten recht wenig zu tun und genie\u00dfen bei bestem mediterranem Wetter je nach Kaffeehaus t\u00fcrkischen oder zypriotischen Kaffee mit den Dorfbewohnern.<\/p>\n<p>Nach einem ersten Sprung ins Mittelmeer geht es abends noch nach Nikosia, der Hauptstadt der Republik Zypern und die letzte geteilte Hauptstadt der Welt, da hier die \u201eGr\u00fcne Linie\u201c mitten durch die Stadt verl\u00e4uft. Bei der \u00dcberquerung der Grenze wird der Unterschied zwischen S\u00fcd- und Nordnikosia sichtbar: Im S\u00fcden dominiert die sch\u00f6n restaurierte historische Altstadt mit vielen Caf\u00e9s, L\u00e4den und Gesch\u00e4ften europ\u00e4ischer Ketten und europ\u00e4ischen, griechischen und zypriotischen Flaggen. Im Nordteil kommt eher eine traditionelle \u201eBasar-Atmosph\u00e4re\u201c auf und das Stra\u00dfenbild ist von riesigen t\u00fcrkischen Flaggen gepr\u00e4gt.<\/p>\n<p>Westlich von Nikosia liegt das Troodos Gebirge, dort kann man die Flipflops gegen Bergstiefel tauschen und einen der vielen Wege um den Mount Olympus wandern. Auf fast 2 000 Metern H\u00f6he ist das Wetter zu dieser Jahreszeit alles andere als mediterran, was dazu f\u00fchrt, dass man auch am Mittelmeer im Winter Skifahren kann. Zum Gl\u00fcck ist die K\u00fcste auch hier nicht weit entfernt, so dass man sich nach einer Wandertour noch schnell im Mittelmeer erfrischen kann.<\/p>\n<p>Pfadfinderinnen und Pfadfinder gibt es auf Zypern nur im S\u00fcdteil der Insel. Dort sind sie aber eine der wichtigsten und aktivsten Jugendorganisationen.<\/p>\n<p>Zypern bietet viele M\u00f6glichkeiten, um \u201epfadfinderisch\u201c unterwegs zu sein. Wenn ihr Interesse habt, Zypern zu eurem n\u00e4chsten Fahrtenziel zu machen, schreibt einfach an <a href=\"mailto:international@vcp.de\">international@vcp.de<\/a> und wir vermitteln euch einen Kontakt bei den zypriotischen Pfadis. Sie werden euch gerne in ihrem sch\u00f6nen Land willkommen hei\u00dfen.<\/p>\n<div id='gallery-1' class='gallery galleryid-5841 gallery-columns-3 gallery-size-thumbnail'><figure class='gallery-item'>\n\t\t\t<div class='gallery-icon landscape'>\n\t\t\t\t<a href='https:\/\/vcp.de\/pfadfinden\/wp-content\/uploads\/2016\/12\/zypern_zoom_Teilnehmer-2-3.jpg'><img loading=\"lazy\" decoding=\"async\" width=\"150\" height=\"150\" src=\"https:\/\/vcp.de\/pfadfinden\/wp-content\/uploads\/2016\/12\/zypern_zoom_Teilnehmer-2-3-150x150.jpg\" class=\"attachment-thumbnail size-thumbnail\" alt=\"\" srcset=\"https:\/\/vcp.de\/pfadfinden\/wp-content\/uploads\/2016\/12\/zypern_zoom_Teilnehmer-2-3-150x150.jpg 150w, https:\/\/vcp.de\/pfadfinden\/wp-content\/uploads\/2016\/12\/zypern_zoom_Teilnehmer-2-3-45x45.jpg 45w\" sizes=\"auto, (max-width: 150px) 100vw, 150px\" \/><\/a>\n\t\t\t<\/div><\/figure><figure class='gallery-item'>\n\t\t\t<div class='gallery-icon landscape'>\n\t\t\t\t<a href='https:\/\/vcp.de\/pfadfinden\/wp-content\/uploads\/2016\/12\/2-Miles-am-Strand_Auch-Miles-unser-internationales-Maskottchen-war-nat\u00fcrlich-mit-dabei-3-e1481806339701.jpg'><img loading=\"lazy\" decoding=\"async\" width=\"150\" height=\"150\" src=\"https:\/\/vcp.de\/pfadfinden\/wp-content\/uploads\/2016\/12\/2-Miles-am-Strand_Auch-Miles-unser-internationales-Maskottchen-war-nat\u00fcrlich-mit-dabei-3-150x150.jpg\" class=\"attachment-thumbnail size-thumbnail\" alt=\"\" srcset=\"https:\/\/vcp.de\/pfadfinden\/wp-content\/uploads\/2016\/12\/2-Miles-am-Strand_Auch-Miles-unser-internationales-Maskottchen-war-nat\u00fcrlich-mit-dabei-3-150x150.jpg 150w, https:\/\/vcp.de\/pfadfinden\/wp-content\/uploads\/2016\/12\/2-Miles-am-Strand_Auch-Miles-unser-internationales-Maskottchen-war-nat\u00fcrlich-mit-dabei-3-45x45.jpg 45w\" sizes=\"auto, (max-width: 150px) 100vw, 150px\" \/><\/a>\n\t\t\t<\/div><\/figure><figure class='gallery-item'>\n\t\t\t<div class='gallery-icon landscape'>\n\t\t\t\t<a href='https:\/\/vcp.de\/pfadfinden\/wp-content\/uploads\/2016\/12\/Nikosia_adacemy_DSC_3396-3.jpg'><img loading=\"lazy\" decoding=\"async\" width=\"150\" height=\"150\" src=\"https:\/\/vcp.de\/pfadfinden\/wp-content\/uploads\/2016\/12\/Nikosia_adacemy_DSC_3396-3-150x150.jpg\" class=\"attachment-thumbnail size-thumbnail\" alt=\"\" srcset=\"https:\/\/vcp.de\/pfadfinden\/wp-content\/uploads\/2016\/12\/Nikosia_adacemy_DSC_3396-3-150x150.jpg 150w, https:\/\/vcp.de\/pfadfinden\/wp-content\/uploads\/2016\/12\/Nikosia_adacemy_DSC_3396-3-45x45.jpg 45w\" sizes=\"auto, (max-width: 150px) 100vw, 150px\" \/><\/a>\n\t\t\t<\/div><\/figure><figure class='gallery-item'>\n\t\t\t<div class='gallery-icon landscape'>\n\t\t\t\t<a href='https:\/\/vcp.de\/pfadfinden\/wp-content\/uploads\/2016\/12\/academy_biberz\u00e4hne_DSC_3404-3.jpg'><img loading=\"lazy\" decoding=\"async\" width=\"150\" height=\"150\" src=\"https:\/\/vcp.de\/pfadfinden\/wp-content\/uploads\/2016\/12\/academy_biberz\u00e4hne_DSC_3404-3-150x150.jpg\" class=\"attachment-thumbnail size-thumbnail\" alt=\"\" srcset=\"https:\/\/vcp.de\/pfadfinden\/wp-content\/uploads\/2016\/12\/academy_biberz\u00e4hne_DSC_3404-3-150x150.jpg 150w, https:\/\/vcp.de\/pfadfinden\/wp-content\/uploads\/2016\/12\/academy_biberz\u00e4hne_DSC_3404-3-45x45.jpg 45w\" sizes=\"auto, (max-width: 150px) 100vw, 150px\" \/><\/a>\n\t\t\t<\/div><\/figure><figure class='gallery-item'>\n\t\t\t<div class='gallery-icon landscape'>\n\t\t\t\t<a href='https:\/\/vcp.de\/pfadfinden\/wp-content\/uploads\/2016\/12\/Nikosia_academy_umgebung_DSC_3408-3-1.jpg'><img loading=\"lazy\" decoding=\"async\" width=\"150\" height=\"150\" src=\"https:\/\/vcp.de\/pfadfinden\/wp-content\/uploads\/2016\/12\/Nikosia_academy_umgebung_DSC_3408-3-1-150x150.jpg\" class=\"attachment-thumbnail size-thumbnail\" alt=\"\" srcset=\"https:\/\/vcp.de\/pfadfinden\/wp-content\/uploads\/2016\/12\/Nikosia_academy_umgebung_DSC_3408-3-1-150x150.jpg 150w, https:\/\/vcp.de\/pfadfinden\/wp-content\/uploads\/2016\/12\/Nikosia_academy_umgebung_DSC_3408-3-1-45x45.jpg 45w\" sizes=\"auto, (max-width: 150px) 100vw, 150px\" \/><\/a>\n\t\t\t<\/div><\/figure><figure class='gallery-item'>\n\t\t\t<div class='gallery-icon landscape'>\n\t\t\t\t<a href='https:\/\/vcp.de\/pfadfinden\/wp-content\/uploads\/2016\/12\/zypern_-T\u00fcrkische-Flaggen-in-Nikosia-3.jpg'><img loading=\"lazy\" decoding=\"async\" width=\"150\" height=\"150\" src=\"https:\/\/vcp.de\/pfadfinden\/wp-content\/uploads\/2016\/12\/zypern_-T\u00fcrkische-Flaggen-in-Nikosia-3-150x150.jpg\" class=\"attachment-thumbnail size-thumbnail\" alt=\"\" srcset=\"https:\/\/vcp.de\/pfadfinden\/wp-content\/uploads\/2016\/12\/zypern_-T\u00fcrkische-Flaggen-in-Nikosia-3-150x150.jpg 150w, https:\/\/vcp.de\/pfadfinden\/wp-content\/uploads\/2016\/12\/zypern_-T\u00fcrkische-Flaggen-in-Nikosia-3-45x45.jpg 45w\" sizes=\"auto, (max-width: 150px) 100vw, 150px\" \/><\/a>\n\t\t\t<\/div><\/figure>\n\t\t<\/div>\n\n","protected":false},"excerpt":{"rendered":"<p>Von Fabian Loske Steffen Immink, Peter Krinke und Fabian Loske haben die gemeinsam von WOSM und WAGGGS in Europa organisierte Academy auf Zypern besucht. Das ist eine Scout &amp; Guide Veranstaltung, die den Teilnehmenden erm\u00f6glichen soll, qualitativ hochwertige Ausbildungs- und Networking-M\u00f6glichkeiten vor dem Hintergrund der Kernthemen der europ\u00e4ischen L\u00e4nder von WAGGGS und WOSM zu bekommen. [&hellip;]<\/p>\n","protected":false},"author":3,"featured_media":5844,"comment_status":"closed","ping_status":"open","sticky":false,"template":"","format":"standard","meta":{"_acf_changed":false,"inline_featured_image":false,"footnotes":""},"categories":[14,116],"tags":[143,144],"class_list":["post-5841","post","type-post","status-publish","format-standard","has-post-thumbnail","hentry","category-internationales","category-miles","tag-nikosia","tag-the-academy-2016"],"acf":[],"_links":{"self":[{"href":"https:\/\/vcp.de\/pfadfinden\/wp-json\/wp\/v2\/posts\/5841","targetHints":{"allow":["GET"]}}],"collection":[{"href":"https:\/\/vcp.de\/pfadfinden\/wp-json\/wp\/v2\/posts"}],"about":[{"href":"https:\/\/vcp.de\/pfadfinden\/wp-json\/wp\/v2\/types\/post"}],"author":[{"embeddable":true,"href":"https:\/\/vcp.de\/pfadfinden\/wp-json\/wp\/v2\/users\/3"}],"replies":[{"embeddable":true,"href":"https:\/\/vcp.de\/pfadfinden\/wp-json\/wp\/v2\/comments?post=5841"}],"version-history":[{"count":0,"href":"https:\/\/vcp.de\/pfadfinden\/wp-json\/wp\/v2\/posts\/5841\/revisions"}],"wp:featuredmedia":[{"embeddable":true,"href":"https:\/\/vcp.de\/pfadfinden\/wp-json\/wp\/v2\/media\/5844"}],"wp:attachment":[{"href":"https:\/\/vcp.de\/pfadfinden\/wp-json\/wp\/v2\/media?parent=5841"}],"wp:term":[{"taxonomy":"category","embeddable":true,"href":"https:\/\/vcp.de\/pfadfinden\/wp-json\/wp\/v2\/categories?post=5841"},{"taxonomy":"post_tag","embeddable":true,"href":"https:\/\/vcp.de\/pfadfinden\/wp-json\/wp\/v2\/tags?post=5841"}],"curies":[{"name":"wp","href":"https:\/\/api.w.org\/{rel}","templated":true}]}}