{"id":5709,"date":"2016-11-02T14:42:14","date_gmt":"2016-11-02T12:42:14","guid":{"rendered":"http:\/\/www.vcp.de\/pfadfinden\/?p=5709"},"modified":"2016-11-15T21:55:12","modified_gmt":"2016-11-15T19:55:12","slug":"der-vcp-weltoffen-tolerant-und-gegen-diskriminierung","status":"publish","type":"post","link":"https:\/\/vcp.de\/pfadfinden\/aus-dem-verband\/der-vcp-weltoffen-tolerant-und-gegen-diskriminierung\/","title":{"rendered":"Der VCP engagiert sich gegen Rechtspopulismus und \u2013extremismus"},"content":{"rendered":"<p><strong><em>von Max Zeterberg und Jost Lambrecht<\/em><\/strong><\/p>\n<h2>Eilantrag an die Bundesversammlung 2016<\/h2>\n<p>\u201eDer VCP stellt sich bewusst gegen jede Form von Diskriminierung und Rechtspopulismus (und ruft dazu auf) Position gegen diese gesellschaftliche Entwicklung zu beziehen. Hierunter verstehen wir aktiven, lautstarken und friedlichen Protest.\u201c<\/p>\n<p>Dies ist die Kernaussage eines Bundesversammlungsbeschlusses aus diesem Jahr. Der VCP hat damit klar gegen einen drohenden Rechtsruck Stellung bezogen. Der Antrag wurde von Delegierten aus Rheinland-Pfalz\/Saar eingebracht und dann von gen\u00fcgend anderen Delegierten unterst\u00fctzt, wodurch er auf der Bundesversammlung (BV) diskutiert werden musste. Mit dem Antrag hat die Bundesversammlung aber nicht nur beschlossen, Position zu beziehen, sondern auch, dass sich der VCP gegen Rechtsextremismus engagieren soll. Dieses Engagement soll zwei Richtungen haben: Einerseits sollen die Mitglieder und die Ebenen im Verband aktiv werden und andererseits soll sich der VCP inhaltlich mit Rechtspopulismus und Rechtsextremismus auseinandersetzen.<\/p>\n<h2>Erstes Planungstreffen im September<\/h2>\n<p>Damit diese beiden Ziele erreicht werden k\u00f6nnen, hat die Bundesleitung zu einem Runden Tisch eingeladen. Wer Ideen dazu hat oder weiter daran mitarbeiten m\u00f6chte, sollte sich melden. Zu diesem ersten Planungstreffen sind sechs Interessierte gekommen: Antje Zelmer, Referentin der Bundesleitung und Esther Koch, Referentin in der Bundeszentrale, Matthias \u201eAtze\u201c M\u00fcller, Hessen und Clara Gro\u00df, Mitteldeutschland sowie Jost Lambrecht, Hamburg und Max Zeterberg, Berlin-Brandenburg.<\/p>\n<p>Gemeinsam haben wir folgende Ideen diskutiert:\u00a0 Angebote an die L\u00e4nder, inhaltliche Schwerpunkte auf Landesversammlungen oder \u2013r\u00e4ten zu gestalten und eine Arbeitshilfe mit Methoden f\u00fcr die Arbeit im Stamm zu entwickeln. Am wichtigsten war uns jedoch eine Kampagne gegen Rechtsextremismus in den drei Monaten vor der Bundestagswahl zu organisieren. Diese Kampagne soll aus Aktionen beim Kirchentag, Aktivit\u00e4ten vor Ort und Programmangeboten auf dem Bundeslager bestehen.<\/p>\n<h2>Impulse f\u00fcr den Bundesrat<\/h2>\n<p>Den Anfang haben wir mit einem inhaltlichen Input im Bundesrat gemacht. Im Mittelpunkt stand die Frage, was wir eigentlich unter \u201eRechtsextremismus\u201c verstehen. Schon die kurze Diskussion auf der Bundesversammlung hatte gezeigt, dass es hier einige Unklarheiten gibt.<\/p>\n<p>Unsere Definition von Rechtsextremismus orientiert sich an der aktuellen sozialwissenschaftlichen Forschung in der Bundesrepublik. Unter rechtsextremen Einstellungen verstehen wir Ideologien der Unfreiheit und Ideologien der Ungleichheit in Verbindung mit einer Akzeptanz von Gewalt in der politischen Auseinandersetzung. Ausgehend von dieser Definition haben wir mit dem Bundesrat \u00fcber aktuelle politische Entwicklungen sowie Einstellungen in der deutschen Bev\u00f6lkerung diskutiert.<\/p>\n<h2>Fachtag \u201eDie Kirchen in der Auseinandersetzung mit Rechtspopulismus\u201c<\/h2>\n<p>Die Diskussion von Begrifflichkeiten stand auch auf dem Fachtag \u201eDie Kirchen in der Auseinandersetzung mit Rechtspopulismus\u201c im Vordergrund. Dabei ging es in erster Linie um Rechtspopulismus, den der Rechtsextremismusexperte Toralf Staud als \u201epolitische Ideologie\u201c bezeichnete. Diese klare Abgrenzung vom \u201eklassischen\u201c Rechtsextremismus und vom \u201egem\u00e4\u00dfigten\u201c Konservatismus ist jedoch nicht immer klar zu ziehen und bleibt zu diskutieren.<\/p>\n<p>Organisiert wurde dieser Fachtag von der Bundesarbeitsgemeinschaft Kirche und Rechtsextremismus, in der sich verschiedene kirchliche Organisationen zusammengeschlossen haben. Die wichtigste Erkenntnis des Fachtags ist f\u00fcr uns als VCP, dass es sowohl notwendig ist, eine inhaltliche Auseinandersetzung mit rechtsextremen Positionen zu f\u00fchren, aber auch positive Identit\u00e4tsangebote zu machen.<\/p>\n<h2>Herzliche Einladung zum Mitmachen<\/h2>\n<p>Letzteres geh\u00f6rt bereits zum Kern unserer Arbeit als Pfadfinderinnen und Pfadfinder. Die inhaltliche Auseinandersetzung mit rechtsextremen Themen und Positionen nimmt nun wieder Fahrt auf.<\/p>\n<p>Wir laden deshalb alle Interessierten nochmal ganz herzlich zu unserem n\u00e4chsten <a href=\"https:\/\/www.vcp.de\/pfadfinden\/wp-content\/uploads\/2016\/11\/Ausschreibung_Planungswochenende_Nachbarschaft.pdf\" target=\"_blank\">Planungswochenende<\/a> vom 25.-27.11. in die Bundeszentrale nach Kassel ein. Besondere Qualifikationen sind eigentlich nicht notwendig, aber ihr solltet Zeit und Lust haben, euch in diesem Themenfeld zu engagieren! An diesem Wochenende werden wir uns ein weiteres Mal mit Rechtsextremismus auf einer theoretischen Ebene besch\u00e4ftigen, aber auch die n\u00e4chsten Aktionen konkret planen und unsere Aktivit\u00e4ten beim Kirchentag und auf dem Bundeslager weiterspinnen.<\/p>\n","protected":false},"excerpt":{"rendered":"<p>von Max Zeterberg und Jost Lambrecht Eilantrag an die Bundesversammlung 2016 \u201eDer VCP stellt sich bewusst gegen jede Form von Diskriminierung und Rechtspopulismus (und ruft dazu auf) Position gegen diese gesellschaftliche Entwicklung zu beziehen. Hierunter verstehen wir aktiven, lautstarken und friedlichen Protest.\u201c Dies ist die Kernaussage eines Bundesversammlungsbeschlusses aus diesem Jahr. Der VCP hat damit [&hellip;]<\/p>\n","protected":false},"author":52,"featured_media":5710,"comment_status":"closed","ping_status":"open","sticky":false,"template":"","format":"standard","meta":{"_acf_changed":false,"inline_featured_image":false,"footnotes":""},"categories":[5],"tags":[],"class_list":["post-5709","post","type-post","status-publish","format-standard","has-post-thumbnail","hentry","category-aus-dem-verband"],"acf":[],"_links":{"self":[{"href":"https:\/\/vcp.de\/pfadfinden\/wp-json\/wp\/v2\/posts\/5709","targetHints":{"allow":["GET"]}}],"collection":[{"href":"https:\/\/vcp.de\/pfadfinden\/wp-json\/wp\/v2\/posts"}],"about":[{"href":"https:\/\/vcp.de\/pfadfinden\/wp-json\/wp\/v2\/types\/post"}],"author":[{"embeddable":true,"href":"https:\/\/vcp.de\/pfadfinden\/wp-json\/wp\/v2\/users\/52"}],"replies":[{"embeddable":true,"href":"https:\/\/vcp.de\/pfadfinden\/wp-json\/wp\/v2\/comments?post=5709"}],"version-history":[{"count":0,"href":"https:\/\/vcp.de\/pfadfinden\/wp-json\/wp\/v2\/posts\/5709\/revisions"}],"wp:featuredmedia":[{"embeddable":true,"href":"https:\/\/vcp.de\/pfadfinden\/wp-json\/wp\/v2\/media\/5710"}],"wp:attachment":[{"href":"https:\/\/vcp.de\/pfadfinden\/wp-json\/wp\/v2\/media?parent=5709"}],"wp:term":[{"taxonomy":"category","embeddable":true,"href":"https:\/\/vcp.de\/pfadfinden\/wp-json\/wp\/v2\/categories?post=5709"},{"taxonomy":"post_tag","embeddable":true,"href":"https:\/\/vcp.de\/pfadfinden\/wp-json\/wp\/v2\/tags?post=5709"}],"curies":[{"name":"wp","href":"https:\/\/api.w.org\/{rel}","templated":true}]}}