{"id":5697,"date":"2016-10-31T15:28:08","date_gmt":"2016-10-31T13:28:08","guid":{"rendered":"http:\/\/www.vcp.de\/pfadfinden\/?p=5697"},"modified":"2016-11-15T21:54:44","modified_gmt":"2016-11-15T19:54:44","slug":"warum-muss-man-sich-eigentlich-zum-bundeslager-vor-anmelden","status":"publish","type":"post","link":"https:\/\/vcp.de\/pfadfinden\/bundeslager\/warum-muss-man-sich-eigentlich-zum-bundeslager-vor-anmelden\/","title":{"rendered":"Warum muss man sich eigentlich zum Bundeslager VOR-anmelden?"},"content":{"rendered":"<p>Eine Frage an Luzia Teinert, hauptberufliche Mitarbeiterin in \u00a0der Bundeszentrale f\u00fcr das Bundeslager 2017:<\/p>\n<h2>Warum muss man sich eigentlich zum Bundeslager VOR-anmelden?<\/h2>\n<p>Die Voranmeldung ist sowohl f\u00fcr Gruppen und St\u00e4mme, als auch f\u00fcr das gro\u00dfe Team wichtig, das hinter dem Bundeslager steht, es plant, organisiert und durchf\u00fchrt. Durch die Voranmeldungen k\u00f6nnen wir absch\u00e4tzen, wie viele Teilnehmende ungef\u00e4hr zum Bundeslager kommen werden. Das ist wichtig zu wissen, da wir jetzt schon die Mengen an ben\u00f6tigtem Essen absch\u00e4tzen m\u00fcssen und Nahrungsmittelproduzenten und -lieferanten beauftragen m\u00fcssen.<\/p>\n<p>Au\u00dferdem wollen wir f\u00fcr alle ein gro\u00dfes und spannendes \u00a0Programm anbieten und m\u00fcssen f\u00fcr die Programmplanung jetzt schon wissen, wie viele Personen daran teilnehmen m\u00f6chten. Am wichtigsten an der Voranmeldung ist aber, dass wir einsch\u00e4tzen k\u00f6nnen, wie viel das Ganze kosten wird.<\/p>\n<h2>F\u00fcr die Organisation ist das wichtig, das ist klar. Aber was haben die Gruppen und St\u00e4mme von der Voranmeldung?<\/h2>\n<p>In der Voranmeldung muss lediglich eine ungef\u00e4hre Zahl angegeben werden, wie viele Personen mit zum Bundeslager fahren wollen. Es ist aber schon m\u00f6glich, dass die Gruppen einen Wunsch \u00e4u\u00dfern k\u00f6nnen, in welchem Teillager sie w\u00e4hrend des Bundeslagers wohnen wollen. Diese stehen jetzt schon fest. Und jeder Sektor hat eine besondere Geschichte und bietet seinen Bewohnerinnen und Bewohnern eine eigene Identit\u00e4t. (Schaut doch mal rein unter <a href=\"http:\/\/weitblick2017.de\/die-sektoren\/\">weitblick2017.de\/die-sektoren\/<\/a> )<\/p>\n<p>Ein weiterer Vorteil an der Voranmeldung ist, dass der Wunsch nach einer \u00a0internationalen Partnergruppe angegeben werden kann. Wenn wir das fr\u00fchzeitig erfahren, haben wir gen\u00fcgend Zeit, passende Partnergruppen zu vermitteln und allen internationalen Anfragen gerecht zu werden.<\/p>\n<h2>Also, worauf wartet ihr noch?<\/h2>\n<p>Steigt ein in die Geschichte des\u00a0 Bundeslagers Weitblick im Jahre 2517 und w\u00e4hlt jetzt schon euren Wohnsektor in der Voranmeldung aus. <a href=\"http:\/\/weitblick2017.de\/anmelden\/\">weitblick2017.de\/anmelden\/<\/a><\/p>\n<p>Die Voranmeldung l\u00e4uft bis zum 15.12.2016<\/p>\n<div class=\"brlbs-cmpnt-container brlbs-cmpnt-content-blocker brlbs-cmpnt-with-individual-styles\" data-borlabs-cookie-content-blocker-id=\"vimeo-content-blocker\" data-borlabs-cookie-content=\"PGlmcmFtZSB0aXRsZT0iV2VpdGJsaWNrIDIwMTcgREUiIHNyYz0iaHR0cHM6Ly9wbGF5ZXIudmltZW8uY29tL3ZpZGVvLzE4NDk4MjYyOD9kbnQ9MSZhbXA7YXBwX2lkPTEyMjk2MyIgd2lkdGg9IjY0MCIgaGVpZ2h0PSIzNjAiIGZyYW1lYm9yZGVyPSIwIiBhbGxvdz0iYXV0b3BsYXk7IGZ1bGxzY3JlZW47IHBpY3R1cmUtaW4tcGljdHVyZTsgY2xpcGJvYXJkLXdyaXRlOyBlbmNyeXB0ZWQtbWVkaWEiPjwvaWZyYW1lPg==\">\n<div class=\"brlbs-cmpnt-cb-preset-c brlbs-cmpnt-cb-vimeo\">\n<div class=\"brlbs-cmpnt-cb-thumbnail\" style=\"background-image: url('https:\/\/vcp.de\/pfadfinden\/wp-content\/uploads\/borlabs-cookie\/1\/brlbs-cb-vimeo-main.png')\"><\/div>\n<div class=\"brlbs-cmpnt-cb-main\">\n<div class=\"brlbs-cmpnt-cb-play-button\"><\/div>\n<div class=\"brlbs-cmpnt-cb-content\">\n<p class=\"brlbs-cmpnt-cb-description\">Sie sehen gerade einen Platzhalterinhalt von <strong>Vimeo<\/strong>. Um auf den eigentlichen Inhalt zuzugreifen, klicken Sie auf die Schaltfl\u00e4che unten. Bitte beachten Sie, dass dabei Daten an Drittanbieter weitergegeben werden.<\/p>\n<p> <a class=\"brlbs-cmpnt-cb-provider-toggle\" href=\"#\" data-borlabs-cookie-show-provider-information role=\"button\">Mehr Informationen<\/a> <\/div>\n<div class=\"brlbs-cmpnt-cb-buttons\"> <a class=\"brlbs-cmpnt-cb-btn\" href=\"#\" data-borlabs-cookie-unblock role=\"button\">Inhalt entsperren<\/a> <a class=\"brlbs-cmpnt-cb-btn\" href=\"#\" data-borlabs-cookie-accept-service role=\"button\" style=\"display: inherit\">Erforderlichen Service akzeptieren und Inhalte entsperren<\/a> <\/div>\n<\/p><\/div>\n<\/p><\/div>\n<\/div>\n","protected":false},"excerpt":{"rendered":"<p>Eine Frage an Luzia Teinert, hauptberufliche Mitarbeiterin in \u00a0der Bundeszentrale f\u00fcr das Bundeslager 2017: Warum muss man sich eigentlich zum Bundeslager VOR-anmelden? Die Voranmeldung ist sowohl f\u00fcr Gruppen und St\u00e4mme, als auch f\u00fcr das gro\u00dfe Team wichtig, das hinter dem Bundeslager steht, es plant, organisiert und durchf\u00fchrt. Durch die Voranmeldungen k\u00f6nnen wir absch\u00e4tzen, wie viele [&hellip;]<\/p>\n","protected":false},"author":52,"featured_media":5698,"comment_status":"closed","ping_status":"open","sticky":false,"template":"","format":"standard","meta":{"_acf_changed":false,"inline_featured_image":false,"footnotes":""},"categories":[7],"tags":[],"class_list":["post-5697","post","type-post","status-publish","format-standard","has-post-thumbnail","hentry","category-bundeslager"],"acf":[],"_links":{"self":[{"href":"https:\/\/vcp.de\/pfadfinden\/wp-json\/wp\/v2\/posts\/5697","targetHints":{"allow":["GET"]}}],"collection":[{"href":"https:\/\/vcp.de\/pfadfinden\/wp-json\/wp\/v2\/posts"}],"about":[{"href":"https:\/\/vcp.de\/pfadfinden\/wp-json\/wp\/v2\/types\/post"}],"author":[{"embeddable":true,"href":"https:\/\/vcp.de\/pfadfinden\/wp-json\/wp\/v2\/users\/52"}],"replies":[{"embeddable":true,"href":"https:\/\/vcp.de\/pfadfinden\/wp-json\/wp\/v2\/comments?post=5697"}],"version-history":[{"count":0,"href":"https:\/\/vcp.de\/pfadfinden\/wp-json\/wp\/v2\/posts\/5697\/revisions"}],"wp:featuredmedia":[{"embeddable":true,"href":"https:\/\/vcp.de\/pfadfinden\/wp-json\/wp\/v2\/media\/5698"}],"wp:attachment":[{"href":"https:\/\/vcp.de\/pfadfinden\/wp-json\/wp\/v2\/media?parent=5697"}],"wp:term":[{"taxonomy":"category","embeddable":true,"href":"https:\/\/vcp.de\/pfadfinden\/wp-json\/wp\/v2\/categories?post=5697"},{"taxonomy":"post_tag","embeddable":true,"href":"https:\/\/vcp.de\/pfadfinden\/wp-json\/wp\/v2\/tags?post=5697"}],"curies":[{"name":"wp","href":"https:\/\/api.w.org\/{rel}","templated":true}]}}