{"id":5692,"date":"2016-10-31T14:53:18","date_gmt":"2016-10-31T12:53:18","guid":{"rendered":"http:\/\/www.vcp.de\/pfadfinden\/?p=5692"},"modified":"2016-11-07T13:09:09","modified_gmt":"2016-11-07T11:09:09","slug":"reformation-mut-zur-veraenderung","status":"publish","type":"post","link":"https:\/\/vcp.de\/pfadfinden\/allgemein\/reformation-mut-zur-veraenderung\/","title":{"rendered":"Reformation &#8211; Mut zur Ver\u00e4nderung"},"content":{"rendered":"<p>Mit dem heutigen Tag, 31.10.2016 wird das Jahr Festjahr zum 500. Reformationsjubil\u00e4um er\u00f6ffnet.<br \/>\nAnlass f\u00fcr die Landesversammlung Nordrhein, die vom 28. bis 30. Oktober tagte, sich den Schwerpunkt \u201eReformationsjubil\u00e4um\u201c zu setzen.<\/p>\n<p><strong>Auf Luthers Pfad<\/strong><br \/>\nMit der Ver\u00f6ffentlichung seiner 95 Thesen, die sich gegen den Ablasshandel richteten, stie\u00df Martin Luther eine Entwicklung an, die er selbst in dem Ausma\u00df nicht beabsichtigte und bald auch selbst nicht mehr steuern konnte. Die Delegierten der Landesversammlung begaben sich auf Luthers Pfad und spielten das gleichnamige Spiel, welches der VCP erstellt und ver\u00f6ffentlicht hat. Sie erfuhren so mehr \u00fcber die geschichtlichen Ereignisse der Reformation und stellten fest, dass die Reformation die gesamte gesellschaftliche und politische Entwicklung beeinflusste. Musik und Kunst, Wirtschaft und Soziales, Sprache, Recht und Politik kaum ein Lebensbereich blieb unber\u00fchrt. Viele Errungenschaften &#8211; Bildung f\u00fcr alle, Freiheit, Demokratie &#8211; gehen auf die Reformation zur\u00fcck.<br \/>\nDies sind f\u00fcr uns Protestanten neben der Entstehung unserer Konfession Gr\u00fcnde, uns mit der Reformation auseinander zu setzen und sie auch zu feiern.<\/p>\n<p><strong>Pfadfinderinnen und Pfadfinder im VCP: Mut zur Ver\u00e4nderung!<\/strong><br \/>\nViele der Fragestellungen, die bereits die Menschen zur Reformation besch\u00e4ftigten, sind auch heute noch Thema: Wie bewerten wir die Spaltung der Kirche? Wie k\u00f6nnen wir unseren Glauben sprachf\u00e4hig und zeitgem\u00e4\u00df transportieren? Wo mischen wir uns in die Politik ein? Welche Antwort haben wir als Christinnen und Christen auf den Leistungs- und Erfolgsdruck unserer Gesellschaft?<br \/>\nNeben diesen Themen hat unsere Zeit auch viele andere Herausforderungen. Wo bringen wir im reformatorischen Geist unseren Mut auf und welche Ideen haben wir, um die Probleme unserer Zeit anzugehen und die Herausforderungen zu gestalten?<\/p>\n<p>In intensiver Kleingruppenarbeit dachten die Pfadis aus Nordrhein \u00fcber ihren Mut nach. Sie setzten biblische Geschichten, in denen \u00fcber mutige Vorbilder berichtet wird, als Bildergeschichten um, sie gestalteten ein Facebookprofil, auf dem sie \u00fcber ihren Mut und ihre Idee berichteten, machten ihren Standpunkt deutlich und \u00fcberlegten, welche Themen sie dringend bearbeitet haben m\u00f6chten, um in eine gute Zukunft aufbrechen zu k\u00f6nnen!<\/p>\n<p><strong>Der VCP feiert das Reformationsjubil\u00e4um!<\/strong><br \/>\nAm Ende des Tages wies Esther Koch, die als Bildungsreferentin der Bundeszentrale zu Gast war, nochmals auf die zahlreichen Angebote und Aktivit\u00e4ten des VCP im Rahmen des Reformationsjubil\u00e4ums hin: die Handreichung \u201eGlaube.Feiern.Pfadfinden. Der VCP auf dem Weg zum Reformationsjubil\u00e4um\u201c; das Projekt VCP-Bibel, Selfiekampagne \u201ePfadfinden macht mich mutig\u2026\u201c (Start Fr\u00fchjahr 2017), inhaltliche Angebote auf dem DEKT, das Bundeslager \u201eWeitblick\u201c und am 31.10.201 mehrere Veranstaltungen zum feierlichen Abschluss des Reformationsjubil\u00e4ums. Zu allen Angeboten und Aktivit\u00e4ten wird auch auf <a href=\"https:\/\/www.vcp.de\/pfadfinden\/500-frei-will-ich\/\">https:\/\/www.vcp.de\/pfadfinden\/500-frei-will-ich\/<\/a> berichtet.<\/p>\n","protected":false},"excerpt":{"rendered":"<p>Mit dem heutigen Tag, 31.10.2016 wird das Jahr Festjahr zum 500. Reformationsjubil\u00e4um er\u00f6ffnet. Anlass f\u00fcr die Landesversammlung Nordrhein, die vom 28. bis 30. Oktober tagte, sich den Schwerpunkt \u201eReformationsjubil\u00e4um\u201c zu setzen. Auf Luthers Pfad Mit der Ver\u00f6ffentlichung seiner 95 Thesen, die sich gegen den Ablasshandel richteten, stie\u00df Martin Luther eine Entwicklung an, die er selbst [&hellip;]<\/p>\n","protected":false},"author":52,"featured_media":5694,"comment_status":"closed","ping_status":"open","sticky":false,"template":"","format":"standard","meta":{"_acf_changed":false,"inline_featured_image":false,"footnotes":""},"categories":[1,43],"tags":[],"class_list":["post-5692","post","type-post","status-publish","format-standard","has-post-thumbnail","hentry","category-allgemein","category-reformationsjubilaeum"],"acf":[],"_links":{"self":[{"href":"https:\/\/vcp.de\/pfadfinden\/wp-json\/wp\/v2\/posts\/5692","targetHints":{"allow":["GET"]}}],"collection":[{"href":"https:\/\/vcp.de\/pfadfinden\/wp-json\/wp\/v2\/posts"}],"about":[{"href":"https:\/\/vcp.de\/pfadfinden\/wp-json\/wp\/v2\/types\/post"}],"author":[{"embeddable":true,"href":"https:\/\/vcp.de\/pfadfinden\/wp-json\/wp\/v2\/users\/52"}],"replies":[{"embeddable":true,"href":"https:\/\/vcp.de\/pfadfinden\/wp-json\/wp\/v2\/comments?post=5692"}],"version-history":[{"count":0,"href":"https:\/\/vcp.de\/pfadfinden\/wp-json\/wp\/v2\/posts\/5692\/revisions"}],"wp:featuredmedia":[{"embeddable":true,"href":"https:\/\/vcp.de\/pfadfinden\/wp-json\/wp\/v2\/media\/5694"}],"wp:attachment":[{"href":"https:\/\/vcp.de\/pfadfinden\/wp-json\/wp\/v2\/media?parent=5692"}],"wp:term":[{"taxonomy":"category","embeddable":true,"href":"https:\/\/vcp.de\/pfadfinden\/wp-json\/wp\/v2\/categories?post=5692"},{"taxonomy":"post_tag","embeddable":true,"href":"https:\/\/vcp.de\/pfadfinden\/wp-json\/wp\/v2\/tags?post=5692"}],"curies":[{"name":"wp","href":"https:\/\/api.w.org\/{rel}","templated":true}]}}