{"id":5653,"date":"2016-10-21T09:50:14","date_gmt":"2016-10-21T07:50:14","guid":{"rendered":"http:\/\/www.vcp.de\/pfadfinden\/?p=5653"},"modified":"2016-11-07T13:09:10","modified_gmt":"2016-11-07T11:09:10","slug":"zu-gast-in-luebeck-das-baltic-sea-meeting-2016","status":"publish","type":"post","link":"https:\/\/vcp.de\/pfadfinden\/internationales\/zu-gast-in-luebeck-das-baltic-sea-meeting-2016\/","title":{"rendered":"Zu Gast in L\u00fcbeck: Das Baltic Sea Meeting 2016"},"content":{"rendered":"<p><em>von Fabian Loske<\/em><\/p>\n<p>Am ersten Oktober Wochenende fand das allj\u00e4hrliche Baltic Sea Meeting in L\u00fcbeck, der Welthauptstadt des Marzipans, statt. Beim Baltic Sea Meeting sind Teilnehmende aus allen L\u00e4nderverb\u00e4nden eingeladen, die an die Ostsee grenzen. In diesem Jahr waren Pfadis aus Polen, Litauen, Finnland, D\u00e4nemark und nat\u00fcrlich Deutschland dabei.<\/p>\n<p><a href=\"https:\/\/www.vcp.de\/pfadfinden\/wp-content\/uploads\/2016\/10\/1_Gruppe.jpg\"><img loading=\"lazy\" decoding=\"async\" class=\"alignnone size-medium wp-image-5654\" src=\"https:\/\/www.vcp.de\/pfadfinden\/wp-content\/uploads\/2016\/10\/1_Gruppe-300x200.jpg\" alt=\"1_gruppe\" width=\"300\" height=\"200\" srcset=\"https:\/\/vcp.de\/pfadfinden\/wp-content\/uploads\/2016\/10\/1_Gruppe-300x200.jpg 300w, https:\/\/vcp.de\/pfadfinden\/wp-content\/uploads\/2016\/10\/1_Gruppe-768x512.jpg 768w, https:\/\/vcp.de\/pfadfinden\/wp-content\/uploads\/2016\/10\/1_Gruppe.jpg 960w\" sizes=\"auto, (max-width: 300px) 100vw, 300px\" \/><\/a><\/p>\n<p>Die diesj\u00e4hrigen Teilnehmenden des Baltic Sea Meetings, Foto:Maja Pollmann<\/p>\n<p>In diesem Jahr wurde das Treffen von den Ringverb\u00e4nden BdP, DPSG, PSG und VCP gemeinsam als internationale Ringveranstaltung ausgerichtet. Jedes Jahr steht das Treffen unter einem anderen Motto, dieses Mal ging es um die Geschichte des Pfadfindens in den Ostsee Staaten, ihre besonderen Traditionen und welche Herausforderungen die Pfadis im 21 Jahrhundert erwarten werden.<\/p>\n<p>Nach einer Stadtf\u00fchrung durch L\u00fcbecker Pfadis ging es nach dem Abendessen am Freitag los mit einem lustigen Pub Quiz bei dem das Wissen der Teilnehmenden \u00fcber Pfadfinden und die Ostseestaaten gefragt war.<\/p>\n<p>Am Samstagvormittag hatte jeder Verband die Gelegenheit seine besonderen Traditionen und die geschichtliche Entwicklung zu pr\u00e4sentieren. Bei dieser Gelegenheit wurde auch Miles, das neue internationale Maskottchen des VCP, vorgestellt, der bei den Teilnehmenden super ankam.<\/p>\n<p><a href=\"https:\/\/www.vcp.de\/pfadfinden\/wp-content\/uploads\/2016\/10\/2_Workshop.jpg\"><img loading=\"lazy\" decoding=\"async\" class=\"alignnone size-medium wp-image-5655\" src=\"https:\/\/www.vcp.de\/pfadfinden\/wp-content\/uploads\/2016\/10\/2_Workshop-300x225.jpg\" alt=\"2_workshop\" width=\"300\" height=\"225\" srcset=\"https:\/\/vcp.de\/pfadfinden\/wp-content\/uploads\/2016\/10\/2_Workshop-300x225.jpg 300w, https:\/\/vcp.de\/pfadfinden\/wp-content\/uploads\/2016\/10\/2_Workshop-768x576.jpg 768w, https:\/\/vcp.de\/pfadfinden\/wp-content\/uploads\/2016\/10\/2_Workshop-1024x768.jpg 1024w, https:\/\/vcp.de\/pfadfinden\/wp-content\/uploads\/2016\/10\/2_Workshop.jpg 1600w\" sizes=\"auto, (max-width: 300px) 100vw, 300px\" \/><\/a><\/p>\n<p>Spannende Workshops f\u00fcr die Teilnehmenden, Foto: Paula Neher<\/p>\n<p><a href=\"https:\/\/www.vcp.de\/pfadfinden\/wp-content\/uploads\/2016\/10\/3_Miles_ICs.jpg\"><img loading=\"lazy\" decoding=\"async\" class=\"alignnone size-medium wp-image-5656\" src=\"https:\/\/www.vcp.de\/pfadfinden\/wp-content\/uploads\/2016\/10\/3_Miles_ICs-300x225.jpg\" alt=\"3_miles_ics\" width=\"300\" height=\"225\" srcset=\"https:\/\/vcp.de\/pfadfinden\/wp-content\/uploads\/2016\/10\/3_Miles_ICs-300x225.jpg 300w, https:\/\/vcp.de\/pfadfinden\/wp-content\/uploads\/2016\/10\/3_Miles_ICs-768x576.jpg 768w, https:\/\/vcp.de\/pfadfinden\/wp-content\/uploads\/2016\/10\/3_Miles_ICs-1024x768.jpg 1024w, https:\/\/vcp.de\/pfadfinden\/wp-content\/uploads\/2016\/10\/3_Miles_ICs.jpg 1600w\" sizes=\"auto, (max-width: 300px) 100vw, 300px\" \/><\/a><\/p>\n<p>Die IC\u2019s der Ringverb\u00e4nde Paula (BdP), Fabian (VCP) und Marcus (DPSG) mit Miles, Foto: Simone Voit<\/p>\n<p><a href=\"https:\/\/www.vcp.de\/pfadfinden\/wp-content\/uploads\/2016\/10\/4_Miles_Agne.jpg\"><img loading=\"lazy\" decoding=\"async\" class=\"alignnone size-medium wp-image-5657\" src=\"https:\/\/www.vcp.de\/pfadfinden\/wp-content\/uploads\/2016\/10\/4_Miles_Agne-169x300.jpg\" alt=\"4_miles_agne\" width=\"169\" height=\"300\" srcset=\"https:\/\/vcp.de\/pfadfinden\/wp-content\/uploads\/2016\/10\/4_Miles_Agne-169x300.jpg 169w, https:\/\/vcp.de\/pfadfinden\/wp-content\/uploads\/2016\/10\/4_Miles_Agne.jpg 540w\" sizes=\"auto, (max-width: 169px) 100vw, 169px\" \/><\/a><\/p>\n<p>Agne aus Litauen vom BSM 2016 Planungsteam mit Miles, Foto: Agn\u0117 Dambrauskait\u0117<\/p>\n<p>In Kaffeepausen konnte man sich auf einem Markt der M\u00f6glichkeiten noch im direkten Gespr\u00e4ch \u00fcber die spannenden anstehenden Veranstaltungen der n\u00e4chsten Jahre informieren und die Ringverb\u00e4nde haben auf ihre Bundeslager im n\u00e4chsten Jahr, und der VCP im Besonderen noch auf die allj\u00e4hrliche <a href=\"http:\/\/www.imwe.net\/\">IMWe<\/a> eingeladen. Eine \u00dcbersicht \u00fcber die anstehenden internationalen Veranstaltungen in Europa findet ihr <a href=\"https:\/\/www.scout.org\/sites\/default\/files\/media-files\/20160916InternationalEventsList.pdf\">hier<\/a>.<\/p>\n<p>In der Mittagspause hatten alle Teilnehmenden die Gelegenheit die sch\u00f6ne Hansestadt L\u00fcbeck zu erkunden, durch die Altstadt zu spazieren und sich vor allem mit Unmengen L\u00fcbecker Marzipan einzudecken. Auch Miles konnte nicht widerstehen:<\/p>\n<p><a href=\"https:\/\/www.vcp.de\/pfadfinden\/wp-content\/uploads\/2016\/10\/5_Miles_Marzipan.jpg\"><img loading=\"lazy\" decoding=\"async\" class=\"alignnone size-medium wp-image-5658\" src=\"https:\/\/www.vcp.de\/pfadfinden\/wp-content\/uploads\/2016\/10\/5_Miles_Marzipan-225x300.jpg\" alt=\"5_miles_marzipan\" width=\"225\" height=\"300\" srcset=\"https:\/\/vcp.de\/pfadfinden\/wp-content\/uploads\/2016\/10\/5_Miles_Marzipan-225x300.jpg 225w, https:\/\/vcp.de\/pfadfinden\/wp-content\/uploads\/2016\/10\/5_Miles_Marzipan-768x1024.jpg 768w, https:\/\/vcp.de\/pfadfinden\/wp-content\/uploads\/2016\/10\/5_Miles_Marzipan.jpg 1200w\" sizes=\"auto, (max-width: 225px) 100vw, 225px\" \/><\/a><\/p>\n<p>Miles in L\u00fcbeck mit Marzipan, Foto: Simone Voit<\/p>\n<p>Am Nachmittag wurde es dann kreativ und informativ. In Workshops konnte man sich entweder mit den Herausforderungen des Pfadfindens im 21. Jhd besch\u00e4ftigen oder von Jan von der DPSG mehr \u00fcber das Wachstum der DPSG in den \u00f6stlichen Bundesl\u00e4ndern erfahren. Jan gr\u00fcndet und betreut hier seit ein paar Jahren hauptamtlich DPSG St\u00e4mme, nachdem es in diesem Teil von Deutschland geschichtlich bedingt bisher sehr wenig Pfadfinderarbeit gibt.<\/p>\n<p>Den Abschluss des Tages bildete dann ein typisch deutscher Pfadi Lagerfeuerabend in der Jurte bei L\u00fcbecker Pfadis der Ringverb\u00e4nde DPSG und VCP mit Tschai und viel Gesang.<\/p>\n<p>Am Sonntag wurden die Ergebnisse der Workshops vorgestellt und intensiv \u00fcber die zuk\u00fcnftigen Baltic Sea Meetings diskutiert. Nach einem gemeinsamen Abschlusskreis machten sich alle nach einem sch\u00f6nen Pfadiwochenende auf die Heimreise entlang und \u00fcber die Ostsee.<\/p>\n","protected":false},"excerpt":{"rendered":"<p>von Fabian Loske Am ersten Oktober Wochenende fand das allj\u00e4hrliche Baltic Sea Meeting in L\u00fcbeck, der Welthauptstadt des Marzipans, statt. Beim Baltic Sea Meeting sind Teilnehmende aus allen L\u00e4nderverb\u00e4nden eingeladen, die an die Ostsee grenzen. In diesem Jahr waren Pfadis aus Polen, Litauen, Finnland, D\u00e4nemark und nat\u00fcrlich Deutschland dabei. Die diesj\u00e4hrigen Teilnehmenden des Baltic Sea [&hellip;]<\/p>\n","protected":false},"author":52,"featured_media":5654,"comment_status":"closed","ping_status":"open","sticky":false,"template":"","format":"standard","meta":{"_acf_changed":false,"inline_featured_image":false,"footnotes":""},"categories":[14,116],"tags":[],"class_list":["post-5653","post","type-post","status-publish","format-standard","has-post-thumbnail","hentry","category-internationales","category-miles"],"acf":[],"_links":{"self":[{"href":"https:\/\/vcp.de\/pfadfinden\/wp-json\/wp\/v2\/posts\/5653","targetHints":{"allow":["GET"]}}],"collection":[{"href":"https:\/\/vcp.de\/pfadfinden\/wp-json\/wp\/v2\/posts"}],"about":[{"href":"https:\/\/vcp.de\/pfadfinden\/wp-json\/wp\/v2\/types\/post"}],"author":[{"embeddable":true,"href":"https:\/\/vcp.de\/pfadfinden\/wp-json\/wp\/v2\/users\/52"}],"replies":[{"embeddable":true,"href":"https:\/\/vcp.de\/pfadfinden\/wp-json\/wp\/v2\/comments?post=5653"}],"version-history":[{"count":0,"href":"https:\/\/vcp.de\/pfadfinden\/wp-json\/wp\/v2\/posts\/5653\/revisions"}],"wp:featuredmedia":[{"embeddable":true,"href":"https:\/\/vcp.de\/pfadfinden\/wp-json\/wp\/v2\/media\/5654"}],"wp:attachment":[{"href":"https:\/\/vcp.de\/pfadfinden\/wp-json\/wp\/v2\/media?parent=5653"}],"wp:term":[{"taxonomy":"category","embeddable":true,"href":"https:\/\/vcp.de\/pfadfinden\/wp-json\/wp\/v2\/categories?post=5653"},{"taxonomy":"post_tag","embeddable":true,"href":"https:\/\/vcp.de\/pfadfinden\/wp-json\/wp\/v2\/tags?post=5653"}],"curies":[{"name":"wp","href":"https:\/\/api.w.org\/{rel}","templated":true}]}}