{"id":5509,"date":"2016-09-28T15:30:23","date_gmt":"2016-09-28T13:30:23","guid":{"rendered":"http:\/\/www.vcp.de\/pfadfinden\/?p=5509"},"modified":"2016-11-07T13:09:11","modified_gmt":"2016-11-07T11:09:11","slug":"von-prophetenkindern-und-den-weisen-aus-dem-morgenland-die-fachgruppentagung-beteiligt-sich-an-der-vcp-bibel","status":"publish","type":"post","link":"https:\/\/vcp.de\/pfadfinden\/reformationsjubilaeum\/von-prophetenkindern-und-den-weisen-aus-dem-morgenland-die-fachgruppentagung-beteiligt-sich-an-der-vcp-bibel\/","title":{"rendered":"Von Prophetenkindern und den Weisen aus dem Morgenland \u2013 Die Fachgruppentagung beteiligt sich an der VCP Bibel"},"content":{"rendered":"<p>W\u00e4hrend Katharina Tluk von Toschanowitz (Fachgruppe Singen) \u00fcberlegt, was sich wohl auf \u201eRaubebald-Eilebeute\u201c reimt, r\u00fcckt Stefan \u201aMavel\u2018 Maass-Heinrichs (Fachgruppe Erwachsene) schon mal sein Dekollet\u00e9 zu Recht. Anne Steeg (Fachgruppe Pfadfinden mit Allen) k\u00e4mpft mit ihrem Turban, Felix Nitsch (Fachgruppe Israel\/Naher Osten) schneidet einen bekannten Monty Python Film in einzelne Fotos.<\/p>\n<p>Es ist Samstagabend der dritten Fachgruppentagung auf der Burg Rieneck und das Abendprogramm ist im vollen Gange. Nachdem die Anwesenden eine Runde \u201eAuf Luthers Pfad\u201c spielten und dabei bemerkenswert gute Kenntnisse in der Geschichte der Reformation bewiesen, beteiligen sie sich nun an der VCP-Bibel.<\/p>\n<p>Die VCP-Bibel ist ein Projekt des VCP, das bereits seit Mai 2016 l\u00e4uft. Bis Ende August 2017 sollen m\u00f6glichst viele Bibelstellen durch Pfadfinderinnen und Pfadfinder neu entdeckt und interpretiert werden.<\/p>\n<p>Die Teilnehmenden der Fachgruppentagung lassen sich vom Zufallsgenerator unter <a href=\"https:\/\/www.vcp.de\/bibel\">www.vcp.de\/bibel<\/a> drei Bibelstellen zulosen &#8211; und sie nehmen die Herausforderung an, diese Bibelstellen kreativ umzusetzen.<\/p>\n<p>So schreibt die FG Singen spontan ein Lied \u00fcber die Geburt des Sohnes des Propheten Jesaja (Jesaja 8, 1-4).<\/p>\n<div class=\"brlbs-cmpnt-container brlbs-cmpnt-content-blocker brlbs-cmpnt-with-individual-styles\" data-borlabs-cookie-content-blocker-id=\"vimeo-content-blocker\" data-borlabs-cookie-content=\"PGlmcmFtZSB0aXRsZT0iSmVzYWphIDgsIDEtNCIgc3JjPSJodHRwczovL3BsYXllci52aW1lby5jb20vdmlkZW8vMTg0NTEzODkyP2RudD0xJmFtcDthcHBfaWQ9MTIyOTYzIiB3aWR0aD0iNjQwIiBoZWlnaHQ9IjM2MCIgZnJhbWVib3JkZXI9IjAiIGFsbG93PSJhdXRvcGxheTsgZnVsbHNjcmVlbjsgcGljdHVyZS1pbi1waWN0dXJlOyBjbGlwYm9hcmQtd3JpdGU7IGVuY3J5cHRlZC1tZWRpYSI+PC9pZnJhbWU+\">\n<div class=\"brlbs-cmpnt-cb-preset-c brlbs-cmpnt-cb-vimeo\">\n<div class=\"brlbs-cmpnt-cb-thumbnail\" style=\"background-image: url('https:\/\/vcp.de\/pfadfinden\/wp-content\/uploads\/borlabs-cookie\/1\/brlbs-cb-vimeo-main.png')\"><\/div>\n<div class=\"brlbs-cmpnt-cb-main\">\n<div class=\"brlbs-cmpnt-cb-play-button\"><\/div>\n<div class=\"brlbs-cmpnt-cb-content\">\n<p class=\"brlbs-cmpnt-cb-description\">Sie sehen gerade einen Platzhalterinhalt von <strong>Vimeo<\/strong>. Um auf den eigentlichen Inhalt zuzugreifen, klicken Sie auf die Schaltfl\u00e4che unten. Bitte beachten Sie, dass dabei Daten an Drittanbieter weitergegeben werden.<\/p>\n<p> <a class=\"brlbs-cmpnt-cb-provider-toggle\" href=\"#\" data-borlabs-cookie-show-provider-information role=\"button\">Mehr Informationen<\/a> <\/div>\n<div class=\"brlbs-cmpnt-cb-buttons\"> <a class=\"brlbs-cmpnt-cb-btn\" href=\"#\" data-borlabs-cookie-unblock role=\"button\">Inhalt entsperren<\/a> <a class=\"brlbs-cmpnt-cb-btn\" href=\"#\" data-borlabs-cookie-accept-service role=\"button\" style=\"display: inherit\">Erforderlichen Service akzeptieren und Inhalte entsperren<\/a> <\/div>\n<\/p><\/div>\n<\/p><\/div>\n<\/div>\n<p>Die Fachgruppe Israel\/Naher Osten bebildert die Geschichte von den Weisen aus dem Morgenland (Matth\u00e4us 2, 1-12) mit Fotos aus dem Film \u201eDas Leben des Brian\u201c von Monty Python, eine fachgruppen\u00fcbergreifende Gruppe macht Standbilder zu den im Alten Testament beschrieben M\u00f6glichkeiten der Sklavenhaltung (Levitikus 25, 44-46).<\/p>\n<div id='gallery-1' class='gallery galleryid-5509 gallery-columns-3 gallery-size-thumbnail'><figure class='gallery-item'>\n\t\t\t<div class='gallery-icon landscape'>\n\t\t\t\t<a href='https:\/\/vcp.de\/pfadfinden\/reformationsjubilaeum\/von-prophetenkindern-und-den-weisen-aus-dem-morgenland-die-fachgruppentagung-beteiligt-sich-an-der-vcp-bibel\/attachment\/fuji2785\/'><img loading=\"lazy\" decoding=\"async\" width=\"150\" height=\"150\" src=\"https:\/\/vcp.de\/pfadfinden\/wp-content\/uploads\/2016\/09\/FUJI2785-150x150.jpg\" class=\"attachment-thumbnail size-thumbnail\" alt=\"\" srcset=\"https:\/\/vcp.de\/pfadfinden\/wp-content\/uploads\/2016\/09\/FUJI2785-150x150.jpg 150w, https:\/\/vcp.de\/pfadfinden\/wp-content\/uploads\/2016\/09\/FUJI2785-45x45.jpg 45w\" sizes=\"auto, (max-width: 150px) 100vw, 150px\" \/><\/a>\n\t\t\t<\/div><\/figure><figure class='gallery-item'>\n\t\t\t<div class='gallery-icon landscape'>\n\t\t\t\t<a href='https:\/\/vcp.de\/pfadfinden\/reformationsjubilaeum\/von-prophetenkindern-und-den-weisen-aus-dem-morgenland-die-fachgruppentagung-beteiligt-sich-an-der-vcp-bibel\/attachment\/fuji2788\/'><img loading=\"lazy\" decoding=\"async\" width=\"150\" height=\"150\" src=\"https:\/\/vcp.de\/pfadfinden\/wp-content\/uploads\/2016\/09\/FUJI2788-150x150.jpg\" class=\"attachment-thumbnail size-thumbnail\" alt=\"\" srcset=\"https:\/\/vcp.de\/pfadfinden\/wp-content\/uploads\/2016\/09\/FUJI2788-150x150.jpg 150w, https:\/\/vcp.de\/pfadfinden\/wp-content\/uploads\/2016\/09\/FUJI2788-45x45.jpg 45w\" sizes=\"auto, (max-width: 150px) 100vw, 150px\" \/><\/a>\n\t\t\t<\/div><\/figure><figure class='gallery-item'>\n\t\t\t<div class='gallery-icon landscape'>\n\t\t\t\t<a href='https:\/\/vcp.de\/pfadfinden\/reformationsjubilaeum\/von-prophetenkindern-und-den-weisen-aus-dem-morgenland-die-fachgruppentagung-beteiligt-sich-an-der-vcp-bibel\/attachment\/fuji2793\/'><img loading=\"lazy\" decoding=\"async\" width=\"150\" height=\"150\" src=\"https:\/\/vcp.de\/pfadfinden\/wp-content\/uploads\/2016\/09\/FUJI2793-150x150.jpg\" class=\"attachment-thumbnail size-thumbnail\" alt=\"\" srcset=\"https:\/\/vcp.de\/pfadfinden\/wp-content\/uploads\/2016\/09\/FUJI2793-150x150.jpg 150w, https:\/\/vcp.de\/pfadfinden\/wp-content\/uploads\/2016\/09\/FUJI2793-45x45.jpg 45w\" sizes=\"auto, (max-width: 150px) 100vw, 150px\" \/><\/a>\n\t\t\t<\/div><\/figure><figure class='gallery-item'>\n\t\t\t<div class='gallery-icon landscape'>\n\t\t\t\t<a href='https:\/\/vcp.de\/pfadfinden\/reformationsjubilaeum\/von-prophetenkindern-und-den-weisen-aus-dem-morgenland-die-fachgruppentagung-beteiligt-sich-an-der-vcp-bibel\/attachment\/fuji2796-2\/'><img loading=\"lazy\" decoding=\"async\" width=\"150\" height=\"150\" src=\"https:\/\/vcp.de\/pfadfinden\/wp-content\/uploads\/2016\/09\/FUJI2796-1-150x150.jpg\" class=\"attachment-thumbnail size-thumbnail\" alt=\"\" srcset=\"https:\/\/vcp.de\/pfadfinden\/wp-content\/uploads\/2016\/09\/FUJI2796-1-150x150.jpg 150w, https:\/\/vcp.de\/pfadfinden\/wp-content\/uploads\/2016\/09\/FUJI2796-1-45x45.jpg 45w\" sizes=\"auto, (max-width: 150px) 100vw, 150px\" \/><\/a>\n\t\t\t<\/div><\/figure><figure class='gallery-item'>\n\t\t\t<div class='gallery-icon portrait'>\n\t\t\t\t<a href='https:\/\/vcp.de\/pfadfinden\/reformationsjubilaeum\/von-prophetenkindern-und-den-weisen-aus-dem-morgenland-die-fachgruppentagung-beteiligt-sich-an-der-vcp-bibel\/attachment\/fuji2800\/'><img loading=\"lazy\" decoding=\"async\" width=\"150\" height=\"150\" src=\"https:\/\/vcp.de\/pfadfinden\/wp-content\/uploads\/2016\/09\/FUJI2800-150x150.jpg\" class=\"attachment-thumbnail size-thumbnail\" alt=\"\" srcset=\"https:\/\/vcp.de\/pfadfinden\/wp-content\/uploads\/2016\/09\/FUJI2800-150x150.jpg 150w, https:\/\/vcp.de\/pfadfinden\/wp-content\/uploads\/2016\/09\/FUJI2800-45x45.jpg 45w\" sizes=\"auto, (max-width: 150px) 100vw, 150px\" \/><\/a>\n\t\t\t<\/div><\/figure>\n\t\t<\/div>\n\n<p>Das Lied und die Standbilder findet ihr hier im Blog. Den Beitrag der Fachgruppe Israel\/Naher Osten d\u00fcrfen wir aus urheberrechtlichen Gr\u00fcnden nicht ver\u00f6ffentlichen.<\/p>\n<p>Ihr habt Lust bekommen, euch ebenfalls an der VCP-Bibel zu beteiligen?<\/p>\n<ul>\n<li>Dann meldet euch unter <a href=\"https:\/\/www.vcp.de\/bibel\">vcp.de\/bibel<\/a> an.<\/li>\n<li>Setzt die Bibelstelle kreativ um.<\/li>\n<li>Schickt eure Ergebnisse an <a href=\"mailto:bibel@vcp.de\">bibel@vcp.de<\/a>. Die Einzelergebnisse werden zu einer VCP-Bibel zusammengetragen.<\/li>\n<\/ul>\n<p>Alle, die mitmachen, bekommen als kleines Dankesch\u00f6n den VCP-Reformationsbadge. Bei Fragen meldet euch bei bibel@vcp.de.<\/p>\n","protected":false},"excerpt":{"rendered":"<p>W\u00e4hrend Katharina Tluk von Toschanowitz (Fachgruppe Singen) \u00fcberlegt, was sich wohl auf \u201eRaubebald-Eilebeute\u201c reimt, r\u00fcckt Stefan \u201aMavel\u2018 Maass-Heinrichs (Fachgruppe Erwachsene) schon mal sein Dekollet\u00e9 zu Recht. Anne Steeg (Fachgruppe Pfadfinden mit Allen) k\u00e4mpft mit ihrem Turban, Felix Nitsch (Fachgruppe Israel\/Naher Osten) schneidet einen bekannten Monty Python Film in einzelne Fotos. Es ist Samstagabend der dritten [&hellip;]<\/p>\n","protected":false},"author":52,"featured_media":5511,"comment_status":"closed","ping_status":"open","sticky":false,"template":"","format":"standard","meta":{"_acf_changed":false,"inline_featured_image":false,"footnotes":""},"categories":[43,110],"tags":[],"class_list":["post-5509","post","type-post","status-publish","format-standard","has-post-thumbnail","hentry","category-reformationsjubilaeum","category-vcp-bibel"],"acf":[],"_links":{"self":[{"href":"https:\/\/vcp.de\/pfadfinden\/wp-json\/wp\/v2\/posts\/5509","targetHints":{"allow":["GET"]}}],"collection":[{"href":"https:\/\/vcp.de\/pfadfinden\/wp-json\/wp\/v2\/posts"}],"about":[{"href":"https:\/\/vcp.de\/pfadfinden\/wp-json\/wp\/v2\/types\/post"}],"author":[{"embeddable":true,"href":"https:\/\/vcp.de\/pfadfinden\/wp-json\/wp\/v2\/users\/52"}],"replies":[{"embeddable":true,"href":"https:\/\/vcp.de\/pfadfinden\/wp-json\/wp\/v2\/comments?post=5509"}],"version-history":[{"count":0,"href":"https:\/\/vcp.de\/pfadfinden\/wp-json\/wp\/v2\/posts\/5509\/revisions"}],"wp:featuredmedia":[{"embeddable":true,"href":"https:\/\/vcp.de\/pfadfinden\/wp-json\/wp\/v2\/media\/5511"}],"wp:attachment":[{"href":"https:\/\/vcp.de\/pfadfinden\/wp-json\/wp\/v2\/media?parent=5509"}],"wp:term":[{"taxonomy":"category","embeddable":true,"href":"https:\/\/vcp.de\/pfadfinden\/wp-json\/wp\/v2\/categories?post=5509"},{"taxonomy":"post_tag","embeddable":true,"href":"https:\/\/vcp.de\/pfadfinden\/wp-json\/wp\/v2\/tags?post=5509"}],"curies":[{"name":"wp","href":"https:\/\/api.w.org\/{rel}","templated":true}]}}