{"id":5178,"date":"2016-08-02T16:20:16","date_gmt":"2016-08-02T14:20:16","guid":{"rendered":"http:\/\/www.vcp.de\/pfadfinden\/?p=5178"},"modified":"2016-08-02T16:31:23","modified_gmt":"2016-08-02T14:31:23","slug":"lust-auf-einen-video-workshop-im-september","status":"publish","type":"post","link":"https:\/\/vcp.de\/pfadfinden\/allgemein\/lust-auf-einen-video-workshop-im-september\/","title":{"rendered":"Lust auf einen Video-Workshop im September?"},"content":{"rendered":"<p><a href=\"http:\/\/ichmache-politik.de\/\" target=\"_blank\">Ichmache&gt;Politik<\/a> organisiert am Samstag, den 17.September 2016 einen Video-Workshop in Berlin \u2013 und ihr k\u00f6nnt euch f\u00fcr eine Teilnahme bewerben!<\/p>\n<h2>Worum geht\u00b4s?<\/h2>\n<p>Ihr wolltet schon immer mal lernen, wie man sich vor der Kamera bewegen kann, um sich gut zu pr\u00e4sentieren? Ihr habt Lust, ein kleines Sprachtraining f\u00fcr Filmaufnahmen zu machen? Ihr wollt von einer professionellen Filmemacherin erfahren, wie man einen spannenden und ansprechenden Videoclip produziert? Ihr wollt erfahren, wie man zu einem YouTube-Star wird und wie man tausende Followers bekommt? Und das alles in Berlin? Und ihr seid zwischen 18 und 25 Jahre alt?<\/p>\n<h2>Dann seid ihr bei uns richtig!<\/h2>\n<p>Am Vormittag gibt es jede Menge Input und Tipps zum Videodreh und ihr k\u00f6nnt euch selbst vor der Kamera ausprobieren. Ab Mittag wird es dann ernst: wir bekommen Besuch von einer Youtuberin. Gemeinsam mit euch und ihr wollen wir einen Videoclip zum Thema Partizipation drehen. Im Clip soll es darum gehen, kurz die Kernpunkte von Partizipation beim Beteiligungsprojekt Ichmache&gt;Politik aufzuzeigen. Zudem wollen wir in dem Clip die Ergebnisse aus \u00fcber einem Jahr Beteiligung an der Weiterentwicklung der Demografiestrategie der Bundesregierung darstellen: das hei\u00dft, es geht auch um das Thema Demografie!<\/p>\n<p>Und: ihr seid dann nat\u00fcrlich im fertigen Clip zu sehen! Der Clip wird u.a. in der AG \u201cJugend gestaltet Zukunft\u201d des Jugendministeriums (BMFSFJ) gezeigt, aber auch auf dem Demografiegipfel im Fr\u00fchjahr 2017, wo sich viele Politiker_innen und Fachleute austauschen.<\/p>\n<h2>Lust bekommen, mitzumachen?<\/h2>\n<p>Dann bewerbt euch bis zum 15. August unter <a href=\"http:\/\/go.dbjr.de\/video-workshop\" target=\"_blank\">go.dbjr.de\/video-workshop<\/a>. Schreibt kurz rein, warum ihr mitmachen wollt, was Partizipation f\u00fcr euch bedeutet, was ihr mit dem Thema Demografie verbindet und ob ihr vielleicht sogar schon mal vor der Kamera gestanden habt.<\/p>\n<h2>Hier nochmal alles Wichtige:<\/h2>\n<p><strong>Wann?<\/strong> 17. September 2016, 10:30 Uhr bis 17:30 Uhr<br \/>\n<strong>Wo?<\/strong> in Berlin, N\u00e4he Alexanderplatz<br \/>\n<strong>Kosten?<\/strong> Keine! Reisekosten (Bahn, 2.Klasse) \u00fcbernehmen wir f\u00fcr euch. Wenn es euch nicht m\u00f6glich ist, am selben Tag anzureisen, organisieren wir auch eine \u00dcbernachtung f\u00fcr euch!<\/p>\n","protected":false},"excerpt":{"rendered":"<p>Ichmache&gt;Politik organisiert am Samstag, den 17.September 2016 einen Video-Workshop in Berlin \u2013 und ihr k\u00f6nnt euch f\u00fcr eine Teilnahme bewerben! Worum geht\u00b4s? Ihr wolltet schon immer mal lernen, wie man sich vor der Kamera bewegen kann, um sich gut zu pr\u00e4sentieren? Ihr habt Lust, ein kleines Sprachtraining f\u00fcr Filmaufnahmen zu machen? Ihr wollt von einer [&hellip;]<\/p>\n","protected":false},"author":52,"featured_media":5179,"comment_status":"closed","ping_status":"open","sticky":false,"template":"","format":"standard","meta":{"_acf_changed":false,"inline_featured_image":false,"footnotes":""},"categories":[1],"tags":[],"class_list":["post-5178","post","type-post","status-publish","format-standard","has-post-thumbnail","hentry","category-allgemein"],"acf":[],"_links":{"self":[{"href":"https:\/\/vcp.de\/pfadfinden\/wp-json\/wp\/v2\/posts\/5178","targetHints":{"allow":["GET"]}}],"collection":[{"href":"https:\/\/vcp.de\/pfadfinden\/wp-json\/wp\/v2\/posts"}],"about":[{"href":"https:\/\/vcp.de\/pfadfinden\/wp-json\/wp\/v2\/types\/post"}],"author":[{"embeddable":true,"href":"https:\/\/vcp.de\/pfadfinden\/wp-json\/wp\/v2\/users\/52"}],"replies":[{"embeddable":true,"href":"https:\/\/vcp.de\/pfadfinden\/wp-json\/wp\/v2\/comments?post=5178"}],"version-history":[{"count":0,"href":"https:\/\/vcp.de\/pfadfinden\/wp-json\/wp\/v2\/posts\/5178\/revisions"}],"wp:featuredmedia":[{"embeddable":true,"href":"https:\/\/vcp.de\/pfadfinden\/wp-json\/wp\/v2\/media\/5179"}],"wp:attachment":[{"href":"https:\/\/vcp.de\/pfadfinden\/wp-json\/wp\/v2\/media?parent=5178"}],"wp:term":[{"taxonomy":"category","embeddable":true,"href":"https:\/\/vcp.de\/pfadfinden\/wp-json\/wp\/v2\/categories?post=5178"},{"taxonomy":"post_tag","embeddable":true,"href":"https:\/\/vcp.de\/pfadfinden\/wp-json\/wp\/v2\/tags?post=5178"}],"curies":[{"name":"wp","href":"https:\/\/api.w.org\/{rel}","templated":true}]}}