{"id":4984,"date":"2016-06-27T09:38:37","date_gmt":"2016-06-27T07:38:37","guid":{"rendered":"http:\/\/www.vcp.de\/pfadfinden\/?p=4984"},"modified":"2016-06-27T09:38:37","modified_gmt":"2016-06-27T07:38:37","slug":"europakonferenzen-tag-4-jede-stimme-zaehlt","status":"publish","type":"post","link":"https:\/\/vcp.de\/pfadfinden\/aus-dem-verband\/europakonferenzen-tag-4-jede-stimme-zaehlt\/","title":{"rendered":"Europakonferenzen Tag 4: Jede Stimme z\u00e4hlt"},"content":{"rendered":"<p>Nach einigen Tagen der Vorbereitung ging es am Tag 4 schlie\u00dflich in die Vollen: sowohl die WAGGGS-Konferenz, das WOSM-Pendant als auch die gemeinsame Konferenz diskutierten und beschlossen Antr\u00e4ge. Eine kleine Tour, was dabei herauskam:<\/p>\n<p><strong>WAGGGS-Konferenz<\/strong><\/p>\n<p>In der WAGGGS-Konferenz wurde der von Deutschland gestellte Antrag, dass sich WAGGGS-Programme besser an die Kontexte der Verb\u00e4nde anpassen sollen (z.B. Fokus auf Koedukation und Programm in der Natur), angenommen. Das bedeutet, dass es in Zukunft einfacher werden wird, mit den Programmen von WAGGGS in unseren Verb\u00e4nden zu arbeiten!<br \/>\nNach vielen Diskussionen um unserer Meinung nach unzureichende Finanzberichte wurde au\u00dferdem f\u00fcr mehr Transparenz gestimmt, wenn es um Gelder geht &#8211; ein Thema, das sich auch im zweiten Weltverband wiederfindet. Hierbei ist hervorzuheben, dass die Antr\u00e4ge aus einer sehr aktiven Kooperation fast aller Mitgliedsorganisationen von WAGGGS entstanden sind, die nochmal gezeigt hat, dass es in der Europaregion gerade was demokratische Prozesse und Transparenz angeht, einen breiten Konsens und gegenseitige Unterst\u00fctzung gibt. Zum Schluss des Vormittags war die Stimmung positiv und fast ausgelassen, als die neue Vorsitzende des Europakomitees, Majorlein (NL), die Konferenz mit einem Dank f\u00fcr die Wahl ihres ganz pers\u00f6nlichen \u201cDream Teams\u201d als Komitee schloss.<\/p>\n<p><strong>WOSM-Konferenz<\/strong><\/p>\n<p>Transparenz ist seit einiger Zeit ein gro\u00dfes Thema in Europa und der Welt: in der Vergangenheit herrschte oft Unklarheit \u00fcber Entscheidungsprozesse, Finanzen und Zust\u00e4ndigkeiten. Zwei Antr\u00e4ge wurden deswegen auf der European Scout Conference angenommen: zum einen steht jetzt Transparenz als Wert verankert in unserer Satzung drin, zum anderen werden die Finanzberichte in den n\u00e4chsten Jahren deutlich \u00fcbersichtlicher und durchsichtiger. In Verbindung damit hat die Konferenz au\u00dferdem beschlossen, dass Mitglieder des Europa-Komitees keine weiteren \u00c4mter in ihren Verb\u00e4nden auf nationaler Ebene haben d\u00fcrfen, um Interessenkonflikte zu vermeiden.<\/p>\n<p>Dar\u00fcberhinaus gab es Antr\u00e4ge, das Komitee von 6 auf 7 Personen zu erweitern sowie die Amtszeit von nachger\u00fcckten Komiteemitgliedern zu begrenzen. Beide wurden sehr knapp abgelehnt: 2 Stimmen machten bei den beiden den Unterschied. Dieses Bild pr\u00e4gte auch die allgemeinen Diskussionen der Konferenz, in der es leidenschaftliche Bef\u00fcrworter und Gegner gab.<\/p>\n<p><strong>Gemeinsame Konferenz<\/strong><\/p>\n<p>In der gemeinsamen Konferenz, die am Nachmittag stattfand, beschlossen die Mitgliedsverb\u00e4nde, dass WOSM und WAGGGS zuk\u00fcnftig st\u00e4rker im Bereich der politischen Au\u00dfenvertretung sowie beim Thema der Unterst\u00fctzung von Gefl\u00fcchteten zusammenarbeiten sollen. Den Antrag zu Gefl\u00fcchteten und Menschenrechten hat die deutsche Delegation gleich mitgestaltet und -gestellt; dorthinein sind zum Beispiel die Beschl\u00fcsse\/Positionen der einzelnen rdp-Verb\u00e4nde geflossen, so dass das, was in BdP, DPSG, PSG und VCP Thema ist, auch Akzente in Europa setzt.<\/p>\n<p>Damit ging der letzte Arbeitstag einer spannenden Europakonferenz zu Ende und wurde von einem Abschluss-Dinner gekr\u00f6nt. Nach so vielen Entscheidungen, endlich Lachsmuffins!<\/p>\n","protected":false},"excerpt":{"rendered":"<p>Nach einigen Tagen der Vorbereitung ging es am Tag 4 schlie\u00dflich in die Vollen: sowohl die WAGGGS-Konferenz, das WOSM-Pendant als auch die gemeinsame Konferenz diskutierten und beschlossen Antr\u00e4ge. Eine kleine Tour, was dabei herauskam: WAGGGS-Konferenz In der WAGGGS-Konferenz wurde der von Deutschland gestellte Antrag, dass sich WAGGGS-Programme besser an die Kontexte der Verb\u00e4nde anpassen sollen [&hellip;]<\/p>\n","protected":false},"author":16,"featured_media":4891,"comment_status":"closed","ping_status":"open","sticky":false,"template":"","format":"standard","meta":{"_acf_changed":false,"inline_featured_image":false,"footnotes":""},"categories":[5,14],"tags":[120,38,121,11,15],"class_list":["post-4984","post","type-post","status-publish","format-standard","has-post-thumbnail","hentry","category-aus-dem-verband","category-internationales","tag-15egsc","tag-europakomitee","tag-europakonferenzen","tag-wagggs","tag-wosm"],"acf":[],"_links":{"self":[{"href":"https:\/\/vcp.de\/pfadfinden\/wp-json\/wp\/v2\/posts\/4984","targetHints":{"allow":["GET"]}}],"collection":[{"href":"https:\/\/vcp.de\/pfadfinden\/wp-json\/wp\/v2\/posts"}],"about":[{"href":"https:\/\/vcp.de\/pfadfinden\/wp-json\/wp\/v2\/types\/post"}],"author":[{"embeddable":true,"href":"https:\/\/vcp.de\/pfadfinden\/wp-json\/wp\/v2\/users\/16"}],"replies":[{"embeddable":true,"href":"https:\/\/vcp.de\/pfadfinden\/wp-json\/wp\/v2\/comments?post=4984"}],"version-history":[{"count":0,"href":"https:\/\/vcp.de\/pfadfinden\/wp-json\/wp\/v2\/posts\/4984\/revisions"}],"wp:featuredmedia":[{"embeddable":true,"href":"https:\/\/vcp.de\/pfadfinden\/wp-json\/wp\/v2\/media\/4891"}],"wp:attachment":[{"href":"https:\/\/vcp.de\/pfadfinden\/wp-json\/wp\/v2\/media?parent=4984"}],"wp:term":[{"taxonomy":"category","embeddable":true,"href":"https:\/\/vcp.de\/pfadfinden\/wp-json\/wp\/v2\/categories?post=4984"},{"taxonomy":"post_tag","embeddable":true,"href":"https:\/\/vcp.de\/pfadfinden\/wp-json\/wp\/v2\/tags?post=4984"}],"curies":[{"name":"wp","href":"https:\/\/api.w.org\/{rel}","templated":true}]}}