{"id":41407,"date":"2026-08-31T09:14:00","date_gmt":"2026-08-31T07:14:00","guid":{"rendered":"https:\/\/vcp.de\/pfadfinden\/?p=41407"},"modified":"2026-08-31T09:14:01","modified_gmt":"2026-08-31T07:14:01","slug":"archivfuehrungen-am-tag-des-offenen-denkmals","status":"publish","type":"post","link":"https:\/\/vcp.de\/pfadfinden\/allgemein\/archivfuehrungen-am-tag-des-offenen-denkmals\/","title":{"rendered":"Archivf\u00fchrungen am Tag des offenen Denkmals"},"content":{"rendered":"\n<p class=\"wp-block-paragraph\">Am 13. September ist mal wieder &#8222;Tag des offenen Denkmals&#8220;. Da laden viele alte Bauten in ganz Deutschland zum Besuchen ein. In Kassel geh\u00f6rt der &#8222;Kulturbunker&#8220; in der Friedrich-Engels-Stra\u00dfe 27 dazu (<a href=\"https:\/\/kulturbunker-kassel.de\/\">https:\/\/kulturbunker-kassel.de\/<\/a>). Dort befindet sich auch der Magazinraum unseres Archivs, also der Raum, in dem die historischen Sch\u00e4tze des Verbandes aufbewahrt werden.<\/p>\n\n\n\n<p class=\"wp-block-paragraph\">In kurzen F\u00fchrungen \u00f6ffnet der VCP das Archiv an diesem Tag f\u00fcr Interessierte. Die F\u00fchrungen finden von 13 &#8211; 16 Uhr alle 30 Minuten zur vollen und halben Stunde statt. Die Anzahl der Personen pro Gruppe ist auf f\u00fcnf beschr\u00e4nkt. Treffpunkt ist das Foyer des Kulturbunkers.<\/p>\n\n\n\n<p class=\"wp-block-paragraph\"><\/p>\n","protected":false},"excerpt":{"rendered":"<p>Am 13. September ist mal wieder &#8222;Tag des offenen Denkmals&#8220;. Da laden viele alte Bauten in ganz Deutschland zum Besuchen ein. In Kassel geh\u00f6rt der &#8222;Kulturbunker&#8220; in der Friedrich-Engels-Stra\u00dfe 27 dazu (https:\/\/kulturbunker-kassel.de\/). Dort befindet sich auch der Magazinraum unseres Archivs, also der Raum, in dem die historischen Sch\u00e4tze des Verbandes aufbewahrt werden. In kurzen F\u00fchrungen [&hellip;]<\/p>\n","protected":false},"author":85,"featured_media":37592,"comment_status":"closed","ping_status":"open","sticky":false,"template":"","format":"standard","meta":{"_acf_changed":false,"inline_featured_image":false,"footnotes":""},"categories":[1,517,523,23],"tags":[],"class_list":["post-41407","post","type-post","status-publish","format-standard","has-post-thumbnail","hentry","category-allgemein","category-veranstaltungen","category-oeffentlichkeitsarbeit","category-vcp-bundesarchiv"],"acf":[],"_links":{"self":[{"href":"https:\/\/vcp.de\/pfadfinden\/wp-json\/wp\/v2\/posts\/41407","targetHints":{"allow":["GET"]}}],"collection":[{"href":"https:\/\/vcp.de\/pfadfinden\/wp-json\/wp\/v2\/posts"}],"about":[{"href":"https:\/\/vcp.de\/pfadfinden\/wp-json\/wp\/v2\/types\/post"}],"author":[{"embeddable":true,"href":"https:\/\/vcp.de\/pfadfinden\/wp-json\/wp\/v2\/users\/85"}],"replies":[{"embeddable":true,"href":"https:\/\/vcp.de\/pfadfinden\/wp-json\/wp\/v2\/comments?post=41407"}],"version-history":[{"count":3,"href":"https:\/\/vcp.de\/pfadfinden\/wp-json\/wp\/v2\/posts\/41407\/revisions"}],"predecessor-version":[{"id":41410,"href":"https:\/\/vcp.de\/pfadfinden\/wp-json\/wp\/v2\/posts\/41407\/revisions\/41410"}],"wp:featuredmedia":[{"embeddable":true,"href":"https:\/\/vcp.de\/pfadfinden\/wp-json\/wp\/v2\/media\/37592"}],"wp:attachment":[{"href":"https:\/\/vcp.de\/pfadfinden\/wp-json\/wp\/v2\/media?parent=41407"}],"wp:term":[{"taxonomy":"category","embeddable":true,"href":"https:\/\/vcp.de\/pfadfinden\/wp-json\/wp\/v2\/categories?post=41407"},{"taxonomy":"post_tag","embeddable":true,"href":"https:\/\/vcp.de\/pfadfinden\/wp-json\/wp\/v2\/tags?post=41407"}],"curies":[{"name":"wp","href":"https:\/\/api.w.org\/{rel}","templated":true}]}}