{"id":4095,"date":"2016-01-26T08:00:58","date_gmt":"2016-01-26T06:00:58","guid":{"rendered":"http:\/\/www.vcp.de\/pfadfinden\/?p=4095"},"modified":"2016-01-26T10:15:57","modified_gmt":"2016-01-26T08:15:57","slug":"weitblick-2017-auftakttreffen-programm","status":"publish","type":"post","link":"https:\/\/vcp.de\/pfadfinden\/aus-dem-verband\/weitblick-2017-auftakttreffen-programm\/","title":{"rendered":"Weitblick 2017: Auftakttreffen Programm"},"content":{"rendered":"<h2>Die Spielidee<\/h2>\n<p>Wir schreiben das Jahr 2517. Es herrscht kein Krieg mehr auf der Welt. Die moderne Medizin hat alle Krankheiten besiegt. Kinder und Jugendliche m\u00fcssen keine Schule mehr besuchen. Mittels aktueller Technik wird das Wissen direkt in das Gehirn implantiert. Es bleibt also viel Zeit den Hobbies nachzugehen oder in sozialen Netzwerken miteinander zu chatten. Oder sich Dinge zu bestellen. Alles was man sich w\u00fcnscht ist immer und sofort verf\u00fcgbar.<\/p>\n<h2>Eine perfekte Welt also.<\/h2>\n<p>Eine perfekte Welt? Eine Gruppe Jugendlicher trifft sich und betrachtet sich die Welt, in der sie aufwachsen genauer. Welchen Preis hat der angebliche Frieden? Wie ist es um Meinungsfreiheit und demokratische Mitbestimmung bestellt? Welche Konsequenzen hat das Konsumverhalten auf die Umwelt? Ist es wirklich erstrebenswert unsterblich zu sein? Was wird den Kindern und Jugendlichen an Wissen vorenthalten?<\/p>\n<h2>Weitblick 2017<\/h2>\n<p>Die eben beschriebene Utopie ist die Spielidee des Bundeslagers 2017. Entstanden ist sie im vergangenen Jahr auf Burg Rieneck. Lisa Juhr (VCP RPS) und S\u00f6ren K\u00f6pke (VCP Niedersachsen), Bereichsleitung f\u00fcr Inhalt und Programm, sind daf\u00fcr zust\u00e4ndig, sie weiter zu entwickeln und hinauszutragen.<\/p>\n<p>Auf dem Auftakttreffen vom 08. \u2013 10.01. 2016 in Kassel stellen sie die Spielidee allen feststehenden und interessierten Programmzentrumsleitungen und Programmverantwortlichen der Teillager vor. Gemeinsam wird an dem Wochenende weiter daran gearbeitet und am Programm des n\u00e4chsten Bundeslagers geplant.<br \/>\n\u201eWeitblick\u201c, so der Titel des Bundeslagers 2017, ist also ein Blick in die ferne Zukunft. \u201eWir siedeln die Idee im Jahr 2517 an, um die Weltsituation, ihre Probleme und Konflikte in \u00fcberzeichneter Form darstellen zu k\u00f6nnen\u201c, erkl\u00e4rt Lisa. Die teilnehmenden Pfadfinderinnen und Pfadfinder am Bundeslager k\u00f6nnen sich im Rahmen der Spielidee in 15 thematisch verschiedenen Programmzentren den Herausforderungen der Welt annehmen. Dabei wird es im ersten Teil des Bundeslagers darum gehen, die Probleme zu erkennen und zu benennen. Im zweiten Teil des Lagers soll in den Programmzentren dann L\u00f6sungsstrategien entwickelt und ausprobiert werden. Im Sinne von BP geht es darum, \u201edie Welt besser zu hinterlassen, als wir sie vorgefunden haben.\u201c<\/p>\n<p>Dass es die Programmzentren f\u00fcr \u201eChristliches\u201c, \u201eInternationales\u201c sowie \u201eHajk und Reisen\u201c geben wird, steht bereits fest. Weitere Themen, so nach einem Brainstorming der Anwesenden, k\u00f6nnten u.a. \u201eErneuerbare Energien\u201c, \u201eMigration\u201c, \u201eErn\u00e4hrung\u201c, \u201eKommunikation\u201c \u201eHistorische Vorbilder\u201c, \u201eUmweltzerst\u00f6rung\u201c und \u201eFrieden\u201c sein.<\/p>\n<h2>Luther und das Reformationsjubil\u00e4um<\/h2>\n<p>Das Bundeslager 2017 findet im Rahmen des 500. Jubil\u00e4ums der Reformation statt, welches in dem Jahr in Wittenberg gro\u00df gefeiert wird. Sollte das Bundeslager da nicht einen Bezug zum Reformationsjubil\u00e4um haben?<br \/>\n\u201eHat es!\u201c stellt Peter Staab von der Bundeslagerleitung fest.\u201c Martin Luther hat 1517 nicht nur Fehlentwicklungen in der Kirche festgestellt, er hatte auch den Mut, diese anzuprangern, L\u00f6sungsvorschl\u00e4ge zu erarbeiten und f\u00fcr seine Ideen einzustehen, obwohl er damit ein gro\u00dfes pers\u00f6nliches Risiko einging. Daneben zeigt Luthers Geschichte, dass auch ein einzelner Mensch oder eine kleine Gruppe von Menschen die Welt ver\u00e4ndern k\u00f6nnen, wenn sie diesen Mut aufbringen. Hiervon handelt auch die Spielidee.\u201c<\/p>\n<p>So soll die historische Figur Martin Luther und die Geschehnisse der Reformation mit ihrer Vorbildfunktion in die Spielidee eingebaut werden. Damit die Teilnehmenden des Bundeslagers noch mehr aus der Vergangenheit f\u00fcr die Zukunft lernen, wird es ein \u201eWittenberg \u2013 Tag\u201c fester Programmpunkt im Bundeslager sein. Die Pfadfinderinnen und Pfadfinder k\u00f6nnen an diesem Tag die vielf\u00e4ltigen Angebote der EKD, der aej und der Stadt in Wittenberg besuchen und nutzen, um mehr \u00fcber die Geschichte der Reformation zu erfahren.<\/p>\n<p>Die Spielidee und das Programm macht Lust am Bundeslager mitzuarbeiten? Es werden noch Mitarbeitende f\u00fcr die Programmzentren und Verantwortliche f\u00fcr die Teillager gesucht. Bei Interesse an einer Mitarbeit wendet euch an die Bereichsleitung f\u00fcr Inhalt und Programm Lisa Juhr und S\u00f6ren K\u00f6pke unter <a href=\"mailto:programm@bundeslager.vcp.de\">programm@bundeslager.vcp.de<\/a>.<\/p>\n","protected":false},"excerpt":{"rendered":"<p>Die Spielidee Wir schreiben das Jahr 2517. Es herrscht kein Krieg mehr auf der Welt. Die moderne Medizin hat alle Krankheiten besiegt. Kinder und Jugendliche m\u00fcssen keine Schule mehr besuchen. Mittels aktueller Technik wird das Wissen direkt in das Gehirn implantiert. Es bleibt also viel Zeit den Hobbies nachzugehen oder in sozialen Netzwerken miteinander zu [&hellip;]<\/p>\n","protected":false},"author":52,"featured_media":4097,"comment_status":"closed","ping_status":"open","sticky":false,"template":"","format":"standard","meta":{"_acf_changed":false,"inline_featured_image":false,"footnotes":""},"categories":[5,43],"tags":[],"class_list":["post-4095","post","type-post","status-publish","format-standard","has-post-thumbnail","hentry","category-aus-dem-verband","category-reformationsjubilaeum"],"acf":[],"_links":{"self":[{"href":"https:\/\/vcp.de\/pfadfinden\/wp-json\/wp\/v2\/posts\/4095","targetHints":{"allow":["GET"]}}],"collection":[{"href":"https:\/\/vcp.de\/pfadfinden\/wp-json\/wp\/v2\/posts"}],"about":[{"href":"https:\/\/vcp.de\/pfadfinden\/wp-json\/wp\/v2\/types\/post"}],"author":[{"embeddable":true,"href":"https:\/\/vcp.de\/pfadfinden\/wp-json\/wp\/v2\/users\/52"}],"replies":[{"embeddable":true,"href":"https:\/\/vcp.de\/pfadfinden\/wp-json\/wp\/v2\/comments?post=4095"}],"version-history":[{"count":0,"href":"https:\/\/vcp.de\/pfadfinden\/wp-json\/wp\/v2\/posts\/4095\/revisions"}],"wp:featuredmedia":[{"embeddable":true,"href":"https:\/\/vcp.de\/pfadfinden\/wp-json\/wp\/v2\/media\/4097"}],"wp:attachment":[{"href":"https:\/\/vcp.de\/pfadfinden\/wp-json\/wp\/v2\/media?parent=4095"}],"wp:term":[{"taxonomy":"category","embeddable":true,"href":"https:\/\/vcp.de\/pfadfinden\/wp-json\/wp\/v2\/categories?post=4095"},{"taxonomy":"post_tag","embeddable":true,"href":"https:\/\/vcp.de\/pfadfinden\/wp-json\/wp\/v2\/tags?post=4095"}],"curies":[{"name":"wp","href":"https:\/\/api.w.org\/{rel}","templated":true}]}}