{"id":40666,"date":"2026-04-29T11:00:45","date_gmt":"2026-04-29T09:00:45","guid":{"rendered":"https:\/\/vcp.de\/pfadfinden\/?p=40666"},"modified":"2026-04-29T11:01:35","modified_gmt":"2026-04-29T09:01:35","slug":"vcp-hessen-sucht-projektleitung-m-w-d-zur-gruendung-neuer-gruppen","status":"publish","type":"post","link":"https:\/\/vcp.de\/pfadfinden\/aus-dem-verband\/jobs\/vcp-hessen-sucht-projektleitung-m-w-d-zur-gruendung-neuer-gruppen\/","title":{"rendered":"VCP Hessen sucht Projektleitung (m\/w\/d) zur Gr\u00fcndung neuer Gruppen"},"content":{"rendered":"\n<h3 class=\"wp-block-heading\">\u201e7 Orte \u2013 Ein Versprechen.\u201c Und du bringst den Funken!<\/h3>\n\n\n\n<p>Manchmal braucht es nur einen Funken, damit etwas Gro\u00dfes entsteht. Eine Idee. Ein erstes Treffen. Ein Moment, in dem jemand sagt: <strong>\u201eLass uns das machen.\u201c<\/strong> Pfadfinden beginnt genau so.<\/p>\n\n\n\n<p>Der Verband Christlicher Pfadfinder*innen (VCP) in Hessen schafft R\u00e4ume, in denen junge Menschen ihren eigenen Weg finden \u2013 mit Haltung, Gemeinschaft und Orientierung. Gemeinsam mit dem Kirchenkreis Fulda starten wir jetzt ein Projekt, was das m\u00f6glich macht:<\/p>\n\n\n\n<ul class=\"wp-block-list\">\n<li><strong>7 Orte<\/strong>, an denen neue Wege entstehen,<\/li>\n\n\n\n<li><strong>250 Kinder und Jugendliche<\/strong>, die ihren Pfad und ihren Platz in der Welt finden,<\/li>\n\n\n\n<li><strong>Gemeinschaften<\/strong>, die wachsen und tragen.<\/li>\n<\/ul>\n\n\n\n<p>Hierf\u00fcr suchen wir zum n\u00e4chstm\u00f6glichen Zeitpunkt (Projektstart Mitte 2026) motivierte Pers\u00f6nlichkeit*en als <strong>Projektleitung zur Gr\u00fcndung neuer Gruppen<\/strong> (St\u00e4mme), Vollzeit, Teilzeit oder zwei halbe Stellen m\u00f6glich.<\/p>\n\n\n\n<h3 class=\"wp-block-heading\">Deine Rolle: Funkenspr\u00fcher*in, Wegbereiter*in, Wachstumshelfer*in<\/h3>\n\n\n\n<p>Du bist nicht einfach Projektleitung. Du bist die Person, die den ersten Funken \u00fcberspringen l\u00e4sst \u2013 und daf\u00fcr sorgt, dass daraus ein Feuer entsteht:<\/p>\n\n\n\n<ul class=\"wp-block-list\">\n<li>Du gehst voraus, wenn der Weg noch nicht sichtbar ist,<\/li>\n\n\n\n<li>Du gibst Orientierung, ohne alles vorzugeben,<\/li>\n\n\n\n<li>und Du schaffst Strukturen, die auch ohne dich weiterwachsen k\u00f6nnen.<\/li>\n\n\n\n<li>Kurz: Du hilfst Menschen, ihren eigenen Pfad zu finden \u2013 und gemeinsam weiterzugehen.<\/li>\n<\/ul>\n\n\n\n<h3 class=\"wp-block-heading\">Deine Mission: 7 Orte \u2013 Ein Versprechen<\/h3>\n\n\n\n<p>Deine Aufgabe ist das Herzst\u00fcck des Projekts: Du initiierst und begleitest den Aufbau von neuen Pfadfinderst\u00e4mmen an strategisch ausgew\u00e4hlten Orten im Kirchenkreis Fulda auf und st\u00e4rkst gleichzeitig die bereits bestehenden St\u00e4mme (in Fulda, Hettenhausen, Dipperz\/Hofbieber und Gro\u00dfenl\u00fcder\/Bad Salzschlirf). Du bist die Br\u00fccke zwischen dem Verband, der Kirche und den Menschen vor Ort.<\/p>\n\n\n\n<h3 class=\"wp-block-heading\">Deine Aufgaben:<\/h3>\n\n\n\n<ul class=\"wp-block-list\">\n<li>Pionierarbeit: Du identifizierst Potenziale in Kirchengemeinden, gewinnst Multiplikator*innen (Pfarrpersonen, Lehrer*innen, Engagierte) und f\u00fchrst \u201eSchnupper-Gruppenstunden\u201c durch.<\/li>\n\n\n\n<li>Begleitung &amp; Coaching: Du unterst\u00fctzt Ehrenamtliche beim Aufbau stabiler Strukturen, begleitest die ersten Gruppenstunden und ber\u00e4tst Leitungsrunden p\u00e4dagogisch.<\/li>\n\n\n\n<li>Stammesschmieden: Du organisierst und moderierst Strategiewochenenden f\u00fcr bestehende St\u00e4mme, um deren Wachstum und Qualit\u00e4t nachhaltig zu sichern.<\/li>\n\n\n\n<li>Networking: Du vernetzt die Pfadfinderarbeit mit der Evangelischen Jugend (EJ) Fulda, dem VCP Hessen und lokalen Akteuren. Du bist pr\u00e4sent bei regionalen Highlights wie dem Friedenslicht oder dem PfadiTag.<\/li>\n\n\n\n<li>Ausbildung: Du koordinierst die Qualifizierung von Quereinsteiger*innen und jungen Gruppenleitungen.<\/li>\n<\/ul>\n\n\n\n<h3 class=\"wp-block-heading\">Was dich ausmacht:<\/h3>\n\n\n\n<ul class=\"wp-block-list\">\n<li>Motivation &amp; Initiative: Du musst kein fertiger \u201eProfi\u201c sein, aber du solltest Lust haben, Dinge zu bewegen.<\/li>\n\n\n\n<li>Kommunikationstalent: Du bist Netzwerker*in, kannst begeistern und besitzt eine fr\u00f6hliche Hartn\u00e4ckigkeit.<\/li>\n\n\n\n<li>Selbstorganisation: Du arbeitest in hohem Ma\u00dfe eigenverantwortlich und strukturiert.<\/li>\n\n\n\n<li>Pfadfinder-DNA: Die Ideen des Pfadfindens faszinieren Dich. Du warst idealerweise selbst bereits Gruppenoder Stammesleitung oder hast Erfahrung in vergleichbarer verbandlicher Jugendarbeit.<\/li>\n\n\n\n<li>P\u00e4dagogisches Profil: Du verf\u00fcgst \u00fcber (sozial-)p\u00e4dagogische Kenntnisse und praktische Erfahrungen.<\/li>\n\n\n\n<li>Flexibilit\u00e4t: Du bist da, wenn Ehrenamt Zeit hat \u2013 auch abends und am Wochenende.<\/li>\n\n\n\n<li>Werteorientierung: Du willst Pfadfinden im Kontext der evangelischen Kirche gestalten.<\/li>\n<\/ul>\n\n\n\n<h3 class=\"wp-block-heading\">Was dich erwartet:<\/h3>\n\n\n\n<ul class=\"wp-block-list\">\n<li>Gestaltungsfreiraum: Eine verantwortungsvolle Position mit der Chance, etwas wirklich Neues aufzubauen.<\/li>\n\n\n\n<li>Faire Bedingungen: Verg\u00fctung angelehnt an AVR-HN E6.<\/li>\n\n\n\n<li>Vertrauen &amp; Freiheiten: Flexible Arbeitszeiten, mobiles Arbeiten, Laptop &amp; Handy \u2013 du organisierst deinen Alltag selbst.<\/li>\n\n\n\n<li>Gemeinschaft auf Augenh\u00f6he: Ein engagiertes Haupt- und Ehrenamtlichen-Team im VCP Hessen und eine starke Anbindung an den Kirchenkreis Fulda.<\/li>\n\n\n\n<li>Verschiedene Arbeitsorte: Der Arbeitsort ist Fulda und der Kirchenkreis \u2013 aber auch Vernetzung im Land, f\u00fcr Schulungen und Veranstaltungen im VCP Hessen solltest du mitdenken.<\/li>\n\n\n\n<li>Laufzeit: Ein Projekt mit echter Tiefe: 5 Jahre Zeit, um nachhaltig etwas zu ver\u00e4ndern (2026\u20132031).<\/li>\n<\/ul>\n\n\n\n<h3 class=\"wp-block-heading\">Und jetzt? Interesse geweckt?<\/h3>\n\n\n\n<p>Dann sollten wir uns kennen lernen! Bitte sende Deine Unterlagen bis zum 25.05.2026 digital an <a href=\"mailto:hessen@vcp.de\">hessen@vcp.de<\/a>.<br>Bewerbungsgespr\u00e4che finden in Abstimmung zwischen 01. und 12. Juni 2026 statt.<\/p>\n\n\n\n<p>Falls du vorher schon Fragen haben sollest, oder du nicht wei\u00dft, ob du f\u00fcr diese Aufgabe die richtige Person bist, kannst du dich nat\u00fcrlich gerne bei uns melden!<\/p>\n\n\n\n<p>F\u00fcr organisatorische Fragen steht dir Jana Kukuk (0176-72028148, <a href=\"mailto:jana.kukuk@hessen.vcp.de\">jana.kukuk@hessen.vcp.de<\/a>) als Ansprechperson zur Verf\u00fcgung. Zu Fragen der Projektplanung kannst du Jonas H\u00f6chst (0176-63385990, <a href=\"mailto:jonas.hoechst@hessen.vcp.de\">jonas.hoechst@hessen.vcp.de<\/a>) kontaktieren.<\/p>\n\n\n\n<div class=\"wp-block-columns is-layout-flex wp-container-core-columns-is-layout-9d6595d7 wp-block-columns-is-layout-flex\">\n<div class=\"wp-block-column is-layout-flow wp-block-column-is-layout-flow\">\n<p>VCP Hessen e.V.<\/p>\n\n\n\n<p>Johannisberg 12<\/p>\n\n\n\n<p>61231 Bad Nauheim<\/p>\n<\/div>\n\n\n\n<div class=\"wp-block-column is-layout-flow wp-block-column-is-layout-flow\">\n<p>Ev. Kirchenkreis Fulda<\/p>\n\n\n\n<p>Heinrich-von-Bibra-Platz 14a<\/p>\n\n\n\n<p>36037 Fulda<\/p>\n<\/div>\n<\/div>\n\n\n\n<p><br><br><\/p>\n","protected":false},"excerpt":{"rendered":"<p>\u201e7 Orte \u2013 Ein Versprechen.\u201c Und du bringst den Funken! Manchmal braucht es nur einen Funken, damit etwas Gro\u00dfes entsteht. Eine Idee. Ein erstes Treffen. Ein Moment, in dem jemand sagt: \u201eLass uns das machen.\u201c Pfadfinden beginnt genau so. Der Verband Christlicher Pfadfinder*innen (VCP) in Hessen schafft R\u00e4ume, in denen junge Menschen ihren eigenen Weg [&hellip;]<\/p>\n","protected":false},"author":88,"featured_media":40671,"comment_status":"closed","ping_status":"open","sticky":false,"template":"","format":"standard","meta":{"_acf_changed":false,"inline_featured_image":false,"footnotes":""},"categories":[237],"tags":[],"class_list":["post-40666","post","type-post","status-publish","format-standard","has-post-thumbnail","hentry","category-jobs"],"acf":[],"_links":{"self":[{"href":"https:\/\/vcp.de\/pfadfinden\/wp-json\/wp\/v2\/posts\/40666","targetHints":{"allow":["GET"]}}],"collection":[{"href":"https:\/\/vcp.de\/pfadfinden\/wp-json\/wp\/v2\/posts"}],"about":[{"href":"https:\/\/vcp.de\/pfadfinden\/wp-json\/wp\/v2\/types\/post"}],"author":[{"embeddable":true,"href":"https:\/\/vcp.de\/pfadfinden\/wp-json\/wp\/v2\/users\/88"}],"replies":[{"embeddable":true,"href":"https:\/\/vcp.de\/pfadfinden\/wp-json\/wp\/v2\/comments?post=40666"}],"version-history":[{"count":6,"href":"https:\/\/vcp.de\/pfadfinden\/wp-json\/wp\/v2\/posts\/40666\/revisions"}],"predecessor-version":[{"id":40673,"href":"https:\/\/vcp.de\/pfadfinden\/wp-json\/wp\/v2\/posts\/40666\/revisions\/40673"}],"wp:featuredmedia":[{"embeddable":true,"href":"https:\/\/vcp.de\/pfadfinden\/wp-json\/wp\/v2\/media\/40671"}],"wp:attachment":[{"href":"https:\/\/vcp.de\/pfadfinden\/wp-json\/wp\/v2\/media?parent=40666"}],"wp:term":[{"taxonomy":"category","embeddable":true,"href":"https:\/\/vcp.de\/pfadfinden\/wp-json\/wp\/v2\/categories?post=40666"},{"taxonomy":"post_tag","embeddable":true,"href":"https:\/\/vcp.de\/pfadfinden\/wp-json\/wp\/v2\/tags?post=40666"}],"curies":[{"name":"wp","href":"https:\/\/api.w.org\/{rel}","templated":true}]}}