{"id":40661,"date":"2026-04-27T15:00:55","date_gmt":"2026-04-27T13:00:55","guid":{"rendered":"https:\/\/vcp.de\/pfadfinden\/?p=40661"},"modified":"2026-04-27T15:00:56","modified_gmt":"2026-04-27T13:00:56","slug":"beule-koplawu-und-gehirnerschuetterung","status":"publish","type":"post","link":"https:\/\/vcp.de\/pfadfinden\/1-hilfe\/beule-koplawu-und-gehirnerschuetterung\/","title":{"rendered":"Beule, KoPlaWu und Gehirnersch\u00fctterung"},"content":{"rendered":"\n<p><strong>Pfadi-Gesundheit Folge 22:<\/strong><\/p>\n\n\n\n<p><\/p>\n\n\n\n<p>Jede*r hat sich schon mal den Kopf gesto\u00dfen und wei\u00df, wie schmerzhaft das sein kann. Auch auf einem Lager lauern hierf\u00fcr viele Gefahren: Vielleicht l\u00e4uft man im Dunkeln gegen ein Stangenholz. Oder man stolpert und schl\u00e4gt mit dem Sch\u00e4del auf. Mal werden auch Gegenst\u00e4nde umhergeworfen, die dann jemanden am Kopf treffen.<\/p>\n\n\n\n<p>Gelegentlich bleibt eine kleine <strong>Beule<\/strong> (Bluterguss oder H\u00e4matom) zur\u00fcck, die nach einigen Tagen wieder verschwindet. Am besten k\u00fchlt ihr die Beule mit einem Coolpack, notfalls einem nass-kaltem Tuch.<\/p>\n\n\n\n<p><strong>\u201eKoplawu\u201c: <\/strong>Schlimmer ist eine <strong>Ko<\/strong>pf<strong>pla<\/strong>tz<strong>wu<\/strong>nde. Wunden im Bereich der Kopfhaut sind wegen des Haares nicht so einfach zu beurteilen und zu verbinden, und bluten auch ziemlich, denn: <em>Unsere Kopfhaut steht \u201eunter Spannung\u201c. Das f\u00fchrt dazu, dass Wundr\u00e4nder meist auseinanderklaffen und die Wunde in den ersten Minuten etwas st\u00e4rker blutet. Auch wenn ein blutiger Kopf auf den ersten Blick dramatisch aussieht, ist bei einer \u201eklassischen\u201c Lager-Kopfplatzwunde der Blutverlust (meist &lt; 50 ml) meist kein Problem. Jeder Blutspender bekommt bei der Spende 500 ml abgezapft.<\/em><\/p>\n\n\n\n<ul class=\"wp-block-list\">\n<li><em>Meist stoppt die Blutung unter Kompression nach etwa f\u00fcnf Minuten. Dr\u00fccke dazu mit Mullkompressen oder einem sauberen Tuch drauf, ggf. brauchst du einen Kompressionsverband mit einer Mullbinde.<\/em><\/li>\n\n\n\n<li><em>Die<\/em><em> Beurteilung der Wunde kann erst nach der Blutstillung erfolgen. <\/em>Oberfl\u00e4chliche Kratzer k\u00f6nnt ihr selbst versorgen, bei klaffenden Wunden sollte unbedingt eine \u00c4rztin oder ein Arzt pr\u00fcfen, ob die Wunde gen\u00e4ht oder geklebt werden muss.<\/li>\n<\/ul>\n\n\n\n<p>Je nachdem, wie stark der Kopfanprall ist, kann es zu einer <strong>Gehirnersch\u00fctterung<\/strong> kommen. Diese erkennt ihr an den folgenden Symptomen:<\/p>\n\n\n\n<ul class=\"wp-block-list\">\n<li><strong>Kopfschmerzen<\/strong><\/li>\n\n\n\n<li><strong>Schwindel<\/strong><\/li>\n\n\n\n<li><strong>\u00dcbelkeit, Erbrechen<\/strong><\/li>\n\n\n\n<li><strong>\u201eFilmriss\u201c:<\/strong> Oft sind die Personen nach dem Vorfall verwirrt und k\u00f6nnen sich an das Geschehen nicht erinnern. Typischerweise fragen sie dann in regelm\u00e4\u00dfigen Abst\u00e4nden, was passiert ist und man muss es ihnen alle paar Minuten immer wieder neu erz\u00e4hlen.<\/li>\n\n\n\n<li>In manchen F\u00e4llen ist sogar eine<strong> Bewusstlosigkeit <\/strong>m\u00f6glich, bzw. den Personen wird kurz schwarz vor Augen.<\/li>\n<\/ul>\n\n\n\n<p>Es m\u00fcssen nicht zwangsl\u00e4ufig alle der hier genannten Anzeichen vorliegen, aber wenn, dann ist eine Gehirnersch\u00fctterung sehr wahrscheinlich. <strong>Lasst die Person unter gar keinen Umst\u00e4nden mehr aus den Augen! <\/strong>Macht es ihr so bequem wie m\u00f6glich. Man sollte den Oberk\u00f6rper leicht anheben (ca. 30\u00b0), sofern das m\u00f6glich ist. Setzt am besten die\/den beste*n Freund*in zur Unterst\u00fctzung daneben, falls es zum Erbrechen kommt.<\/p>\n\n\n\n<ul class=\"wp-block-list\">\n<li>Bei<strong> KURZER Bewusstlosigkeit<\/strong> ist eine \u00dcberwachung im Krankenhaus f\u00fcr 24 Stunden zwingend notwendig, um zum Beispiel eine sp\u00e4tere Hirnblutung noch rechtzeitig zu erkennen.<\/li>\n\n\n\n<li>Solange die Person wach ist und <strong>keine Nacken- oder R\u00fcckenschmerzen <\/strong>als Hinweis auf einen Wirbelbruch bestehen, ist ein <strong>Transport OHNE Rettungsdienst<\/strong> aber in Ordnung \u2013 nat\u00fcrlich darf die verletzte Person nicht selber fahren.<\/li>\n<\/ul>\n\n\n\n<p>Was tun, wenn die Bewusstlosigkeit anh\u00e4lt? Das erkl\u00e4ren wir in der n\u00e4chsten Folge!<\/p>\n\n\n\n<p>Gut Pfad<\/p>\n\n\n\n<p>Lennart, R\u00f6mi und Uli<\/p>\n\n\n\n<p>Lennart Scheel, VCP Stamm Albert Schweitzer Breitenbach, GPW, RP\/S<\/p>\n\n\n\n<p>Michael R\u00f6mer, VCP Stamm Franz von Sickingen Hambach, Neustadt, GNB, RP\/S<\/p>\n\n\n\n<p>Dr. Uli Eiden, VCP Stamm Johannes Gutenberg Mainz, GAB, RP\/S<\/p>\n","protected":false},"excerpt":{"rendered":"<p>Jede*r hat sich schon mal den Kopf gesto\u00dfen und wei\u00df, wie schmerzhaft das sein kann. Wie du die Lage dann am Besten einsch\u00e4tzt und was du tun kannst, um zu helfen, erf\u00e4hrst du im Beitrag!<\/p>\n","protected":false},"author":93,"featured_media":40663,"comment_status":"closed","ping_status":"open","sticky":false,"template":"","format":"standard","meta":{"_acf_changed":false,"inline_featured_image":false,"footnotes":""},"categories":[507],"tags":[],"class_list":["post-40661","post","type-post","status-publish","format-standard","has-post-thumbnail","hentry","category-1-hilfe"],"acf":[],"_links":{"self":[{"href":"https:\/\/vcp.de\/pfadfinden\/wp-json\/wp\/v2\/posts\/40661","targetHints":{"allow":["GET"]}}],"collection":[{"href":"https:\/\/vcp.de\/pfadfinden\/wp-json\/wp\/v2\/posts"}],"about":[{"href":"https:\/\/vcp.de\/pfadfinden\/wp-json\/wp\/v2\/types\/post"}],"author":[{"embeddable":true,"href":"https:\/\/vcp.de\/pfadfinden\/wp-json\/wp\/v2\/users\/93"}],"replies":[{"embeddable":true,"href":"https:\/\/vcp.de\/pfadfinden\/wp-json\/wp\/v2\/comments?post=40661"}],"version-history":[{"count":1,"href":"https:\/\/vcp.de\/pfadfinden\/wp-json\/wp\/v2\/posts\/40661\/revisions"}],"predecessor-version":[{"id":40664,"href":"https:\/\/vcp.de\/pfadfinden\/wp-json\/wp\/v2\/posts\/40661\/revisions\/40664"}],"wp:featuredmedia":[{"embeddable":true,"href":"https:\/\/vcp.de\/pfadfinden\/wp-json\/wp\/v2\/media\/40663"}],"wp:attachment":[{"href":"https:\/\/vcp.de\/pfadfinden\/wp-json\/wp\/v2\/media?parent=40661"}],"wp:term":[{"taxonomy":"category","embeddable":true,"href":"https:\/\/vcp.de\/pfadfinden\/wp-json\/wp\/v2\/categories?post=40661"},{"taxonomy":"post_tag","embeddable":true,"href":"https:\/\/vcp.de\/pfadfinden\/wp-json\/wp\/v2\/tags?post=40661"}],"curies":[{"name":"wp","href":"https:\/\/api.w.org\/{rel}","templated":true}]}}