{"id":40602,"date":"2026-04-24T12:39:22","date_gmt":"2026-04-24T10:39:22","guid":{"rendered":"https:\/\/vcp.de\/pfadfinden\/?p=40602"},"modified":"2026-04-24T13:47:14","modified_gmt":"2026-04-24T11:47:14","slug":"fachkonferenz-aufarbeitung","status":"publish","type":"post","link":"https:\/\/vcp.de\/pfadfinden\/allgemein\/fachkonferenz-aufarbeitung\/","title":{"rendered":"Fachkonferenz Aufarbeitung"},"content":{"rendered":"\n<p>Liebe Pfadfinder*innen, liebe Engagierte im VCP, liebe Wegbegleiter*innen,<br><br>Die Aufarbeitungsstudie des VCP ist ver\u00f6ffentlicht und sie stellt uns als Verband Fragen:<br>Wie gehen wir im VCP mit Erfahrungen um, die uns herausfordern \u2013 pers\u00f6nlich, als Gruppen, als Verband? Welche Fragen bleiben offen, welche Perspektiven m\u00fcssen geh\u00f6rt werden, und was braucht es, damit wir gemeinsam Verantwortung \u00fcbernehmen und tragf\u00e4hige Schritte nach vorn entwickeln k\u00f6nnen? Wie Blicken wir auf Verbandskultur und wie erlangen wir zudem Handlungssicherheit? Was hei\u00dft das auch ganz konkret f\u00fcr mich und meinen Stamm?<br><br>Wir laden euch herzlich zur <strong>Fachkonferenz Aufarbeitung<\/strong> <strong>vom 13. bis 15. November 2026<\/strong> auf der <strong>Burg Rieneck<\/strong> ein.<strong>&nbsp;Anmeldeschluss ist der 31.08.2026.<\/strong><\/p>\n\n\n\n<p><\/p>\n\n\n\n<div class=\"wp-block-buttons is-layout-flex wp-block-buttons-is-layout-flex\">\n<div class=\"wp-block-button has-custom-width wp-block-button__width-25\"><a class=\"wp-block-button__link wp-element-button\" href=\"https:\/\/forms.office.com\/pages\/responsepage.aspx?id=e2bgd-v6j0OaqqtnAu-AFKSsCMx_5ptFr8Oj69crN6pUM1Q1WTdNNVo3UjFSMVdJN0IwR05FMVdXViQlQCN0PWcu&amp;route=shorturl\"><strong>Ich bin dabei<\/strong><\/a><\/div>\n<\/div>\n\n\n\n<p><br>Diese Tage sollen Raum geben f\u00fcr Zuh\u00f6ren und Einordnen, f\u00fcr fachliche Impulse und Austausch, f\u00fcr ehrliche Reflexion und gemeinsames Lernen. In pfadfinderischer Haltung \u2013 klar, respektvoll und zugewandt \u2013 wollen wir hinschauen, Erfahrungen ernst nehmen und daraus Konsequenzen ableiten.<br><br>Wir wollen \u00fcber Verbandskultur sprechen und ganz konkrete Fragen aus dem Stammesalltag bearbeiten.<\/p>\n\n\n\n<p>Eingeladen sind ganz bewusst alle Menschen im VCP, die sich hier einbringen wollen, die Interesse haben oder mitgestalten wollen!<\/p>\n\n\n\n<p>Wir haben schon einen Teil der Themen beschrieben, die wir auf der Konferenz mit uns und externen Fachmenschen besprechen und bearbeiten wollen. Auch die Institute, die die Studie verfasst haben, werden vertreten sein. Aber wir glauben, es gibt noch mehr Themen, Fragen und Blickwinkel, die auf dieser Konferenz eingebracht werden sollten.<\/p>\n\n\n\n<p>Schreib uns also sehr gern deine Themen, Fragen und Anmerkungen, die nicht auf der Konferenz fehlen d\u00fcrfen!<br><\/p>\n\n\n\n<div class=\"wp-block-buttons is-layout-flex wp-block-buttons-is-layout-flex\">\n<div class=\"wp-block-button has-custom-width wp-block-button__width-25\"><a class=\"wp-block-button__link wp-element-button\" href=\"https:\/\/pollunit.com\/polls\/kdqcikg54npd4_afowgimq\"><strong>zur Themensammlung<\/strong><\/a><\/div>\n<\/div>\n\n\n\n<p><\/p>\n\n\n\n<p>Liebe Gr\u00fc\u00dfe und Gut Pfad<br><br>flip<\/p>\n","protected":false},"excerpt":{"rendered":"<p>Liebe Pfadfinder*innen, liebe Engagierte im VCP, liebe Wegbegleiter*innen, Die Aufarbeitungsstudie des VCP ist ver\u00f6ffentlicht und sie stellt uns als Verband Fragen:Wie gehen wir im VCP mit Erfahrungen um, die uns herausfordern \u2013 pers\u00f6nlich, als Gruppen, als Verband? Welche Fragen bleiben offen, welche Perspektiven m\u00fcssen geh\u00f6rt werden, und was braucht es, damit wir gemeinsam Verantwortung \u00fcbernehmen [&hellip;]<\/p>\n","protected":false},"author":88,"featured_media":40334,"comment_status":"closed","ping_status":"open","sticky":true,"template":"","format":"standard","meta":{"_acf_changed":false,"inline_featured_image":false,"footnotes":""},"categories":[1],"tags":[],"class_list":["post-40602","post","type-post","status-publish","format-standard","has-post-thumbnail","hentry","category-allgemein"],"acf":[],"_links":{"self":[{"href":"https:\/\/vcp.de\/pfadfinden\/wp-json\/wp\/v2\/posts\/40602","targetHints":{"allow":["GET"]}}],"collection":[{"href":"https:\/\/vcp.de\/pfadfinden\/wp-json\/wp\/v2\/posts"}],"about":[{"href":"https:\/\/vcp.de\/pfadfinden\/wp-json\/wp\/v2\/types\/post"}],"author":[{"embeddable":true,"href":"https:\/\/vcp.de\/pfadfinden\/wp-json\/wp\/v2\/users\/88"}],"replies":[{"embeddable":true,"href":"https:\/\/vcp.de\/pfadfinden\/wp-json\/wp\/v2\/comments?post=40602"}],"version-history":[{"count":6,"href":"https:\/\/vcp.de\/pfadfinden\/wp-json\/wp\/v2\/posts\/40602\/revisions"}],"predecessor-version":[{"id":40626,"href":"https:\/\/vcp.de\/pfadfinden\/wp-json\/wp\/v2\/posts\/40602\/revisions\/40626"}],"wp:featuredmedia":[{"embeddable":true,"href":"https:\/\/vcp.de\/pfadfinden\/wp-json\/wp\/v2\/media\/40334"}],"wp:attachment":[{"href":"https:\/\/vcp.de\/pfadfinden\/wp-json\/wp\/v2\/media?parent=40602"}],"wp:term":[{"taxonomy":"category","embeddable":true,"href":"https:\/\/vcp.de\/pfadfinden\/wp-json\/wp\/v2\/categories?post=40602"},{"taxonomy":"post_tag","embeddable":true,"href":"https:\/\/vcp.de\/pfadfinden\/wp-json\/wp\/v2\/tags?post=40602"}],"curies":[{"name":"wp","href":"https:\/\/api.w.org\/{rel}","templated":true}]}}