{"id":406,"date":"2014-07-04T13:24:47","date_gmt":"2014-07-04T11:24:47","guid":{"rendered":"http:\/\/www.vcp.de\/pfadfinden\/?p=406"},"modified":"2014-10-04T11:40:16","modified_gmt":"2014-10-04T09:40:16","slug":"aus-den-augen-aus-dem-sinn-der-muell-im-meer-geht-nicht-verloren","status":"publish","type":"post","link":"https:\/\/vcp.de\/pfadfinden\/allgemein\/aus-den-augen-aus-dem-sinn-der-muell-im-meer-geht-nicht-verloren\/","title":{"rendered":"Aus den Augen, aus dem Sinn? Der M\u00fcll im Meer geht nicht verloren"},"content":{"rendered":"<p><em>Von Vera Steinberg, Emmendingen<\/em><\/p>\n<figure id=\"attachment_410\" aria-describedby=\"caption-attachment-410\" style=\"width: 192px\" class=\"wp-caption alignleft\"><a href=\"https:\/\/www.vcp.de\/pfadfinden\/wp-content\/uploads\/2014\/05\/anp1402_IMGP3161.jpg\"><img loading=\"lazy\" decoding=\"async\" class=\"wp-image-410\" title=\"Foto: Vera Steinberg\" src=\"https:\/\/www.vcp.de\/pfadfinden\/wp-content\/uploads\/2014\/05\/anp1402_IMGP3161-300x199.jpg\" alt=\"anp1402_IMGP3161\" width=\"192\" height=\"128\" srcset=\"https:\/\/vcp.de\/pfadfinden\/wp-content\/uploads\/2014\/05\/anp1402_IMGP3161-300x199.jpg 300w, https:\/\/vcp.de\/pfadfinden\/wp-content\/uploads\/2014\/05\/anp1402_IMGP3161.jpg 800w\" sizes=\"auto, (max-width: 192px) 100vw, 192px\" \/><\/a><figcaption id=\"caption-attachment-410\" class=\"wp-caption-text\">Foto: Vera Steinberg<\/figcaption><\/figure>\n<p>Vor einiger Zeit war ich auf Fuerteventura zum Urlaub machen. Eine herrliche, karge Insel, viele Freizeitm\u00f6glichkeiten wie surfen, segeln oder Sonnenbaden und kilometerlange Sandstr\u00e4nde, die zum Spazieren gehen einladen. Der s\u00fcdliche Teil der Insel hei\u00dft Jand\u00eca, mit ca. 16 km Sandstrand an der Ostk\u00fcste eine ideale Badegegend. Der Sand ist bl\u00fctenwei\u00df, die Hotelanlagen sind zwar pr\u00e4sent, aber nicht so schlimm wie bef\u00fcrchtet, der Tourismus boomt.<\/p>\n<h2>Doch was hat das alles mit M\u00fcll zu tun?<\/h2>\n<figure id=\"attachment_412\" aria-describedby=\"caption-attachment-412\" style=\"width: 185px\" class=\"wp-caption alignleft\"><a href=\"https:\/\/www.vcp.de\/pfadfinden\/wp-content\/uploads\/2014\/05\/anp1402_IMGP3197.jpg\"><img loading=\"lazy\" decoding=\"async\" class=\"wp-image-412\" title=\"Foto: Vera Steinberg\" src=\"https:\/\/www.vcp.de\/pfadfinden\/wp-content\/uploads\/2014\/05\/anp1402_IMGP3197-300x199.jpg\" alt=\"anp1402_IMGP3197\" width=\"185\" height=\"123\" srcset=\"https:\/\/vcp.de\/pfadfinden\/wp-content\/uploads\/2014\/05\/anp1402_IMGP3197-300x199.jpg 300w, https:\/\/vcp.de\/pfadfinden\/wp-content\/uploads\/2014\/05\/anp1402_IMGP3197.jpg 800w\" sizes=\"auto, (max-width: 185px) 100vw, 185px\" \/><\/a><figcaption id=\"caption-attachment-412\" class=\"wp-caption-text\">Foto: Vera Steinberg<\/figcaption><\/figure>\n<p>Nun, einen Tag unternahm ich eine l\u00e4ngere Wanderung an die Westseite des s\u00fcdlichen Fuerteventura. Am Strand angekommen, war ich ziemlich schockiert: in jeder Bucht lag M\u00fcll: Bojen, Plastikflaschen, T\u00fcten, kaputte St\u00fchle, einfach alles. \u201eWarum machen die Einheimischen und die Touristen das?\u201c fragte ich mich instinktiv. \u201eNur weil hier weniger Touris hinkommen, muss man nicht aufr\u00e4umen, oder was?\u201c Die Antwort war schnell gefunden: Niemand hatte hier bewusst M\u00fcll hingeschmissen, Dinge achtlos weggeworfen oder gar gezielt illegal entsorgt. Der M\u00fcll wurde angeschwemmt: von der starken Meeresstr\u00f6mung aus dem Atlantik, die hier mit voller Wucht auf die Westseite der Insel trifft. Da die Str\u00f6mung zu stark f\u00fcr gro\u00dfe Boote ist, und keine Stra\u00dfen sondern nur Wanderwege das Gebiet erschlossen haben, kann man den M\u00fcll auch nicht entsorgen. Versuche dazu gab es bereits.<\/p>\n<figure id=\"attachment_411\" aria-describedby=\"caption-attachment-411\" style=\"width: 185px\" class=\"wp-caption alignleft\"><a href=\"https:\/\/www.vcp.de\/pfadfinden\/wp-content\/uploads\/2014\/05\/anp1402_IMGP3194.jpg\"><img loading=\"lazy\" decoding=\"async\" class=\"wp-image-411\" title=\"Foto: Vera Steinberg\" src=\"https:\/\/www.vcp.de\/pfadfinden\/wp-content\/uploads\/2014\/05\/anp1402_IMGP3194-300x199.jpg\" alt=\"anp1402_IMGP3194\" width=\"185\" height=\"123\" srcset=\"https:\/\/vcp.de\/pfadfinden\/wp-content\/uploads\/2014\/05\/anp1402_IMGP3194-300x199.jpg 300w, https:\/\/vcp.de\/pfadfinden\/wp-content\/uploads\/2014\/05\/anp1402_IMGP3194.jpg 800w\" sizes=\"auto, (max-width: 185px) 100vw, 185px\" \/><\/a><figcaption id=\"caption-attachment-411\" class=\"wp-caption-text\">Foto: Vera Steinberg<\/figcaption><\/figure>\n<p>Besonders fatal: Plastik wird im Meer zu immer kleineren St\u00fcckchen gerieben und von Fischen mit Plankton verwechselt und gefressen. Die Fische verhungern dann mit vollem Bauch. Plastikt\u00fcten werden von Schildkr\u00f6ten mit Quallen verwechselt und gefressen. Dass es gro\u00dfe M\u00fcllstrudel in unseren Weltmeeren gibt, wusste ich vorher schon, aber die Wirkung so hautnah zu sehen, hat mich doch sehr schockiert. Laut dem WWF schwimmen in jedem Quadratkilometer der Erde zehntausende Teile Plastik. Dort, wo die Wellen aufh\u00f6ren, findet man doch am Meer normalerweise einfach einen Sandabdruck, oder vielleicht etwas Gischt. Nun, in meinem Fall habe ich eben diesen kleingeriebenen Plastik gefunden, der mittlerweile \u00fcberall im Meereskreislauf zu finden ist. Ziemlich desillusioniert machte ich mich auf den Heimweg: traurig, \u00fcber die Umweltverschmutzung, die wir Menschen verursachen, und geschockt \u00fcber meine eigene Machtlosigkeit.<\/p>\n<p>Weitere Infos zu den gro\u00dfen M\u00fcllstrudeln in den Weltmeeren gibt es unter<\/p>\n<ul>\n<li><a href=\"http:\/\/www.wwf.de\/themen-projekte\/meere-kuesten\/unsere-ozeane-versinken-im-plastikmuell\/\" target=\"_blank\">http:\/\/www.wwf.de\/themen-projekte\/meere-kuesten\/unsere-ozeane-versinken-im-plastikmuell\/<\/a><\/li>\n<li><a href=\"https:\/\/www.nabu.de\/themen\/meere\/plastik\/\" target=\"_blank\">https:\/\/www.nabu.de\/themen\/meere\/plastik\/<\/a><\/li>\n<\/ul>\n<p>http:\/\/youtu.be\/XBP2kiZwRVU<\/p>\n","protected":false},"excerpt":{"rendered":"<p>Von Vera Steinberg, Emmendingen Vor einiger Zeit war ich auf Fuerteventura zum Urlaub machen. Eine herrliche, karge Insel, viele Freizeitm\u00f6glichkeiten wie surfen, segeln oder Sonnenbaden und kilometerlange Sandstr\u00e4nde, die zum Spazieren gehen einladen. Der s\u00fcdliche Teil der Insel hei\u00dft Jand\u00eca, mit ca. 16 km Sandstrand an der Ostk\u00fcste eine ideale Badegegend. Der Sand ist bl\u00fctenwei\u00df, [&hellip;]<\/p>\n","protected":false},"author":52,"featured_media":411,"comment_status":"closed","ping_status":"open","sticky":false,"template":"","format":"standard","meta":{"_acf_changed":false,"inline_featured_image":false,"footnotes":""},"categories":[1],"tags":[],"class_list":["post-406","post","type-post","status-publish","format-standard","has-post-thumbnail","hentry","category-allgemein"],"acf":[],"_links":{"self":[{"href":"https:\/\/vcp.de\/pfadfinden\/wp-json\/wp\/v2\/posts\/406","targetHints":{"allow":["GET"]}}],"collection":[{"href":"https:\/\/vcp.de\/pfadfinden\/wp-json\/wp\/v2\/posts"}],"about":[{"href":"https:\/\/vcp.de\/pfadfinden\/wp-json\/wp\/v2\/types\/post"}],"author":[{"embeddable":true,"href":"https:\/\/vcp.de\/pfadfinden\/wp-json\/wp\/v2\/users\/52"}],"replies":[{"embeddable":true,"href":"https:\/\/vcp.de\/pfadfinden\/wp-json\/wp\/v2\/comments?post=406"}],"version-history":[{"count":0,"href":"https:\/\/vcp.de\/pfadfinden\/wp-json\/wp\/v2\/posts\/406\/revisions"}],"wp:featuredmedia":[{"embeddable":true,"href":"https:\/\/vcp.de\/pfadfinden\/wp-json\/wp\/v2\/media\/411"}],"wp:attachment":[{"href":"https:\/\/vcp.de\/pfadfinden\/wp-json\/wp\/v2\/media?parent=406"}],"wp:term":[{"taxonomy":"category","embeddable":true,"href":"https:\/\/vcp.de\/pfadfinden\/wp-json\/wp\/v2\/categories?post=406"},{"taxonomy":"post_tag","embeddable":true,"href":"https:\/\/vcp.de\/pfadfinden\/wp-json\/wp\/v2\/tags?post=406"}],"curies":[{"name":"wp","href":"https:\/\/api.w.org\/{rel}","templated":true}]}}