{"id":4059,"date":"2016-01-21T13:52:45","date_gmt":"2016-01-21T11:52:45","guid":{"rendered":"http:\/\/www.vcp.de\/pfadfinden\/?p=4059"},"modified":"2016-01-22T12:23:22","modified_gmt":"2016-01-22T10:23:22","slug":"zeit-dass-sich-etwas-aendert","status":"publish","type":"post","link":"https:\/\/vcp.de\/pfadfinden\/allgemein\/zeit-dass-sich-etwas-aendert\/","title":{"rendered":"Zeit, dass sich etwas \u00e4ndert"},"content":{"rendered":"<p>Am 31. Oktober 2015 feierte der Stamm \u201eMarkomannen\u201c Weiden im Rahmen der Auftaktveranstaltung zum Jubil\u00e4umsjahr 2017 den Reformationstag. In einem gemeinsamen Gottesdienst der Gemeinde und des Stammes in der Martin-Luther-Kirche Neustadt\/WN., der von Pfarrer Hans-Martin Meu\u00df geleitet wurde, erlebten die Pfadfinderinnen und Pfadfinder einen eindrucksvollen Abend.<\/p>\n<p>Die Ranger und Rover Gruppe hatte sich im Vorfeld intensiv mit dem Thema Reformation auseinander gesetzt und ein Anspiel f\u00fcr den Gottesdienst vorbereitet. In diesem versetzten sie die Besucherinnen und Besucher in vorreformatorische Zeit und begannen den Gottesdienst in lateinischer Sprache. So machten sie auf anschauliche Weise deutlich, dass es eine Errungenschaft der Reformation ist, dass wir Gottesdienste in unserer Sprache feiern d\u00fcrfen. In ihrem kleinen Theaterst\u00fcck wird weitere Kritik an Kirche und Gesellschaft des Mittelalters formuliert. Zun\u00e4chst wird die Kritik zur\u00fcck gewiesen, ja, niedergeschrien, aber die Stimmen derer, die den Status Quo erhalten wollen, werden leiser.<\/p>\n<p>Am Ende steht fest: \u201eZeit, dass sich etwas \u00e4ndert.\u201c<\/p>\n<p>Die Besucherinnen und Besucher des Gottesdienste erinnern und feiern aber nicht nur die Errungenschaften der Reformation, sondern werden auch selbst kreativ: Luther hat viele Kirchenlieder geschrieben, damit Christinnen und Christen in ihrer Sprache singen k\u00f6nnen. Aber ist es heute noch unsere Sprache? So wird in einem Workshop das Lied von Luther \u201eNun, freut euch liebe Christen g\u2019mein\u201c, von den Besucherinnen und Besuchern engagiert ins moderne Deutsch \u00fcbersetzt.<\/p>\n<p>Nach dem Gottesdienst war f\u00fcr das leibliche Wohl bestens gesorgt: es gab Chai und Stockbrot s\u00fc\u00df und salzig, von den Pfadfinderinnen und Pfadfindern auf der Weise vor der Martin-Luther-Kirche standesgem\u00e4\u00df unter einem nachtklaren Sternenhimmel am offenen Feuer bereitet. Eine rundum gelungene Veranstaltung, die eine erste Aktion auf dem Weg zum 500j\u00e4hrigen Jubil\u00e4um des Thesenanschlags von Wittenberg in zwei Jahren sein soll.<\/p>\n<p>Ihr hattet zum Auftakt in das VCP Reformationsjubil\u00e4um auch einen Gottesdienst oder eine andere Veranstaltung? Dann lasst es uns wissen und tragt euch auf unserer <a href=\"https:\/\/www.vcp.de\/pfadfinden\/500-frei-will-ich\/karte\/\">Karte<\/a> ein.<\/p>\n<p>&nbsp;<\/p>\n<p>&nbsp;<\/p>\n","protected":false},"excerpt":{"rendered":"<p>Am 31. Oktober 2015 feierte der Stamm \u201eMarkomannen\u201c Weiden im Rahmen der Auftaktveranstaltung zum Jubil\u00e4umsjahr 2017 den Reformationstag. In einem gemeinsamen Gottesdienst der Gemeinde und des Stammes in der Martin-Luther-Kirche Neustadt\/WN., der von Pfarrer Hans-Martin Meu\u00df geleitet wurde, erlebten die Pfadfinderinnen und Pfadfinder einen eindrucksvollen Abend. Die Ranger und Rover Gruppe hatte sich im Vorfeld [&hellip;]<\/p>\n","protected":false},"author":52,"featured_media":4061,"comment_status":"closed","ping_status":"open","sticky":false,"template":"","format":"standard","meta":{"_acf_changed":false,"inline_featured_image":false,"footnotes":""},"categories":[1,43],"tags":[],"class_list":["post-4059","post","type-post","status-publish","format-standard","has-post-thumbnail","hentry","category-allgemein","category-reformationsjubilaeum"],"acf":[],"_links":{"self":[{"href":"https:\/\/vcp.de\/pfadfinden\/wp-json\/wp\/v2\/posts\/4059","targetHints":{"allow":["GET"]}}],"collection":[{"href":"https:\/\/vcp.de\/pfadfinden\/wp-json\/wp\/v2\/posts"}],"about":[{"href":"https:\/\/vcp.de\/pfadfinden\/wp-json\/wp\/v2\/types\/post"}],"author":[{"embeddable":true,"href":"https:\/\/vcp.de\/pfadfinden\/wp-json\/wp\/v2\/users\/52"}],"replies":[{"embeddable":true,"href":"https:\/\/vcp.de\/pfadfinden\/wp-json\/wp\/v2\/comments?post=4059"}],"version-history":[{"count":0,"href":"https:\/\/vcp.de\/pfadfinden\/wp-json\/wp\/v2\/posts\/4059\/revisions"}],"wp:featuredmedia":[{"embeddable":true,"href":"https:\/\/vcp.de\/pfadfinden\/wp-json\/wp\/v2\/media\/4061"}],"wp:attachment":[{"href":"https:\/\/vcp.de\/pfadfinden\/wp-json\/wp\/v2\/media?parent=4059"}],"wp:term":[{"taxonomy":"category","embeddable":true,"href":"https:\/\/vcp.de\/pfadfinden\/wp-json\/wp\/v2\/categories?post=4059"},{"taxonomy":"post_tag","embeddable":true,"href":"https:\/\/vcp.de\/pfadfinden\/wp-json\/wp\/v2\/tags?post=4059"}],"curies":[{"name":"wp","href":"https:\/\/api.w.org\/{rel}","templated":true}]}}