{"id":40308,"date":"2025-12-16T14:58:09","date_gmt":"2025-12-16T13:58:09","guid":{"rendered":"https:\/\/vcp.de\/pfadfinden\/?p=40308"},"modified":"2025-12-16T14:58:10","modified_gmt":"2025-12-16T13:58:10","slug":"save-the-date-vernetzungstreffen-fuer-betroffene","status":"publish","type":"post","link":"https:\/\/vcp.de\/pfadfinden\/aufarbeitung\/save-the-date-vernetzungstreffen-fuer-betroffene\/","title":{"rendered":"Save the Date: Vernetzungstreffen f\u00fcr Betroffene"},"content":{"rendered":"\n<p>f\u00fcr Betroffene sexualisierter Gewalt im Pfadfinder*innenkontext am 21.02.2026, 11-16 Uhr in Frankfurt a.M. In einem gemeinsamen Treffen wird Raum geschaffen f\u00fcr die Begegnung von mittelbar und unmittelbar Betroffenen\/Erfahrenen von sexualisierter Gewalt im Pfadfinder*innenkontext. Es bietet die M\u00f6glichkeit, Informationen \u00fcber den aktuellen Stand von Aufarbeitungsprozessen in den B\u00fcnden zu bekommen, Fragen zu stellen, Impulse\/Themen f\u00fcr weitere Treffen beizutragen, sich mit anderen Betroffenen zu vernetzen oder einfach anwesend zu sein. Geleitet wird der Austausch durch eine externe und unabh\u00e4ngige Moderation von immedio. Es ist m\u00f6glich, am gesamten Treffen oder nur an einzelnen Teilen teilzunehmen. Aus den den drei B\u00fcnden wird jeweils ein*e Vertreter*in anwesend sein.<\/p>\n\n\n\n<p>Betroffene aus anderen Pfadfinderverb\u00e4nden sind dar\u00fcber hinaus auch herzlich eingeladen.<br><\/p>\n\n\n\n<p><\/p>\n\n\n\n<ul class=\"wp-block-list\">\n<li><strong>Gemeinsames digitales Vorbereitungstreffen:<\/strong><\/li>\n\n\n\n<li>19.01.2026 , 18.30 &#8211; 19.30 Uhr<\/li>\n<\/ul>\n\n\n\n<p><br>Bei R\u00fcckfragen, Anregungen oder Themenw\u00fcnschen <a href=\"mailto:louisa.kreuzheck@vcp.de\" data-type=\"mailto\" data-id=\"mailto:louisa.kreuzheck@vcp.de\">meldet euch gerne jederzeit! <\/a><br><\/p>\n\n\n\n<p><\/p>\n\n\n\n<p><\/p>\n\n\n\n<p><\/p>\n","protected":false},"excerpt":{"rendered":"<p>f\u00fcr Betroffene sexualisierter Gewalt im Pfadfinder*innenkontext am 21.02.2026, 11-16 Uhr in Frankfurt a.M. In einem gemeinsamen Treffen wird Raum geschaffen f\u00fcr die Begegnung von mittelbar und unmittelbar Betroffenen\/Erfahrenen von sexualisierter Gewalt im Pfadfinder*innenkontext. Es bietet die M\u00f6glichkeit, Informationen \u00fcber den aktuellen Stand von Aufarbeitungsprozessen in den B\u00fcnden zu bekommen, Fragen zu stellen, Impulse\/Themen f\u00fcr weitere [&hellip;]<\/p>\n","protected":false},"author":60,"featured_media":40309,"comment_status":"closed","ping_status":"open","sticky":false,"template":"","format":"standard","meta":{"_acf_changed":false,"inline_featured_image":false,"footnotes":""},"categories":[520],"tags":[],"class_list":["post-40308","post","type-post","status-publish","format-standard","has-post-thumbnail","hentry","category-aufarbeitung"],"acf":[],"_links":{"self":[{"href":"https:\/\/vcp.de\/pfadfinden\/wp-json\/wp\/v2\/posts\/40308","targetHints":{"allow":["GET"]}}],"collection":[{"href":"https:\/\/vcp.de\/pfadfinden\/wp-json\/wp\/v2\/posts"}],"about":[{"href":"https:\/\/vcp.de\/pfadfinden\/wp-json\/wp\/v2\/types\/post"}],"author":[{"embeddable":true,"href":"https:\/\/vcp.de\/pfadfinden\/wp-json\/wp\/v2\/users\/60"}],"replies":[{"embeddable":true,"href":"https:\/\/vcp.de\/pfadfinden\/wp-json\/wp\/v2\/comments?post=40308"}],"version-history":[{"count":2,"href":"https:\/\/vcp.de\/pfadfinden\/wp-json\/wp\/v2\/posts\/40308\/revisions"}],"predecessor-version":[{"id":40311,"href":"https:\/\/vcp.de\/pfadfinden\/wp-json\/wp\/v2\/posts\/40308\/revisions\/40311"}],"wp:featuredmedia":[{"embeddable":true,"href":"https:\/\/vcp.de\/pfadfinden\/wp-json\/wp\/v2\/media\/40309"}],"wp:attachment":[{"href":"https:\/\/vcp.de\/pfadfinden\/wp-json\/wp\/v2\/media?parent=40308"}],"wp:term":[{"taxonomy":"category","embeddable":true,"href":"https:\/\/vcp.de\/pfadfinden\/wp-json\/wp\/v2\/categories?post=40308"},{"taxonomy":"post_tag","embeddable":true,"href":"https:\/\/vcp.de\/pfadfinden\/wp-json\/wp\/v2\/tags?post=40308"}],"curies":[{"name":"wp","href":"https:\/\/api.w.org\/{rel}","templated":true}]}}