{"id":3974,"date":"2015-12-14T17:38:41","date_gmt":"2015-12-14T15:38:41","guid":{"rendered":"http:\/\/www.vcp.de\/pfadfinden\/?p=3974"},"modified":"2015-12-17T11:23:41","modified_gmt":"2015-12-17T09:23:41","slug":"6-european-scout-symposium-in-skopje","status":"publish","type":"post","link":"https:\/\/vcp.de\/pfadfinden\/internationales\/6-european-scout-symposium-in-skopje\/","title":{"rendered":"6. European Scout Symposium in Skopje"},"content":{"rendered":"<p><img loading=\"lazy\" decoding=\"async\" class=\"aligncenter size-medium wp-image-3975\" src=\"https:\/\/www.vcp.de\/pfadfinden\/wp-content\/uploads\/2015\/12\/ScoutSymposium-300x200.jpg\" alt=\"ScoutSymposium\" width=\"300\" height=\"200\" srcset=\"https:\/\/vcp.de\/pfadfinden\/wp-content\/uploads\/2015\/12\/ScoutSymposium-300x200.jpg 300w, https:\/\/vcp.de\/pfadfinden\/wp-content\/uploads\/2015\/12\/ScoutSymposium.jpg 960w\" sizes=\"auto, (max-width: 300px) 100vw, 300px\" \/><\/p>\n<p>Am Wochenende vom 4. \u2013 6. Dezember trafen sich mehr als 110 Repr\u00e4sentanten der europ\u00e4ischen Pfadfinderinnen- und Pfadfinderverb\u00e4nde in der mazedonischen Hauptstadt. Die Teilnehmerinnen und Teilnehmer haben an drei Tagen miteinander diskutiert, reflektiert, geplant und priorisiert. Am Ende stand eine Liste mit Schwerpunkten f\u00fcr den n\u00e4chsten Dreijahresplan der Europaregion (Regional Scout Plan 2016\u20132018). Dieser Plan wird nun vom Europakomitee erstellt und steht im Sommer auf der Europakonferenz in Norwegen zu Abstimmung.<\/p>\n<p>In Norwegen wird auch das neue Europakomitee gew\u00e4hlt. In Skopje bestand die erste M\u00f6glichkeit die Kandidatinnen und Kandidaten kennenzulernen und zu befragen. Die deutschen Vertreter nutzen aber auch die Gelegenheit Lars (DPSG), den Kandidaten des Ringes, bekannt zu machen und stellten sie selbst den Fragen der Teilnehmerinnen und Teilnehmern.<\/p>\n<p>Die Berichterstattung zum Symposium gibt es auch bei <a href=\"http:\/\/euroscoutinfo.com\/2015\/12\/04\/live-streaming-from-the-scout-symposium\/\" target=\"_blank\">Euroscoutinfo<\/a> nachzulesen<\/p>\n<p>Bis zur Konferenz wird nun weitergearbeitet. Wir halten Euch auf dem Laufenden.<\/p>\n","protected":false},"excerpt":{"rendered":"<p>Am Wochenende vom 4. \u2013 6. Dezember trafen sich mehr als 110 Repr\u00e4sentanten der europ\u00e4ischen Pfadfinderinnen- und Pfadfinderverb\u00e4nde in der mazedonischen Hauptstadt. Die Teilnehmerinnen und Teilnehmer haben an drei Tagen miteinander diskutiert, reflektiert, geplant und priorisiert. Am Ende stand eine Liste mit Schwerpunkten f\u00fcr den n\u00e4chsten Dreijahresplan der Europaregion (Regional Scout Plan 2016\u20132018). Dieser Plan [&hellip;]<\/p>\n","protected":false},"author":20,"featured_media":3975,"comment_status":"closed","ping_status":"open","sticky":false,"template":"","format":"standard","meta":{"_acf_changed":false,"inline_featured_image":false,"footnotes":""},"categories":[14],"tags":[],"class_list":["post-3974","post","type-post","status-publish","format-standard","has-post-thumbnail","hentry","category-internationales"],"acf":[],"_links":{"self":[{"href":"https:\/\/vcp.de\/pfadfinden\/wp-json\/wp\/v2\/posts\/3974","targetHints":{"allow":["GET"]}}],"collection":[{"href":"https:\/\/vcp.de\/pfadfinden\/wp-json\/wp\/v2\/posts"}],"about":[{"href":"https:\/\/vcp.de\/pfadfinden\/wp-json\/wp\/v2\/types\/post"}],"author":[{"embeddable":true,"href":"https:\/\/vcp.de\/pfadfinden\/wp-json\/wp\/v2\/users\/20"}],"replies":[{"embeddable":true,"href":"https:\/\/vcp.de\/pfadfinden\/wp-json\/wp\/v2\/comments?post=3974"}],"version-history":[{"count":0,"href":"https:\/\/vcp.de\/pfadfinden\/wp-json\/wp\/v2\/posts\/3974\/revisions"}],"wp:featuredmedia":[{"embeddable":true,"href":"https:\/\/vcp.de\/pfadfinden\/wp-json\/wp\/v2\/media\/3975"}],"wp:attachment":[{"href":"https:\/\/vcp.de\/pfadfinden\/wp-json\/wp\/v2\/media?parent=3974"}],"wp:term":[{"taxonomy":"category","embeddable":true,"href":"https:\/\/vcp.de\/pfadfinden\/wp-json\/wp\/v2\/categories?post=3974"},{"taxonomy":"post_tag","embeddable":true,"href":"https:\/\/vcp.de\/pfadfinden\/wp-json\/wp\/v2\/tags?post=3974"}],"curies":[{"name":"wp","href":"https:\/\/api.w.org\/{rel}","templated":true}]}}