{"id":38642,"date":"2025-04-04T14:10:36","date_gmt":"2025-04-04T12:10:36","guid":{"rendered":"https:\/\/vcp.de\/pfadfinden\/?p=38642"},"modified":"2025-04-04T14:12:49","modified_gmt":"2025-04-04T12:12:49","slug":"take-me-to-church-oder-lieber-nicht","status":"publish","type":"post","link":"https:\/\/vcp.de\/pfadfinden\/auf-neuem-pfad\/take-me-to-church-oder-lieber-nicht\/","title":{"rendered":"\u201eTake me to church!\u201c \u2013oder lieber nicht?"},"content":{"rendered":"\n<p><strong>Christliche Identit\u00e4t ist im Wandel. Und auch der VCP muss sich immer wieder die Frage nach seinem \u201eC\u201c stellen. Oft machen wir uns das zu einfach.<\/strong><\/p>\n\n\n\n<p>Der Verband umkreist die Frage nach seinen christlichen Werten beinahe ritualisiert, sobald sie zur Sprache kommt. Oft sind wir uns nicht mehr sicher, was wir mit dem \u201eC\u201c im VCP eigentlich meinen. Damit meine ich nicht, dass kein Mensch etwas dazu sagt. Eher das Gegenteil ist der Fall: Fast alle haben eine Meinung zum \u201eC\u201c! <\/p>\n\n\n\n<hr class=\"wp-block-separator has-alpha-channel-opacity\" \/>\n\n\n\n<div class=\"wp-block-group is-layout-constrained wp-block-group-is-layout-constrained\">\n<div class=\"wp-block-group has-vcp-blue-color has-text-color has-link-color wp-elements-f14f0f3ff16c52da583154b47882efa7 is-layout-constrained wp-block-group-is-layout-constrained\">\n<div class=\"wp-block-group is-layout-constrained wp-block-group-is-layout-constrained\">\n<div class=\"wp-block-group has-vcp-defaulttext-color has-text-color has-link-color wp-elements-94bb2c96e4e2fd98422f457511e2cede is-layout-constrained wp-block-group-is-layout-constrained\">\n<div class=\"wp-block-group is-layout-grid wp-container-core-group-is-layout-9649a0d9 wp-block-group-is-layout-grid\">\n<p class=\"has-text-align-center\"><em>\u201eIst ganz nett.\u201c <\/em><\/p>\n\n\n\n<p class=\"has-text-align-center\"><em>\u201eGibt mir Orientierung.\u201c <\/em><\/p>\n\n\n\n<p class=\"has-text-align-center wp-container-content-69bc4bdf\"><em>\u201eIst Kern meines Pfadfinder*innen-seins.\u201c<\/em><\/p>\n\n\n\n<p class=\"has-text-align-center\"><em>\u201eWar einfach schon da.\u201c <\/em><\/p>\n\n\n\n<p class=\"has-text-align-center\"><em>\u201eHat mich zum Glauben gebracht.\u201c <\/em><\/p>\n\n\n\n<p class=\"has-text-align-center\"><em>\u201eIch finde die christliche Werte eigentlich ganz gut.\u201c <\/em><\/p>\n\n\n\n<p class=\"has-text-align-center wp-container-content-69bc4bdf\"><em>\u201eDas \u201eC\u201c ist schon ok, aber ich finde gut, dass wir auch f\u00fcr andere Religionen offen sind.\u201c <\/em><\/p>\n\n\n\n<p class=\"has-text-align-center\"><em>\u201eIch bleib immer bei der Andacht im Lager und r\u00e4um schon mal auf.&#8220;<\/em><\/p>\n\n\n\n<p class=\"has-text-align-center\"><em>\u201eAber w\u00e4ren wir nicht noch offener, wenn wir das \u201eC\u201c nicht mehr so pr\u00e4sent aufzeigen?\u201c<\/em><\/p>\n\n\n\n<p class=\"has-text-align-center\"><em>\u201eDas \u201eC\u201c bildet in vielen Bereichen nicht mehr den Grundton, sondern es schwingt mit.&#8220;<\/em><\/p>\n<\/div>\n<\/div>\n<\/div>\n<\/div>\n<\/div>\n\n\n\n<hr class=\"wp-block-separator has-alpha-channel-opacity\" \/>\n\n\n\n<p><\/p>\n\n\n\n<p><strong>Fr\u00fcher: Ein Bibelspruch zu jeder Gruppenstunde <\/strong><\/p>\n\n\n\n<p>Vor \u00fcber 100 Jahren hat die Christliche Pfadfinderschaft (CP) 1921 in Neudiethendorf ihre Grunds\u00e4tze beschlossen, welche mittelbar auch noch auf uns als Nachfolgerverband wirken. Hier hei\u00dft es: \u201eWir wollen mit allen Kr\u00e4ften danach streben, Christen der Tat zu werden, an Gott gebunden, dem n\u00e4chsten zum Dienst. Wir wollen Gottes Willen aus der Bibel kennenlernen und alles treulich benutzen, was uns in dieser Erkenntnis f\u00f6rdern kann.\u201c Wer die Bilder von damals anschaut und die alten F\u00fchrerhefte der CP liest, kann ein Gef\u00fchl daf\u00fcr bekommen, wie zu dieser Zeit das \u201eC\u201c verstanden wurde. Ein Bibelspruch zu jeder Gruppenstunde, Morgen- und Abendgebet auf dem Lager und nicht zuletzt das Singen der alten christlichen Kampflieder. <\/p>\n\n\n\n<p><\/p>\n\n\n\n<div class=\"wp-block-columns is-layout-flex wp-container-core-columns-is-layout-9d6595d7 wp-block-columns-is-layout-flex\">\n<div class=\"wp-block-column is-layout-flow wp-block-column-is-layout-flow\">\n<p><strong>Und heute: Vom starren Grundpfeiler zum Wegweiser <\/strong><\/p>\n\n\n\n<p>Der VCP hat sich 1973 mit \u201eAufgabe und Ziel\u201c ein Grundsatzdokument gegeben, in dem er beschreibt, was Grundlage seiner Arbeit ist. Dabei bezieht er sich auch auf das \u201eC\u201c: \u201eDas Evangelium von Jesus Christus ist Orientierungshilfe f\u00fcr die Einzelnen und die Arbeit im Verband. St\u00e4ndige Auseinandersetzung mit der christlichen Botschaft hilft, die Praxis des Verbandes stets neu zu befragen. Das erm\u00f6glicht die Hinwendung zu den N\u00e4chsten und die \u00dcberwindung von ungerechtfertigten Abh\u00e4ngigkeiten, Schuldgef\u00fchlen, Gruppenzwang und Angst.\u201c Seit 1973 beschreiben wir das \u201eC\u201c im VCP so. Es hat sich von einem starren Grundpfeiler zu einem flexibleren Wegweiser f\u00fcr das Miteinander gewandelt. <\/p>\n\n\n\n<p><\/p>\n<\/div>\n\n\n\n<div class=\"wp-block-column is-layout-flow wp-block-column-is-layout-flow\"><!-- TEST -->\n<figure class=\"wp-block-image size-large is-resized\"><a href=\"https:\/\/vcp.de\/pfadfinden\/wp-content\/uploads\/2025\/04\/20230609_145216_Kai-Bendig-scaled.jpg\"><img loading=\"lazy\" decoding=\"async\" width=\"1920\" height=\"2560\" src=\"https:\/\/vcp.de\/pfadfinden\/wp-content\/uploads\/2025\/04\/20230609_145216_Kai-Bendig-edited-scaled.jpg\" alt=\"\" class=\"wp-image-38658\" style=\"width:417px;height:auto\" srcset=\"https:\/\/vcp.de\/pfadfinden\/wp-content\/uploads\/2025\/04\/20230609_145216_Kai-Bendig-edited-scaled.jpg 1920w, https:\/\/vcp.de\/pfadfinden\/wp-content\/uploads\/2025\/04\/20230609_145216_Kai-Bendig-edited-225x300.jpg 225w, https:\/\/vcp.de\/pfadfinden\/wp-content\/uploads\/2025\/04\/20230609_145216_Kai-Bendig-edited-768x1024.jpg 768w, https:\/\/vcp.de\/pfadfinden\/wp-content\/uploads\/2025\/04\/20230609_145216_Kai-Bendig-edited-1152x1536.jpg 1152w, https:\/\/vcp.de\/pfadfinden\/wp-content\/uploads\/2025\/04\/20230609_145216_Kai-Bendig-edited-1536x2048.jpg 1536w, https:\/\/vcp.de\/pfadfinden\/wp-content\/uploads\/2025\/04\/20230609_145216_Kai-Bendig-edited-750x1000.jpg 750w\" sizes=\"auto, (max-width: 1920px) 100vw, 1920px\" \/><\/a><figcaption class=\"wp-element-caption\">Peter \u201eflip\u201c Keil hielt 2023 die Festrede des Bundesvorstands zum \n50 j\u00e4hrigen Jubil\u00e4um des VCP auf dem Kirchentag in N\u00fcrnberg.\n<\/figcaption><\/figure>\n<\/div>\n<\/div>\n\n\n\n<p><strong>Jede Generation muss ihre Wahrheit selbst erringen <\/strong><\/p>\n\n\n\n<p>Auch der Verband hat sich seitdem weiterentwickelt. Einige \u00c4ltere beklagen den Verlust ihrer christlichen Rituale, wohingegen junge Pfadis sich im klassischen Korsett immer weniger zu Hause f\u00fchlen. Und damit beschreibe ich die klassische Pfadi-Situation: Jede Generation muss ihre Wahrheit selbst erringen. Die Pfadfindung \u2013 unser beschlossener Verbandsentwicklungsprozess \u2013 stellt den christlichen Glauben als eine der zentralen S\u00e4ulen f\u00fcr den VCP im Jahre 2026 dar. Diese S\u00e4ule zu fassen ist jedoch nicht leicht, denn die St\u00e4rke unseres Verbandes ist es ja gerade, Vielfalt zu leben! Da gibt es auf dem Bundeslager dann White Metal-Swag neben dem Gebet in der Morgenrunde. Die einen singen neue, fromme Pop-Lieder, die anderen aus dem evangelischen Gesangbuch. Und der Bock liegt dann irgendwo dazwischen. <\/p>\n\n\n\n<p><strong>Das \u201eC\u201c ist nicht verloren oder wertlos \u2013 wir leben es! <\/strong><\/p>\n\n\n\n<p>Pfadfinder*in im VCP sein hei\u00dft auch, sich zu fragen: Wo komme ich her? Wo gehe ich hin? Und diese Lebensfragen stellen sich bei uns eben nicht auf der Kirchenbank, sondern am Lagerfeuer. So lernen junge Menschen, selbst bestimmt ihre Antwort auf ihre Fragen des Lebens zu finden. Auch wenn der Verband im scharfen Wind der Weltlage nach Haltungen zu Moral, Verantwortung und Demokratie ringt, ist unser christlicher Glaube eine feste St\u00fctze. Der VCP ist ein aktiver Teil der Zivilgesellschaft , weil es als Pfadfinder*in und Christ*in geboten ist, Haltung zu zeigen! Das \u201eC\u201c ist also mitnichten verloren oder wertlos. Wir leben es an vielen Ecken und Enden des Verbandes heute ganz selbstverst\u00e4ndlich. Aber eben nicht sonntags um 10 Uhr mit Glockengel\u00e4ut. Ich w\u00fcnsche mir, dass der VCP in den n\u00e4chsten Jahren unaufgeregter mit seinem \u201eC\u201c umgeht und es schafft , seine \u201eC-Identit\u00e4t\u201c zeitgem\u00e4\u00df zu beschreiben.<\/p>\n\n\n\n<p> <\/p>\n","protected":false},"excerpt":{"rendered":"<p>Christliche Identit\u00e4t ist im Wandel. Und auch der VCP muss sich immer wieder die Frage nach seinem \u201eC\u201c stellen. Oft machen wir uns das zu einfach. Der Verband umkreist die Frage nach seinen christlichen Werten beinahe ritualisiert, sobald sie zur Sprache kommt. Oft sind wir uns nicht mehr sicher, was wir mit dem \u201eC\u201c im [&hellip;]<\/p>\n","protected":false},"author":93,"featured_media":38655,"comment_status":"closed","ping_status":"open","sticky":false,"template":"","format":"standard","meta":{"_acf_changed":false,"inline_featured_image":false,"footnotes":""},"categories":[419],"tags":[],"class_list":["post-38642","post","type-post","status-publish","format-standard","has-post-thumbnail","hentry","category-auf-neuem-pfad"],"acf":[],"_links":{"self":[{"href":"https:\/\/vcp.de\/pfadfinden\/wp-json\/wp\/v2\/posts\/38642","targetHints":{"allow":["GET"]}}],"collection":[{"href":"https:\/\/vcp.de\/pfadfinden\/wp-json\/wp\/v2\/posts"}],"about":[{"href":"https:\/\/vcp.de\/pfadfinden\/wp-json\/wp\/v2\/types\/post"}],"author":[{"embeddable":true,"href":"https:\/\/vcp.de\/pfadfinden\/wp-json\/wp\/v2\/users\/93"}],"replies":[{"embeddable":true,"href":"https:\/\/vcp.de\/pfadfinden\/wp-json\/wp\/v2\/comments?post=38642"}],"version-history":[{"count":14,"href":"https:\/\/vcp.de\/pfadfinden\/wp-json\/wp\/v2\/posts\/38642\/revisions"}],"predecessor-version":[{"id":38659,"href":"https:\/\/vcp.de\/pfadfinden\/wp-json\/wp\/v2\/posts\/38642\/revisions\/38659"}],"wp:featuredmedia":[{"embeddable":true,"href":"https:\/\/vcp.de\/pfadfinden\/wp-json\/wp\/v2\/media\/38655"}],"wp:attachment":[{"href":"https:\/\/vcp.de\/pfadfinden\/wp-json\/wp\/v2\/media?parent=38642"}],"wp:term":[{"taxonomy":"category","embeddable":true,"href":"https:\/\/vcp.de\/pfadfinden\/wp-json\/wp\/v2\/categories?post=38642"},{"taxonomy":"post_tag","embeddable":true,"href":"https:\/\/vcp.de\/pfadfinden\/wp-json\/wp\/v2\/tags?post=38642"}],"curies":[{"name":"wp","href":"https:\/\/api.w.org\/{rel}","templated":true}]}}