{"id":38406,"date":"2025-03-06T12:52:01","date_gmt":"2025-03-06T11:52:01","guid":{"rendered":"https:\/\/www.vcp.de\/pfadfinden\/?p=38406"},"modified":"2025-03-06T12:52:02","modified_gmt":"2025-03-06T11:52:02","slug":"neues-regal-im-vcp-bundesarchiv","status":"publish","type":"post","link":"https:\/\/vcp.de\/pfadfinden\/allgemein\/neues-regal-im-vcp-bundesarchiv\/","title":{"rendered":"Neues Regal im VCP-Bundesarchiv"},"content":{"rendered":"\n<p>Endlich haben wir unser Textilregal erweitern k\u00f6nnen. Maiken und ich haben die Regalerweiterung letzte Woche im Archivbunker aufgebaut. Im Bild sind es die drei linken Abteile des Regals. Da das Regal ein Steckregal ist, ging der Aufbau recht flott, auch wenn wir das schon vorhandene Regal vorher leer r\u00e4umen mussten, um es etwas zu verr\u00fccken. Das betraf also die Abteilungen rechts im Bild mit den vielen Kluften, Juschas und anderen Trachtenteilen von VCP, BCP, CPD und EMP sowie den Kluften und Shirts, die wir als Dauereihgabe des VDAPG bei uns aufheben. Aber auch das ging eigentlich recht schnell.<\/p>\n\n\n\n<p>Den Inhalt einiger Zwischenlagerungskisten haben wir auch schon ins neue Regal ger\u00e4umt. Links in den flachen Schachteln liegen Wimpel, T\u00fccher und Taschen, in den h\u00f6heren Schachteln Kappen, H\u00fcte und Rucks\u00e4cke. Bei den Kleidungsst\u00fccken heben wir \u00fcbrigens nur solche mit einem VCP-Bezug auf &#8211; mit Ausnahme von Klufthemden und Halst\u00fcchern, die wir auch von anderen Pfadiverb\u00e4nden weltweit sammeln.<\/p>\n\n\n\n<p>Weitere Regale sind \u00fcbrigens schon in Planung.<\/p>\n","protected":false},"excerpt":{"rendered":"<p>Endlich haben wir unser Textilregal erweitern k\u00f6nnen. Maiken und ich haben die Regalerweiterung letzte Woche im Archivbunker aufgebaut. Im Bild sind es die drei linken Abteile des Regals. Da das Regal ein Steckregal ist, ging der Aufbau recht flott, auch wenn wir das schon vorhandene Regal vorher leer r\u00e4umen mussten, um es etwas zu verr\u00fccken. [&hellip;]<\/p>\n","protected":false},"author":85,"featured_media":38407,"comment_status":"closed","ping_status":"open","sticky":false,"template":"","format":"standard","meta":{"_acf_changed":false,"inline_featured_image":false,"footnotes":""},"categories":[1,23],"tags":[],"class_list":["post-38406","post","type-post","status-publish","format-standard","has-post-thumbnail","hentry","category-allgemein","category-vcp-bundesarchiv"],"acf":[],"_links":{"self":[{"href":"https:\/\/vcp.de\/pfadfinden\/wp-json\/wp\/v2\/posts\/38406","targetHints":{"allow":["GET"]}}],"collection":[{"href":"https:\/\/vcp.de\/pfadfinden\/wp-json\/wp\/v2\/posts"}],"about":[{"href":"https:\/\/vcp.de\/pfadfinden\/wp-json\/wp\/v2\/types\/post"}],"author":[{"embeddable":true,"href":"https:\/\/vcp.de\/pfadfinden\/wp-json\/wp\/v2\/users\/85"}],"replies":[{"embeddable":true,"href":"https:\/\/vcp.de\/pfadfinden\/wp-json\/wp\/v2\/comments?post=38406"}],"version-history":[{"count":21,"href":"https:\/\/vcp.de\/pfadfinden\/wp-json\/wp\/v2\/posts\/38406\/revisions"}],"predecessor-version":[{"id":38436,"href":"https:\/\/vcp.de\/pfadfinden\/wp-json\/wp\/v2\/posts\/38406\/revisions\/38436"}],"wp:featuredmedia":[{"embeddable":true,"href":"https:\/\/vcp.de\/pfadfinden\/wp-json\/wp\/v2\/media\/38407"}],"wp:attachment":[{"href":"https:\/\/vcp.de\/pfadfinden\/wp-json\/wp\/v2\/media?parent=38406"}],"wp:term":[{"taxonomy":"category","embeddable":true,"href":"https:\/\/vcp.de\/pfadfinden\/wp-json\/wp\/v2\/categories?post=38406"},{"taxonomy":"post_tag","embeddable":true,"href":"https:\/\/vcp.de\/pfadfinden\/wp-json\/wp\/v2\/tags?post=38406"}],"curies":[{"name":"wp","href":"https:\/\/api.w.org\/{rel}","templated":true}]}}