{"id":38082,"date":"2025-01-16T13:15:44","date_gmt":"2025-01-16T12:15:44","guid":{"rendered":"https:\/\/www.vcp.de\/pfadfinden\/?p=38082"},"modified":"2025-01-21T11:12:11","modified_gmt":"2025-01-21T10:12:11","slug":"habt-ihr-2024-schon-aufgeraeumt","status":"publish","type":"post","link":"https:\/\/vcp.de\/pfadfinden\/allgemein\/habt-ihr-2024-schon-aufgeraeumt\/","title":{"rendered":"Habt ihr 2024 schon aufger\u00e4umt?"},"content":{"rendered":"\n<p>Zun\u00e4chst einmal ein versp\u00e4tetes gutes neues Jahr euch allen! Eine Sache, die ich privat zum Jahresanfang immer mache ist, Sachen aus dem vergangenen Jahr aufzur\u00e4umen. Das betrifft haupts\u00e4chlich Rechnungen und Quittungen, aber auch andere Dinge, die ich im neuen Jahr nicht mehr brauche. Man b\u00f6llert ja auch an Silvester um Mitternacht, um b\u00f6se Geister davor abzuschrecken, ins neue Jahr zu kommen. So \u00e4hnlich stelle ich mir das auch mit meinen alten Unterlagen vor. Das neue Jahr soll frisch und in Teilen &#8222;leer&#8220; beginnen.<\/p>\n\n\n\n<p>F\u00fcrs Archiv ist das eine Gelegenheit euch daran zu erinnern, ob ihr vielleicht bei eurer Pfadi-Arbeit aufger\u00e4umt habt und Projekte, Fahrten oder Lager abgeschlossen habt. Wenn ihr dann daraus Unterlagen und anderes habt, was ihr gerne abgeben k\u00f6nnt, dann schickt uns das doch ans Archiv in die Bundeszentrale! Mitarbeitende auf Bundesebene sind \u00fcbrigens verpflichtet, nicht mehr ben\u00f6tigte Unterlagen ans Archiv abzugeben. Und auch schriftliche Woodbadge-Arbeiten sollen im Archiv aufgehoben werden. Wenn ihr nur Digitales habt, dann gerne per Mail an archiv@vcp.de oder auf CD-ROM, USB-Stick, Cloud-Link,&#8230;.<\/p>\n\n\n\n<p>Habt eine prima Zeit dieses Jahr!<\/p>\n","protected":false},"excerpt":{"rendered":"<p>Zun\u00e4chst einmal ein versp\u00e4tetes gutes neues Jahr euch allen! Eine Sache, die ich privat zum Jahresanfang immer mache ist, Sachen aus dem vergangenen Jahr aufzur\u00e4umen. Das betrifft haupts\u00e4chlich Rechnungen und Quittungen, aber auch andere Dinge, die ich im neuen Jahr nicht mehr brauche. Man b\u00f6llert ja auch an Silvester um Mitternacht, um b\u00f6se Geister davor [&hellip;]<\/p>\n","protected":false},"author":85,"featured_media":38083,"comment_status":"closed","ping_status":"open","sticky":false,"template":"","format":"standard","meta":{"_acf_changed":false,"inline_featured_image":false,"footnotes":""},"categories":[1,23],"tags":[],"class_list":["post-38082","post","type-post","status-publish","format-standard","has-post-thumbnail","hentry","category-allgemein","category-vcp-bundesarchiv"],"acf":[],"_links":{"self":[{"href":"https:\/\/vcp.de\/pfadfinden\/wp-json\/wp\/v2\/posts\/38082","targetHints":{"allow":["GET"]}}],"collection":[{"href":"https:\/\/vcp.de\/pfadfinden\/wp-json\/wp\/v2\/posts"}],"about":[{"href":"https:\/\/vcp.de\/pfadfinden\/wp-json\/wp\/v2\/types\/post"}],"author":[{"embeddable":true,"href":"https:\/\/vcp.de\/pfadfinden\/wp-json\/wp\/v2\/users\/85"}],"replies":[{"embeddable":true,"href":"https:\/\/vcp.de\/pfadfinden\/wp-json\/wp\/v2\/comments?post=38082"}],"version-history":[{"count":8,"href":"https:\/\/vcp.de\/pfadfinden\/wp-json\/wp\/v2\/posts\/38082\/revisions"}],"predecessor-version":[{"id":38102,"href":"https:\/\/vcp.de\/pfadfinden\/wp-json\/wp\/v2\/posts\/38082\/revisions\/38102"}],"wp:featuredmedia":[{"embeddable":true,"href":"https:\/\/vcp.de\/pfadfinden\/wp-json\/wp\/v2\/media\/38083"}],"wp:attachment":[{"href":"https:\/\/vcp.de\/pfadfinden\/wp-json\/wp\/v2\/media?parent=38082"}],"wp:term":[{"taxonomy":"category","embeddable":true,"href":"https:\/\/vcp.de\/pfadfinden\/wp-json\/wp\/v2\/categories?post=38082"},{"taxonomy":"post_tag","embeddable":true,"href":"https:\/\/vcp.de\/pfadfinden\/wp-json\/wp\/v2\/tags?post=38082"}],"curies":[{"name":"wp","href":"https:\/\/api.w.org\/{rel}","templated":true}]}}