{"id":37793,"date":"2024-12-17T11:25:14","date_gmt":"2024-12-17T10:25:14","guid":{"rendered":"https:\/\/www.vcp.de\/pfadfinden\/?p=37793"},"modified":"2024-12-17T11:25:15","modified_gmt":"2024-12-17T10:25:15","slug":"vernetzungstreffen-betroffene-sexualisierter-gewalt","status":"publish","type":"post","link":"https:\/\/vcp.de\/pfadfinden\/aufarbeitung\/vernetzungstreffen-betroffene-sexualisierter-gewalt\/","title":{"rendered":"Save the date: Vernetzungstreffen f\u00fcr Betroffene sexualisierter Gewalt am 22.02.2025 in Frankfurt a. M."},"content":{"rendered":"\n<p>In einem gemeinsamen Treffen wird Raum geschaffen f\u00fcr die Begegnung von mittelbar und unmittelbar Betroffenen\/Erfahrenen von sexualisierter Gewalt im Pfadfinder*innenkontext. Au\u00dferdem soll es einen Input\/Diskussion zu Themen wie z.B. Gedenken, Erfahrungsaustausch, Konflikte unter Betroffenen oder auch dem poltitischen Prozessrahmen geben. Geleitet wird der Austausch durch eine externe und unabh\u00e4ngige Moderation von immedio.<\/p>\n\n\n\n<div class=\"wp-block-buttons is-layout-flex wp-block-buttons-is-layout-flex\">\n<div class=\"wp-block-button is-style-vcp-red\"><a class=\"wp-block-button__link wp-element-button\" href=\"https:\/\/forms.office.com\/e\/vKcTFuengf\">zur Anmeldung<\/a><\/div>\n<\/div>\n\n\n\n<p><\/p>\n\n\n\n<p><strong>R\u00fcck(-Fragen)?!<\/strong><\/p>\n\n\n\n<p>Bei R\u00fcckfragen, Anregungen oder Themenw\u00fcnschen meldet euch gerne jederzeit! Veranstaltungsort sind Hoffmanns H\u00f6fe in der Heinrich-Hoffmann Stra\u00dfe 3, 60528 Frankfurt. Betroffene aus anderen Pfadfinderverb\u00e4nden sind dar\u00fcber hinaus auch herzlich eingeladen. Die Reisekosten \u00fcbernehmen die zust\u00e4ndigen Verb\u00e4nde.<\/p>\n\n\n\n<p>Ein Austausch mit den Vertreter*innen der Bundesverb\u00e4nde ist, wenn gew\u00fcnscht, m\u00f6glich.<\/p>\n\n\n\n<p><strong>Kontakt<\/strong><\/p>\n\n\n\n<div class=\"wp-block-group is-layout-constrained wp-block-group-is-layout-constrained\">\n<div class=\"wp-block-group is-vertical is-layout-flex wp-container-core-group-is-layout-8cad6afd wp-block-group-is-layout-flex\">\n<p>Luisa Kreuzheck<\/p>\n\n\n\n<p>Tel: 0561 \/ 78 43 7 &#8211; 23<\/p>\n\n\n\n<p><a href=\"mailto:&#108;&#111;&#117;&#105;&#115;&#097;&#046;&#107;&#114;&#101;&#117;&#122;&#104;&#101;&#099;&#107;&#064;&#118;&#099;&#112;&#046;&#100;&#101;\">E-Mail<\/a><\/p>\n<\/div>\n<\/div>\n","protected":false},"excerpt":{"rendered":"<p>In einem gemeinsamen Treffen wird Raum geschaffen f\u00fcr die Begegnung von mittelbar und unmittelbar Betroffenen\/Erfahrenen von sexualisierter Gewalt im Pfadfinder*innenkontext. Au\u00dferdem soll es einen Input\/Diskussion zu Themen wie z.B. Gedenken, Erfahrungsaustausch, Konflikte unter Betroffenen oder auch dem poltitischen Prozessrahmen geben. Geleitet wird der Austausch durch eine externe und unabh\u00e4ngige Moderation von immedio. R\u00fcck(-Fragen)?! Bei R\u00fcckfragen, [&hellip;]<\/p>\n","protected":false},"author":88,"featured_media":37803,"comment_status":"closed","ping_status":"open","sticky":false,"template":"","format":"standard","meta":{"_acf_changed":false,"inline_featured_image":false,"footnotes":""},"categories":[520],"tags":[],"class_list":["post-37793","post","type-post","status-publish","format-standard","has-post-thumbnail","hentry","category-aufarbeitung"],"acf":[],"_links":{"self":[{"href":"https:\/\/vcp.de\/pfadfinden\/wp-json\/wp\/v2\/posts\/37793","targetHints":{"allow":["GET"]}}],"collection":[{"href":"https:\/\/vcp.de\/pfadfinden\/wp-json\/wp\/v2\/posts"}],"about":[{"href":"https:\/\/vcp.de\/pfadfinden\/wp-json\/wp\/v2\/types\/post"}],"author":[{"embeddable":true,"href":"https:\/\/vcp.de\/pfadfinden\/wp-json\/wp\/v2\/users\/88"}],"replies":[{"embeddable":true,"href":"https:\/\/vcp.de\/pfadfinden\/wp-json\/wp\/v2\/comments?post=37793"}],"version-history":[{"count":4,"href":"https:\/\/vcp.de\/pfadfinden\/wp-json\/wp\/v2\/posts\/37793\/revisions"}],"predecessor-version":[{"id":37807,"href":"https:\/\/vcp.de\/pfadfinden\/wp-json\/wp\/v2\/posts\/37793\/revisions\/37807"}],"wp:featuredmedia":[{"embeddable":true,"href":"https:\/\/vcp.de\/pfadfinden\/wp-json\/wp\/v2\/media\/37803"}],"wp:attachment":[{"href":"https:\/\/vcp.de\/pfadfinden\/wp-json\/wp\/v2\/media?parent=37793"}],"wp:term":[{"taxonomy":"category","embeddable":true,"href":"https:\/\/vcp.de\/pfadfinden\/wp-json\/wp\/v2\/categories?post=37793"},{"taxonomy":"post_tag","embeddable":true,"href":"https:\/\/vcp.de\/pfadfinden\/wp-json\/wp\/v2\/tags?post=37793"}],"curies":[{"name":"wp","href":"https:\/\/api.w.org\/{rel}","templated":true}]}}