{"id":37753,"date":"2024-12-11T11:24:27","date_gmt":"2024-12-11T10:24:27","guid":{"rendered":"https:\/\/www.vcp.de\/pfadfinden\/?p=37753"},"modified":"2024-12-11T11:38:20","modified_gmt":"2024-12-11T10:38:20","slug":"abholstation-fuer-das-friedenslicht-bei-den-pfadfinderinnen-in-kassel","status":"publish","type":"post","link":"https:\/\/vcp.de\/pfadfinden\/friedenslicht\/abholstation-fuer-das-friedenslicht-bei-den-pfadfinderinnen-in-kassel\/","title":{"rendered":"Abholstation f\u00fcr das Friedenslicht bei den Pfadfinder*innen in Kassel"},"content":{"rendered":"\n<p>Das Friedenslicht ist Zeichen f\u00fcr Freundschaft, Gemeinschaft und Verst\u00e4ndigung aller V\u00f6lker. Dies ist gerade auch an den Orten wichtig, wo Jesus einst lebte und lehrte. Mit dem Entz\u00fcnden und Weitergeben des Friedenslichtes erinnern wir uns an die weihnachtliche Botschaft und an unseren Auftrag, den Frieden unter den Menschen zu verwirklichen. Nat\u00fcrlich ist das Friedenslicht kein magisches Zeichen, das den Frieden herbeizaubern kann.<\/p>\n\n\n\n<p>\u201eVielfalt leben, Zukunft gestalten\u201c<em> \u2013 <\/em>das diesj\u00e4hrige Motto wurde aufgrund der Kriege im Nahen Osten und in der Ukraine ausgew\u00e4hlt. Die Auswirkungen sind auch in Deutschland zu sp\u00fcren. Das Friedenslicht steht f\u00fcr ein friedliches Miteinander verschiedener Religionen und Kulturen<em>.<\/em> Schlie\u00dflich wird das Licht jedes Jahr in Bethlehem im Westjordanland entz\u00fcndet. Als Pfadfinder*innen sind wir eine gro\u00dfe Friedensbewegung, die f\u00fcr eine friedliche Welt einstehen und Menschen Hoffnung schenken wollen. Diese Botschaft schicken wir auch an das politische Berlin und <\/p>\n\n\n\n<p>Seit der Corona-Pandemie bietet der Verband Christlicher Pfadfinderinnen und Pfadfinder (VCP) e.V. eine Abholstation f\u00fcr das Friedenslicht an. Die Abholstation ist rund um die Uhr ge\u00f6ffnet.<\/p>\n\n\n\n<p><strong>Vom 15. bis 23. Dezember brennt die Friedenslicht-Kerze in der Abholstation in der Bundeszentrale, Wichernweg 3 in Wehlheiden.<\/strong><\/p>\n\n\n\n<p>Ein eigenes Windlicht muss mitgebracht werden und kann vor Ort am Friedenslicht entz\u00fcndet werden.<\/p>\n","protected":false},"excerpt":{"rendered":"<p>Das Friedenslicht ist Zeichen f\u00fcr Freundschaft, Gemeinschaft und Verst\u00e4ndigung aller V\u00f6lker. Dies ist gerade auch an den Orten wichtig, wo Jesus einst lebte und lehrte. Mit dem Entz\u00fcnden und Weitergeben des Friedenslichtes erinnern wir uns an die weihnachtliche Botschaft und an unseren Auftrag, den Frieden unter den Menschen zu verwirklichen. Nat\u00fcrlich ist das Friedenslicht kein [&hellip;]<\/p>\n","protected":false},"author":88,"featured_media":33019,"comment_status":"closed","ping_status":"open","sticky":false,"template":"","format":"standard","meta":{"_acf_changed":false,"inline_featured_image":false,"footnotes":""},"categories":[94],"tags":[],"class_list":["post-37753","post","type-post","status-publish","format-standard","has-post-thumbnail","hentry","category-friedenslicht"],"acf":[],"_links":{"self":[{"href":"https:\/\/vcp.de\/pfadfinden\/wp-json\/wp\/v2\/posts\/37753","targetHints":{"allow":["GET"]}}],"collection":[{"href":"https:\/\/vcp.de\/pfadfinden\/wp-json\/wp\/v2\/posts"}],"about":[{"href":"https:\/\/vcp.de\/pfadfinden\/wp-json\/wp\/v2\/types\/post"}],"author":[{"embeddable":true,"href":"https:\/\/vcp.de\/pfadfinden\/wp-json\/wp\/v2\/users\/88"}],"replies":[{"embeddable":true,"href":"https:\/\/vcp.de\/pfadfinden\/wp-json\/wp\/v2\/comments?post=37753"}],"version-history":[{"count":3,"href":"https:\/\/vcp.de\/pfadfinden\/wp-json\/wp\/v2\/posts\/37753\/revisions"}],"predecessor-version":[{"id":37761,"href":"https:\/\/vcp.de\/pfadfinden\/wp-json\/wp\/v2\/posts\/37753\/revisions\/37761"}],"wp:featuredmedia":[{"embeddable":true,"href":"https:\/\/vcp.de\/pfadfinden\/wp-json\/wp\/v2\/media\/33019"}],"wp:attachment":[{"href":"https:\/\/vcp.de\/pfadfinden\/wp-json\/wp\/v2\/media?parent=37753"}],"wp:term":[{"taxonomy":"category","embeddable":true,"href":"https:\/\/vcp.de\/pfadfinden\/wp-json\/wp\/v2\/categories?post=37753"},{"taxonomy":"post_tag","embeddable":true,"href":"https:\/\/vcp.de\/pfadfinden\/wp-json\/wp\/v2\/tags?post=37753"}],"curies":[{"name":"wp","href":"https:\/\/api.w.org\/{rel}","templated":true}]}}